{"id":8573,"date":"2024-01-26T13:43:02","date_gmt":"2024-01-26T12:43:02","guid":{"rendered":"https:\/\/agora.xtec.cat\/escolapacocandel\/?p=8573"},"modified":"2024-01-26T13:43:02","modified_gmt":"2024-01-26T12:43:02","slug":"projecte-de-la-radio","status":"publish","type":"post","link":"https:\/\/agora.xtec.cat\/escolapacocandel\/comunitat-de-grans\/projecte-de-la-radio\/","title":{"rendered":"Projecte de la r\u00e0dio"},"content":{"rendered":"<p><a href=\"https:\/\/agora.xtec.cat\/escolapacocandel\/wp-content\/uploads\/usu332\/2023\/02\/1.jpg\"><img loading=\"lazy\" decoding=\"async\" class=\"size-medium wp-image-7308 aligncenter\" src=\"https:\/\/agora.xtec.cat\/escolapacocandel\/wp-content\/uploads\/usu332\/2023\/02\/1-300x113.jpg\" alt=\"\" width=\"300\" height=\"113\" srcset=\"https:\/\/agora.xtec.cat\/escolapacocandel\/wp-content\/uploads\/usu332\/2023\/02\/1-300x113.jpg 300w, https:\/\/agora.xtec.cat\/escolapacocandel\/wp-content\/uploads\/usu332\/2023\/02\/1.jpg 736w\" sizes=\"auto, (max-width: 300px) 100vw, 300px\" \/><\/a><\/p>\n<p>El projecte de la r\u00e0dio que els infants de la comunitat de grans han fet aquest any ja ha arribat a la fi. Han estat uns mesos de descoberta dels diferents elements i materials que s&#8217;han d&#8217;utilitzar per fer un programa de r\u00e0dio, preparaci\u00f3 per equips i elaboraci\u00f3 de guions de r\u00e0dio decidint la tem\u00e0tica.<\/p>\n<p>Els infants de 4t han fet una tem\u00e0tica lliure dins dels seus p\u00f2dcasts i els infants de 5\u00e8 i 6\u00e8 han aprofitat el projecte del nom de la classe, per escollir seccions del programa relacionades amb ell i incloure aquesta activitat com a producte final.<a href=\"https:\/\/agora.xtec.cat\/escolapacocandel\/wp-content\/uploads\/usu332\/2023\/02\/6.jpg\"><img loading=\"lazy\" decoding=\"async\" class=\"alignright wp-image-7313 size-medium\" src=\"https:\/\/agora.xtec.cat\/escolapacocandel\/wp-content\/uploads\/usu332\/2023\/02\/6-300x201.jpg\" alt=\"\" width=\"300\" height=\"201\" srcset=\"https:\/\/agora.xtec.cat\/escolapacocandel\/wp-content\/uploads\/usu332\/2023\/02\/6-300x201.jpg 300w, https:\/\/agora.xtec.cat\/escolapacocandel\/wp-content\/uploads\/usu332\/2023\/02\/6-768x514.jpg 768w, https:\/\/agora.xtec.cat\/escolapacocandel\/wp-content\/uploads\/usu332\/2023\/02\/6.jpg 836w\" sizes=\"auto, (max-width: 300px) 100vw, 300px\" \/><\/a><\/p>\n<p>&nbsp;<\/p>\n<p>Aqu\u00ed teniu els enlla\u00e7os a les carpetes per gaudir de tota la feina feta dels vostres fills i filles:<\/p>\n<blockquote class=\"wp-embedded-content\" data-secret=\"8UnfiOkZ2m\"><p><a href=\"https:\/\/agora.xtec.cat\/escolapacocandel\/fotos-privat\/podcast-de-la-radio\/\">Protegit: Podcast de la r\u00e0dio<\/a><\/p><\/blockquote>\n<p><iframe loading=\"lazy\" class=\"wp-embedded-content\" sandbox=\"allow-scripts\" security=\"restricted\" style=\"position: absolute; clip: rect(1px, 1px, 1px, 1px);\" title=\"&#8220;Protegit: Podcast de la r\u00e0dio&#8221; &#8212; Escola Paco Candel\" src=\"https:\/\/agora.xtec.cat\/escolapacocandel\/fotos-privat\/podcast-de-la-radio\/embed\/#?secret=DHk3QbpxPz#?secret=8UnfiOkZ2m\" data-secret=\"8UnfiOkZ2m\" width=\"500\" height=\"282\" frameborder=\"0\" marginwidth=\"0\" marginheight=\"0\" scrolling=\"no\"><\/iframe><\/p>\n","protected":false},"excerpt":{"rendered":"<p><a href=\"https:\/\/agora.xtec.cat\/escolapacocandel\/wp-content\/uploads\/usu332\/2023\/02\/1.jpg\"><\/a><br \/>\nEl projecte de la r\u00e0dio que els infants de la comunitat de grans han fet aquest any ja ha arribat a la fi. Han estat uns mesos de descoberta dels diferents elements i materials que s&#8217;han d&#8217;utilitzar per fer un programa de r\u00e0dio, preparaci\u00f3&hellip;  <a href=\"https:\/\/agora.xtec.cat\/escolapacocandel\/comunitat-de-grans\/projecte-de-la-radio\/\" title=\"Read Projecte de la r\u00e0dio\">Llegeix m\u00e9s\u00bb<\/a><\/p>\n","protected":false},"author":20,"featured_media":7311,"comment_status":"open","ping_status":"closed","sticky":false,"template":"","format":"standard","meta":{"_bbp_topic_count":0,"_bbp_reply_count":0,"_bbp_total_topic_count":0,"_bbp_total_reply_count":0,"_bbp_voice_count":0,"_bbp_anonymous_reply_count":0,"_bbp_topic_count_hidden":0,"_bbp_reply_count_hidden":0,"_bbp_forum_subforum_count":0,"footnotes":""},"categories":[144,129,143,146],"tags":[],"class_list":["post-8573","post","type-post","status-publish","format-standard","has-post-thumbnail","hentry","category-5e","category-comunitat-de-grans","category-4t","category-6e"],"post_mailing_queue_ids":[],"_links":{"self":[{"href":"https:\/\/agora.xtec.cat\/escolapacocandel\/wp-json\/wp\/v2\/posts\/8573","targetHints":{"allow":["GET"]}}],"collection":[{"href":"https:\/\/agora.xtec.cat\/escolapacocandel\/wp-json\/wp\/v2\/posts"}],"about":[{"href":"https:\/\/agora.xtec.cat\/escolapacocandel\/wp-json\/wp\/v2\/types\/post"}],"author":[{"embeddable":true,"href":"https:\/\/agora.xtec.cat\/escolapacocandel\/wp-json\/wp\/v2\/users\/20"}],"replies":[{"embeddable":true,"href":"https:\/\/agora.xtec.cat\/escolapacocandel\/wp-json\/wp\/v2\/comments?post=8573"}],"version-history":[{"count":3,"href":"https:\/\/agora.xtec.cat\/escolapacocandel\/wp-json\/wp\/v2\/posts\/8573\/revisions"}],"predecessor-version":[{"id":8576,"href":"https:\/\/agora.xtec.cat\/escolapacocandel\/wp-json\/wp\/v2\/posts\/8573\/revisions\/8576"}],"wp:featuredmedia":[{"embeddable":true,"href":"https:\/\/agora.xtec.cat\/escolapacocandel\/wp-json\/wp\/v2\/media\/7311"}],"wp:attachment":[{"href":"https:\/\/agora.xtec.cat\/escolapacocandel\/wp-json\/wp\/v2\/media?parent=8573"}],"wp:term":[{"taxonomy":"category","embeddable":true,"href":"https:\/\/agora.xtec.cat\/escolapacocandel\/wp-json\/wp\/v2\/categories?post=8573"},{"taxonomy":"post_tag","embeddable":true,"href":"https:\/\/agora.xtec.cat\/escolapacocandel\/wp-json\/wp\/v2\/tags?post=8573"}],"curies":[{"name":"wp","href":"https:\/\/api.w.org\/{rel}","templated":true}]}}