{"id":8543,"date":"2024-01-19T12:04:14","date_gmt":"2024-01-19T11:04:14","guid":{"rendered":"https:\/\/agora.xtec.cat\/escolapacocandel\/?p=8543"},"modified":"2024-01-31T17:59:34","modified_gmt":"2024-01-31T16:59:34","slug":"sortida-a-lauditori-comunitat-de-petits-i-petites","status":"publish","type":"post","link":"https:\/\/agora.xtec.cat\/escolapacocandel\/comunitat-de-petits\/sortida-a-lauditori-comunitat-de-petits-i-petites\/","title":{"rendered":"Sortida a l&#8217;Auditori Comunitat de petits i petites"},"content":{"rendered":"<p>Els infants de la Comunitat de petits i petites el passat 15 de gener van poder gaudir de l&#8217;espectacle PICA-SO a l&#8217;Auditori. Al llarg del primer trimestre han anat escoltant i familiaritzant-se amb les diferents peces musicals que el componien mitjan\u00e7ant propostes facilitades per l\u2019Auditori.<\/p>\n<p>Acrob\u00e0cies, emoci\u00f3, descoberta, m\u00fasica en directe de diferents instruments&#8230; s&#8217;han anat entrella\u00e7ant al llarg de l&#8217;espectacle, gaudint d&#8217;una gran experi\u00e8ncia musical acompanyada de projeccions i teatralitzaci\u00f3.<\/p>\n<p>En acabar, van poder gaudir dels tobogans gegants del Parc de Gl\u00f2ries on van passar una estona divertida, compartint moments amb tots els infants de la comunitat.<\/p>\n<p><a href=\"https:\/\/agora.xtec.cat\/escolapacocandel\/wp-content\/uploads\/usu332\/2024\/01\/20240115_130656-scaled.jpg\"><img loading=\"lazy\" decoding=\"async\" class=\"alignnone size-medium wp-image-8546\" src=\"https:\/\/agora.xtec.cat\/escolapacocandel\/wp-content\/uploads\/usu332\/2024\/01\/20240115_130656-300x182.jpg\" alt=\"\" width=\"300\" height=\"182\" srcset=\"https:\/\/agora.xtec.cat\/escolapacocandel\/wp-content\/uploads\/usu332\/2024\/01\/20240115_130656-300x182.jpg 300w, https:\/\/agora.xtec.cat\/escolapacocandel\/wp-content\/uploads\/usu332\/2024\/01\/20240115_130656-1024x620.jpg 1024w, https:\/\/agora.xtec.cat\/escolapacocandel\/wp-content\/uploads\/usu332\/2024\/01\/20240115_130656-768x465.jpg 768w, https:\/\/agora.xtec.cat\/escolapacocandel\/wp-content\/uploads\/usu332\/2024\/01\/20240115_130656-1536x930.jpg 1536w, https:\/\/agora.xtec.cat\/escolapacocandel\/wp-content\/uploads\/usu332\/2024\/01\/20240115_130656-2048x1240.jpg 2048w\" sizes=\"auto, (max-width: 300px) 100vw, 300px\" \/><\/a><\/p>\n<p>A continuaci\u00f3, us deixem un recull de fotografies d&#8217;aquell dia:<\/p>\n<blockquote class=\"wp-embedded-content\" data-secret=\"9xMUtvjDSp\"><p><a href=\"https:\/\/agora.xtec.cat\/escolapacocandel\/fotos-privat\/fotos-sortida-a-lauditori-comunitat-de-petits-i-petites\/\">Protegit: Fotos Sortida a l&#8217;Auditori Comunitat de petits i petites<\/a><\/p><\/blockquote>\n<p><iframe loading=\"lazy\" class=\"wp-embedded-content\" sandbox=\"allow-scripts\" security=\"restricted\" style=\"position: absolute; clip: rect(1px, 1px, 1px, 1px);\" title=\"&#8220;Protegit: Fotos Sortida a l&#8217;Auditori Comunitat de petits i petites&#8221; &#8212; Escola Paco Candel\" src=\"https:\/\/agora.xtec.cat\/escolapacocandel\/fotos-privat\/fotos-sortida-a-lauditori-comunitat-de-petits-i-petites\/embed\/#?secret=JWyHRpz1nn#?secret=9xMUtvjDSp\" data-secret=\"9xMUtvjDSp\" width=\"500\" height=\"282\" frameborder=\"0\" marginwidth=\"0\" marginheight=\"0\" scrolling=\"no\"><\/iframe><\/p>\n","protected":false},"excerpt":{"rendered":"<p>Els infants de la Comunitat de petits i petites el passat 15 de gener van poder gaudir de l&#8217;espectacle PICA-SO a l&#8217;Auditori. Al llarg del primer trimestre han anat escoltant i familiaritzant-se amb les diferents peces musicals que el componien mitjan\u00e7ant propostes facilitades per l\u2019Auditori.<br \/>\nAcrob\u00e0cies,&hellip;  <a href=\"https:\/\/agora.xtec.cat\/escolapacocandel\/comunitat-de-petits\/sortida-a-lauditori-comunitat-de-petits-i-petites\/\" title=\"Read Sortida a l&#8217;Auditori Comunitat de petits i petites\">Llegeix m\u00e9s\u00bb<\/a><\/p>\n","protected":false},"author":1,"featured_media":8544,"comment_status":"open","ping_status":"closed","sticky":false,"template":"","format":"standard","meta":{"_bbp_topic_count":0,"_bbp_reply_count":0,"_bbp_total_topic_count":0,"_bbp_total_reply_count":0,"_bbp_voice_count":0,"_bbp_anonymous_reply_count":0,"_bbp_topic_count_hidden":0,"_bbp_reply_count_hidden":0,"_bbp_forum_subforum_count":0,"footnotes":""},"categories":[182,183,196,128],"tags":[],"class_list":["post-8543","post","type-post","status-publish","format-standard","has-post-thumbnail","hentry","category-3-anys","category-4-anys","category-5-anys","category-comunitat-de-petits"],"post_mailing_queue_ids":[],"_links":{"self":[{"href":"https:\/\/agora.xtec.cat\/escolapacocandel\/wp-json\/wp\/v2\/posts\/8543","targetHints":{"allow":["GET"]}}],"collection":[{"href":"https:\/\/agora.xtec.cat\/escolapacocandel\/wp-json\/wp\/v2\/posts"}],"about":[{"href":"https:\/\/agora.xtec.cat\/escolapacocandel\/wp-json\/wp\/v2\/types\/post"}],"author":[{"embeddable":true,"href":"https:\/\/agora.xtec.cat\/escolapacocandel\/wp-json\/wp\/v2\/users\/1"}],"replies":[{"embeddable":true,"href":"https:\/\/agora.xtec.cat\/escolapacocandel\/wp-json\/wp\/v2\/comments?post=8543"}],"version-history":[{"count":4,"href":"https:\/\/agora.xtec.cat\/escolapacocandel\/wp-json\/wp\/v2\/posts\/8543\/revisions"}],"predecessor-version":[{"id":8549,"href":"https:\/\/agora.xtec.cat\/escolapacocandel\/wp-json\/wp\/v2\/posts\/8543\/revisions\/8549"}],"wp:featuredmedia":[{"embeddable":true,"href":"https:\/\/agora.xtec.cat\/escolapacocandel\/wp-json\/wp\/v2\/media\/8544"}],"wp:attachment":[{"href":"https:\/\/agora.xtec.cat\/escolapacocandel\/wp-json\/wp\/v2\/media?parent=8543"}],"wp:term":[{"taxonomy":"category","embeddable":true,"href":"https:\/\/agora.xtec.cat\/escolapacocandel\/wp-json\/wp\/v2\/categories?post=8543"},{"taxonomy":"post_tag","embeddable":true,"href":"https:\/\/agora.xtec.cat\/escolapacocandel\/wp-json\/wp\/v2\/tags?post=8543"}],"curies":[{"name":"wp","href":"https:\/\/api.w.org\/{rel}","templated":true}]}}