{"id":8534,"date":"2024-01-17T09:36:13","date_gmt":"2024-01-17T08:36:13","guid":{"rendered":"https:\/\/agora.xtec.cat\/escolapacocandel\/?p=8534"},"modified":"2024-01-17T09:41:26","modified_gmt":"2024-01-17T08:41:26","slug":"taller-improvisa-6eb","status":"publish","type":"post","link":"https:\/\/agora.xtec.cat\/escolapacocandel\/comunitat-de-grans\/taller-improvisa-6eb\/","title":{"rendered":"Taller Improvisa 6\u00e8B"},"content":{"rendered":"<p>Els nens i nenes de sis\u00e8 B han participat en un taller molt din\u00e0mic sobre la improvisaci\u00f3 a l&#8217;hora de creaci\u00f3 de m\u00fasica.<\/p>\n<p>A continuaci\u00f3 us deixem l&#8217;enlla\u00e7 per poder veure les fotos i els v\u00eddeos del taller:<\/p>\n<blockquote class=\"wp-embedded-content\" data-secret=\"9IkhtkwrGW\"><p><a href=\"https:\/\/agora.xtec.cat\/escolapacocandel\/fotos-privat\/fotos-improvisa-6eb-2\/\">Protegit: FOTOS IMPROVISA 6\u00e8B<\/a><\/p><\/blockquote>\n<p><iframe loading=\"lazy\" class=\"wp-embedded-content\" sandbox=\"allow-scripts\" security=\"restricted\" style=\"position: absolute; clip: rect(1px, 1px, 1px, 1px);\" title=\"&#8220;Protegit: FOTOS IMPROVISA 6\u00e8B&#8221; &#8212; Escola Paco Candel\" src=\"https:\/\/agora.xtec.cat\/escolapacocandel\/fotos-privat\/fotos-improvisa-6eb-2\/embed\/#?secret=OuplHXm1ou#?secret=9IkhtkwrGW\" data-secret=\"9IkhtkwrGW\" width=\"500\" height=\"282\" frameborder=\"0\" marginwidth=\"0\" marginheight=\"0\" scrolling=\"no\"><\/iframe><\/p>\n","protected":false},"excerpt":{"rendered":"<p>Els nens i nenes de sis\u00e8 B han participat en un taller molt din\u00e0mic sobre la improvisaci\u00f3 a l&#8217;hora de creaci\u00f3 de m\u00fasica.<br \/>\nA continuaci\u00f3 us deixem l&#8217;enlla\u00e7 per poder veure les fotos i els v\u00eddeos del taller:<br \/>\n<a href=\"https:\/\/agora.xtec.cat\/escolapacocandel\/fotos-privat\/fotos-improvisa-6eb-2\/\">Protegit: FOTOS IMPROVISA 6\u00e8B<\/a><\/p>\n","protected":false},"author":21,"featured_media":8535,"comment_status":"open","ping_status":"closed","sticky":false,"template":"","format":"standard","meta":{"_bbp_topic_count":0,"_bbp_reply_count":0,"_bbp_total_topic_count":0,"_bbp_total_reply_count":0,"_bbp_voice_count":0,"_bbp_anonymous_reply_count":0,"_bbp_topic_count_hidden":0,"_bbp_reply_count_hidden":0,"_bbp_forum_subforum_count":0,"footnotes":""},"categories":[129,146],"tags":[],"class_list":["post-8534","post","type-post","status-publish","format-standard","has-post-thumbnail","hentry","category-comunitat-de-grans","category-6e"],"post_mailing_queue_ids":[],"_links":{"self":[{"href":"https:\/\/agora.xtec.cat\/escolapacocandel\/wp-json\/wp\/v2\/posts\/8534","targetHints":{"allow":["GET"]}}],"collection":[{"href":"https:\/\/agora.xtec.cat\/escolapacocandel\/wp-json\/wp\/v2\/posts"}],"about":[{"href":"https:\/\/agora.xtec.cat\/escolapacocandel\/wp-json\/wp\/v2\/types\/post"}],"author":[{"embeddable":true,"href":"https:\/\/agora.xtec.cat\/escolapacocandel\/wp-json\/wp\/v2\/users\/21"}],"replies":[{"embeddable":true,"href":"https:\/\/agora.xtec.cat\/escolapacocandel\/wp-json\/wp\/v2\/comments?post=8534"}],"version-history":[{"count":2,"href":"https:\/\/agora.xtec.cat\/escolapacocandel\/wp-json\/wp\/v2\/posts\/8534\/revisions"}],"predecessor-version":[{"id":8537,"href":"https:\/\/agora.xtec.cat\/escolapacocandel\/wp-json\/wp\/v2\/posts\/8534\/revisions\/8537"}],"wp:featuredmedia":[{"embeddable":true,"href":"https:\/\/agora.xtec.cat\/escolapacocandel\/wp-json\/wp\/v2\/media\/8535"}],"wp:attachment":[{"href":"https:\/\/agora.xtec.cat\/escolapacocandel\/wp-json\/wp\/v2\/media?parent=8534"}],"wp:term":[{"taxonomy":"category","embeddable":true,"href":"https:\/\/agora.xtec.cat\/escolapacocandel\/wp-json\/wp\/v2\/categories?post=8534"},{"taxonomy":"post_tag","embeddable":true,"href":"https:\/\/agora.xtec.cat\/escolapacocandel\/wp-json\/wp\/v2\/tags?post=8534"}],"curies":[{"name":"wp","href":"https:\/\/api.w.org\/{rel}","templated":true}]}}