{"id":8503,"date":"2023-12-19T13:44:03","date_gmt":"2023-12-19T12:44:03","guid":{"rendered":"https:\/\/agora.xtec.cat\/escolapacocandel\/?p=8503"},"modified":"2024-02-26T10:29:15","modified_gmt":"2024-02-26T09:29:15","slug":"espai-creatiu-de-la-comunitat-de-petites-i-petits","status":"publish","type":"post","link":"https:\/\/agora.xtec.cat\/escolapacocandel\/portada\/espai-creatiu-de-la-comunitat-de-petites-i-petits\/","title":{"rendered":"Espai Creatiu de la Comunitat de petites i petits"},"content":{"rendered":"<p style=\"text-align: justify;\"><span style=\"font-weight: 400;\"><strong>L&#8217;espai d&#8217;art<\/strong> de l\u2019aula \u00e9s un entorn d&#8217;exploraci\u00f3 creativa. Desenvolupa habilitats visuals i fomenta l\u2019expressi\u00f3 personal i emocional. A trav\u00e9s d\u2019una gran varietat de materials, els infants exploren, proven i relacionen els coneixements previs amb all\u00f2 que volen expressar. L&#8217;objectiu \u00e9s potenciar la creativitat, imaginaci\u00f3 i representar viv\u00e8ncies i experi\u00e8ncies, fomentant aix\u00ed l\u2019autonomia dels infants.\u00a0<\/span><\/p>\n<p style=\"text-align: justify;\"><span style=\"font-weight: 400;\">Les produccions pl\u00e0stiques esdevenen una activitat fonamentalment l\u00fadica en qu\u00e8 l\u2019infant se submergeix amb totes les seves viv\u00e8ncies i emocions. El m\u00e9s important durant el proc\u00e9s art\u00edstic \u00e9s l\u2019expressi\u00f3 lliure i no la creaci\u00f3 de grans obres mestres. Per als m\u00e9s petits i petites no hi ha c\u00e0nons, ni idees preconcebudes.<\/span><\/p>\n<p><a href=\"https:\/\/agora.xtec.cat\/escolapacocandel\/wp-content\/uploads\/usu332\/2023\/12\/fangg.jpg\"><img loading=\"lazy\" decoding=\"async\" class=\"alignnone wp-image-8506\" src=\"https:\/\/agora.xtec.cat\/escolapacocandel\/wp-content\/uploads\/usu332\/2023\/12\/fangg-1024x659.jpg\" alt=\"\" width=\"338\" height=\"217\" srcset=\"https:\/\/agora.xtec.cat\/escolapacocandel\/wp-content\/uploads\/usu332\/2023\/12\/fangg-1024x659.jpg 1024w, https:\/\/agora.xtec.cat\/escolapacocandel\/wp-content\/uploads\/usu332\/2023\/12\/fangg-300x193.jpg 300w, https:\/\/agora.xtec.cat\/escolapacocandel\/wp-content\/uploads\/usu332\/2023\/12\/fangg-768x495.jpg 768w, https:\/\/agora.xtec.cat\/escolapacocandel\/wp-content\/uploads\/usu332\/2023\/12\/fangg.jpg 1098w\" sizes=\"auto, (max-width: 338px) 100vw, 338px\" \/> \u00a0 \u00a0 \u00a0 \u00a0 \u00a0<\/a><a href=\"https:\/\/agora.xtec.cat\/escolapacocandel\/wp-content\/uploads\/usu332\/2023\/12\/aquarella.jpg\"><img loading=\"lazy\" decoding=\"async\" class=\"wp-image-8507 alignnone\" src=\"https:\/\/agora.xtec.cat\/escolapacocandel\/wp-content\/uploads\/usu332\/2023\/12\/aquarella.jpg\" alt=\"\" width=\"302\" height=\"251\" srcset=\"https:\/\/agora.xtec.cat\/escolapacocandel\/wp-content\/uploads\/usu332\/2023\/12\/aquarella.jpg 1024w, https:\/\/agora.xtec.cat\/escolapacocandel\/wp-content\/uploads\/usu332\/2023\/12\/aquarella-300x250.jpg 300w, https:\/\/agora.xtec.cat\/escolapacocandel\/wp-content\/uploads\/usu332\/2023\/12\/aquarella-768x637.jpg 768w\" sizes=\"auto, (max-width: 302px) 100vw, 302px\" \/><\/a><\/p>\n<p style=\"text-align: justify;\"><span style=\"font-weight: 400;\">Els nens i les nenes observen la realitat, imaginen, associen, donen significat i tot aix\u00f2 es converteix en imatges mentals que m\u00e9s tard ajudaran a elaborar les produccions gr\u00e0fiques. En aquest espai es dona import\u00e0ncia tant al resultat obtingut com al proc\u00e9s.<\/span><\/p>\n<p style=\"text-align: justify;\"><span style=\"font-weight: 400;\">Els infants fan creacions art\u00edstiques amb motivacions diverses. Sovint els fan per jugar, explorar nous materials i gaudir-ne d\u2019aquests. Altres vegades els ajuden a satisfer necessitats espec\u00edfiques d\u2019expressar-se i comunicar-se amb l\u2019entorn.<\/span><\/p>\n<p><a href=\"https:\/\/agora.xtec.cat\/escolapacocandel\/wp-content\/uploads\/usu332\/2023\/12\/recortada.png\"><img loading=\"lazy\" decoding=\"async\" class=\"alignnone size-full wp-image-8504\" src=\"https:\/\/agora.xtec.cat\/escolapacocandel\/wp-content\/uploads\/usu332\/2023\/12\/recortada.png\" alt=\"\" width=\"967\" height=\"696\" srcset=\"https:\/\/agora.xtec.cat\/escolapacocandel\/wp-content\/uploads\/usu332\/2023\/12\/recortada.png 967w, https:\/\/agora.xtec.cat\/escolapacocandel\/wp-content\/uploads\/usu332\/2023\/12\/recortada-300x216.png 300w, https:\/\/agora.xtec.cat\/escolapacocandel\/wp-content\/uploads\/usu332\/2023\/12\/recortada-768x553.png 768w\" sizes=\"auto, (max-width: 967px) 100vw, 967px\" \/><\/a><\/p>\n<p><a href=\"https:\/\/agora.xtec.cat\/escolapacocandel\/wp-content\/uploads\/usu332\/2023\/12\/boletes-fang.jpg\"><img loading=\"lazy\" decoding=\"async\" class=\"alignnone wp-image-8508\" src=\"https:\/\/agora.xtec.cat\/escolapacocandel\/wp-content\/uploads\/usu332\/2023\/12\/boletes-fang-1024x573.jpg\" alt=\"\" width=\"357\" height=\"200\" srcset=\"https:\/\/agora.xtec.cat\/escolapacocandel\/wp-content\/uploads\/usu332\/2023\/12\/boletes-fang-1024x573.jpg 1024w, https:\/\/agora.xtec.cat\/escolapacocandel\/wp-content\/uploads\/usu332\/2023\/12\/boletes-fang-300x168.jpg 300w, https:\/\/agora.xtec.cat\/escolapacocandel\/wp-content\/uploads\/usu332\/2023\/12\/boletes-fang-768x430.jpg 768w, https:\/\/agora.xtec.cat\/escolapacocandel\/wp-content\/uploads\/usu332\/2023\/12\/boletes-fang.jpg 1153w\" sizes=\"auto, (max-width: 357px) 100vw, 357px\" \/> \u00a0 <\/a><a href=\"https:\/\/agora.xtec.cat\/escolapacocandel\/wp-content\/uploads\/usu332\/2023\/12\/recorrrrteeee.jpg\"><img loading=\"lazy\" decoding=\"async\" class=\"wp-image-8509 alignnone\" src=\"https:\/\/agora.xtec.cat\/escolapacocandel\/wp-content\/uploads\/usu332\/2023\/12\/recorrrrteeee-1024x586.jpg\" alt=\"\" width=\"346\" height=\"198\" srcset=\"https:\/\/agora.xtec.cat\/escolapacocandel\/wp-content\/uploads\/usu332\/2023\/12\/recorrrrteeee-1024x586.jpg 1024w, https:\/\/agora.xtec.cat\/escolapacocandel\/wp-content\/uploads\/usu332\/2023\/12\/recorrrrteeee-300x172.jpg 300w, https:\/\/agora.xtec.cat\/escolapacocandel\/wp-content\/uploads\/usu332\/2023\/12\/recorrrrteeee-768x439.jpg 768w, https:\/\/agora.xtec.cat\/escolapacocandel\/wp-content\/uploads\/usu332\/2023\/12\/recorrrrteeee.jpg 1159w\" sizes=\"auto, (max-width: 346px) 100vw, 346px\" \/><\/a><\/p>\n<p style=\"text-align: justify;\"><span style=\"font-weight: 400;\">Els <strong>infants de 3 anys<\/strong> s\u2019apropen a les propostes art\u00edstiques des del plaer per jugar i experimentar. En un primer moment, els seus moviments s\u00f3n grans implicant tot el cos. El seu desenvolupament natural comen\u00e7a per un moviment que implica tot el bra\u00e7 des de les espatlles, que va evolucionant a un moviment m\u00e9s controlat des del colze fins a arribar a un cert domini del canell i la pin\u00e7a. Els nens i nenes repeteixen aquests moviments una vegada i una altra, sentint plaer en la repetici\u00f3 de l\u2019acci\u00f3, per interioritzar i perfeccionar el gest.\u00a0<\/span><\/p>\n<p style=\"text-align: justify;\"><span style=\"font-weight: 400;\">Cada infant es troba en el seu propi moment evolutiu i des de l\u2019espai d\u2019art es dona resposta a aquesta necessitat de moviment i d\u2019expressi\u00f3, oferint propostes obertes amb materials rics i diversos. <\/span><\/p>\n<p><a href=\"https:\/\/agora.xtec.cat\/escolapacocandel\/wp-content\/uploads\/usu332\/2023\/12\/IMG_8368-rotated.jpg\"><img loading=\"lazy\" decoding=\"async\" class=\"alignnone wp-image-8510\" src=\"https:\/\/agora.xtec.cat\/escolapacocandel\/wp-content\/uploads\/usu332\/2023\/12\/IMG_8368-rotated.jpg\" alt=\"\" width=\"250\" height=\"334\" srcset=\"https:\/\/agora.xtec.cat\/escolapacocandel\/wp-content\/uploads\/usu332\/2023\/12\/IMG_8368-rotated.jpg 480w, https:\/\/agora.xtec.cat\/escolapacocandel\/wp-content\/uploads\/usu332\/2023\/12\/IMG_8368-225x300.jpg 225w\" sizes=\"auto, (max-width: 250px) 100vw, 250px\" \/> \u00a0 \u00a0 \u00a0 \u00a0<\/a><a href=\"https:\/\/agora.xtec.cat\/escolapacocandel\/wp-content\/uploads\/usu332\/2023\/12\/recorte-tijeras.jpg\"><img loading=\"lazy\" decoding=\"async\" class=\"wp-image-8511 alignnone\" src=\"https:\/\/agora.xtec.cat\/escolapacocandel\/wp-content\/uploads\/usu332\/2023\/12\/recorte-tijeras-1024x726.jpg\" alt=\"\" width=\"396\" height=\"281\" srcset=\"https:\/\/agora.xtec.cat\/escolapacocandel\/wp-content\/uploads\/usu332\/2023\/12\/recorte-tijeras-1024x726.jpg 1024w, https:\/\/agora.xtec.cat\/escolapacocandel\/wp-content\/uploads\/usu332\/2023\/12\/recorte-tijeras-300x213.jpg 300w, https:\/\/agora.xtec.cat\/escolapacocandel\/wp-content\/uploads\/usu332\/2023\/12\/recorte-tijeras-768x544.jpg 768w, https:\/\/agora.xtec.cat\/escolapacocandel\/wp-content\/uploads\/usu332\/2023\/12\/recorte-tijeras.jpg 1154w\" sizes=\"auto, (max-width: 396px) 100vw, 396px\" \/><\/a><\/p>\n<p style=\"text-align: justify;\"><span style=\"font-weight: 400;\">A partir dels<strong> 4 anys<\/strong>, els infants adquireixen la capacitat de diferenciar formes, colors, textures i s\u00edmbols. Gr\u00e0cies a aix\u00f2, \u00e9s possible introduir noves t\u00e8cniques, eines i materials per poder exercitar i progressar en l\u2019habilitat manual i la motricitat fina. Hi ha un gran progr\u00e9s en la seva coordinaci\u00f3 i esquema corporal, i aix\u00f2 permet introduir el concepte d\u2019espai. <\/span><span style=\"font-weight: 400;\">Mitjan\u00e7ant els dibuixos les nenes i els nens comencen a representar l\u2019entorn que els envolta de manera cada cop m\u00e9s detallada, dominant aix\u00ed la t\u00e8cnica del dibuix natural i del dibuix de mem\u00f2ria.<\/span><\/p>\n<p><a href=\"https:\/\/agora.xtec.cat\/escolapacocandel\/wp-content\/uploads\/usu332\/2023\/12\/nous-recortada.jpg\"><img loading=\"lazy\" decoding=\"async\" class=\"alignnone wp-image-8513\" src=\"https:\/\/agora.xtec.cat\/escolapacocandel\/wp-content\/uploads\/usu332\/2023\/12\/nous-recortada-1024x606.jpg\" alt=\"\" width=\"320\" height=\"189\" srcset=\"https:\/\/agora.xtec.cat\/escolapacocandel\/wp-content\/uploads\/usu332\/2023\/12\/nous-recortada-1024x606.jpg 1024w, https:\/\/agora.xtec.cat\/escolapacocandel\/wp-content\/uploads\/usu332\/2023\/12\/nous-recortada-300x178.jpg 300w, https:\/\/agora.xtec.cat\/escolapacocandel\/wp-content\/uploads\/usu332\/2023\/12\/nous-recortada-768x455.jpg 768w, https:\/\/agora.xtec.cat\/escolapacocandel\/wp-content\/uploads\/usu332\/2023\/12\/nous-recortada.jpg 1118w\" sizes=\"auto, (max-width: 320px) 100vw, 320px\" \/> \u00a0 \u00a0 \u00a0 \u00a0 \u00a0 \u00a0 <\/a><a href=\"https:\/\/agora.xtec.cat\/escolapacocandel\/wp-content\/uploads\/usu332\/2023\/12\/detalls-recorte.jpg\"><img loading=\"lazy\" decoding=\"async\" class=\"alignnone wp-image-8514\" src=\"https:\/\/agora.xtec.cat\/escolapacocandel\/wp-content\/uploads\/usu332\/2023\/12\/detalls-recorte.jpg\" alt=\"\" width=\"260\" height=\"200\" srcset=\"https:\/\/agora.xtec.cat\/escolapacocandel\/wp-content\/uploads\/usu332\/2023\/12\/detalls-recorte.jpg 648w, https:\/\/agora.xtec.cat\/escolapacocandel\/wp-content\/uploads\/usu332\/2023\/12\/detalls-recorte-300x231.jpg 300w\" sizes=\"auto, (max-width: 260px) 100vw, 260px\" \/><\/a><\/p>\n<p><span style=\"font-weight: 400;\">Els <strong>infants de 5 anys<\/strong> ja mostren una intencionalitat en la seva acci\u00f3 art\u00edstica. A m\u00e9s a m\u00e9s de la part l\u00fadica que els proporcionen les creacions art\u00edstiques, utilitzen l\u2019art com a forma d\u2019expressi\u00f3: emocional, de les seves viv\u00e8ncies i experi\u00e8ncies. En aquesta etapa ja tenen un millor domini del tra\u00e7, fet que possibilita l\u2019ampliaci\u00f3 de les t\u00e8cniques pl\u00e0stiques i el llenguatge escrit s\u2019obre pas i comen\u00e7a a apar\u00e8ixer en les seves produccions.<\/span><\/p>\n<p><a href=\"https:\/\/agora.xtec.cat\/escolapacocandel\/wp-content\/uploads\/usu332\/2023\/12\/fulla-recorte.jpg\"><img loading=\"lazy\" decoding=\"async\" class=\"wp-image-8515 alignnone\" src=\"https:\/\/agora.xtec.cat\/escolapacocandel\/wp-content\/uploads\/usu332\/2023\/12\/fulla-recorte.jpg\" alt=\"\" width=\"207\" height=\"259\" srcset=\"https:\/\/agora.xtec.cat\/escolapacocandel\/wp-content\/uploads\/usu332\/2023\/12\/fulla-recorte.jpg 653w, https:\/\/agora.xtec.cat\/escolapacocandel\/wp-content\/uploads\/usu332\/2023\/12\/fulla-recorte-239x300.jpg 239w\" sizes=\"auto, (max-width: 207px) 100vw, 207px\" \/><\/a><\/p>\n<p><i>\u201c El arte ayuda a buscar y compartir un lenguaje personal diferente, a creer en s\u00ed mismo y a ser art\u00edfice de su propio deseo de crear.\u201d\u00a0<\/i>Alicia Gorospe<\/p>\n<p>&nbsp;<\/p>\n","protected":false},"excerpt":{"rendered":"<p>L&#8217;espai d&#8217;art de l\u2019aula \u00e9s un entorn d&#8217;exploraci\u00f3 creativa. Desenvolupa habilitats visuals i fomenta l\u2019expressi\u00f3 personal i emocional. A trav\u00e9s d\u2019una gran varietat de materials, els infants exploren, proven i relacionen els coneixements previs amb all\u00f2 que volen expressar. L&#8217;objectiu \u00e9s potenciar la creativitat, imaginaci\u00f3&hellip;  <a href=\"https:\/\/agora.xtec.cat\/escolapacocandel\/portada\/espai-creatiu-de-la-comunitat-de-petites-i-petits\/\" title=\"Read Espai Creatiu de la Comunitat de petites i petits\">Llegeix m\u00e9s\u00bb<\/a><\/p>\n","protected":false},"author":1,"featured_media":8505,"comment_status":"open","ping_status":"closed","sticky":false,"template":"","format":"standard","meta":{"_bbp_topic_count":0,"_bbp_reply_count":0,"_bbp_total_topic_count":0,"_bbp_total_reply_count":0,"_bbp_voice_count":0,"_bbp_anonymous_reply_count":0,"_bbp_topic_count_hidden":0,"_bbp_reply_count_hidden":0,"_bbp_forum_subforum_count":0,"footnotes":""},"categories":[182,183,196,128,4],"tags":[],"class_list":["post-8503","post","type-post","status-publish","format-standard","has-post-thumbnail","hentry","category-3-anys","category-4-anys","category-5-anys","category-comunitat-de-petits","category-portada"],"post_mailing_queue_ids":[],"_links":{"self":[{"href":"https:\/\/agora.xtec.cat\/escolapacocandel\/wp-json\/wp\/v2\/posts\/8503","targetHints":{"allow":["GET"]}}],"collection":[{"href":"https:\/\/agora.xtec.cat\/escolapacocandel\/wp-json\/wp\/v2\/posts"}],"about":[{"href":"https:\/\/agora.xtec.cat\/escolapacocandel\/wp-json\/wp\/v2\/types\/post"}],"author":[{"embeddable":true,"href":"https:\/\/agora.xtec.cat\/escolapacocandel\/wp-json\/wp\/v2\/users\/1"}],"replies":[{"embeddable":true,"href":"https:\/\/agora.xtec.cat\/escolapacocandel\/wp-json\/wp\/v2\/comments?post=8503"}],"version-history":[{"count":4,"href":"https:\/\/agora.xtec.cat\/escolapacocandel\/wp-json\/wp\/v2\/posts\/8503\/revisions"}],"predecessor-version":[{"id":8817,"href":"https:\/\/agora.xtec.cat\/escolapacocandel\/wp-json\/wp\/v2\/posts\/8503\/revisions\/8817"}],"wp:featuredmedia":[{"embeddable":true,"href":"https:\/\/agora.xtec.cat\/escolapacocandel\/wp-json\/wp\/v2\/media\/8505"}],"wp:attachment":[{"href":"https:\/\/agora.xtec.cat\/escolapacocandel\/wp-json\/wp\/v2\/media?parent=8503"}],"wp:term":[{"taxonomy":"category","embeddable":true,"href":"https:\/\/agora.xtec.cat\/escolapacocandel\/wp-json\/wp\/v2\/categories?post=8503"},{"taxonomy":"post_tag","embeddable":true,"href":"https:\/\/agora.xtec.cat\/escolapacocandel\/wp-json\/wp\/v2\/tags?post=8503"}],"curies":[{"name":"wp","href":"https:\/\/api.w.org\/{rel}","templated":true}]}}