{"id":8494,"date":"2023-12-19T11:27:44","date_gmt":"2023-12-19T10:27:44","guid":{"rendered":"https:\/\/agora.xtec.cat\/escolapacocandel\/?p=8494"},"modified":"2023-12-19T11:44:46","modified_gmt":"2023-12-19T10:44:46","slug":"1r-trimestre-educacio-fisica-3r","status":"publish","type":"post","link":"https:\/\/agora.xtec.cat\/escolapacocandel\/comunitat-de-mitjans\/1r-trimestre-educacio-fisica-3r\/","title":{"rendered":"1r trimestre Educaci\u00f3 f\u00edsica 3r"},"content":{"rendered":"<p>Aquest trimestre les sessions s\u2019han iniciat amb jocs d\u2019activaci\u00f3, despr\u00e9s han aprofundit i evolucionat en algunes habilitats i capacitats m\u00e9s complexes (equilibri, despla\u00e7aments, salts, girs i control objectes) per estacions i la part final sempre han acabat tornant a la calma amb activitats tranquil\u00b7les. On ens hem anat conscienciant de quines habilitats tenim i quines cal treballar. A m\u00e9s d&#8217;establir relacions entre el sistema cardiorespiratori i la intensitat de l\u2019activitat, observant difer\u00e8ncies en moments d\u2019activaci\u00f3 i en moments de relaxaci\u00f3.<\/p>\n<p>A continuaci\u00f3 teniu un petit recull de fotos d\u2019aquest trimestre.<\/p>\n<blockquote class=\"wp-embedded-content\" data-secret=\"qNgjl3UkHh\"><p><a href=\"https:\/\/agora.xtec.cat\/escolapacocandel\/fotos-privat\/fotos-3r\/\">Protegit: Fotos 3r EF<\/a><\/p><\/blockquote>\n<p><iframe loading=\"lazy\" class=\"wp-embedded-content\" sandbox=\"allow-scripts\" security=\"restricted\" style=\"position: absolute; clip: rect(1px, 1px, 1px, 1px);\" title=\"&#8220;Protegit: Fotos 3r EF&#8221; &#8212; Escola Paco Candel\" src=\"https:\/\/agora.xtec.cat\/escolapacocandel\/fotos-privat\/fotos-3r\/embed\/#?secret=KtdvrV2iU7#?secret=qNgjl3UkHh\" data-secret=\"qNgjl3UkHh\" width=\"500\" height=\"282\" frameborder=\"0\" marginwidth=\"0\" marginheight=\"0\" scrolling=\"no\"><\/iframe><\/p>\n<p>Bones festes!!<\/p>\n","protected":false},"excerpt":{"rendered":"<p>Aquest trimestre les sessions s\u2019han iniciat amb jocs d\u2019activaci\u00f3, despr\u00e9s han aprofundit i evolucionat en algunes habilitats i capacitats m\u00e9s complexes (equilibri, despla\u00e7aments, salts, girs i control objectes) per estacions i la part final sempre han acabat tornant a la calma amb activitats tranquil\u00b7les. On&hellip;  <a href=\"https:\/\/agora.xtec.cat\/escolapacocandel\/comunitat-de-mitjans\/1r-trimestre-educacio-fisica-3r\/\" title=\"Read 1r trimestre Educaci\u00f3 f\u00edsica 3r\">Llegeix m\u00e9s\u00bb<\/a><\/p>\n","protected":false},"author":25,"featured_media":8498,"comment_status":"open","ping_status":"closed","sticky":false,"template":"","format":"standard","meta":{"_bbp_topic_count":0,"_bbp_reply_count":0,"_bbp_total_topic_count":0,"_bbp_total_reply_count":0,"_bbp_voice_count":0,"_bbp_anonymous_reply_count":0,"_bbp_topic_count_hidden":0,"_bbp_reply_count_hidden":0,"_bbp_forum_subforum_count":0,"footnotes":""},"categories":[127,141],"tags":[],"class_list":["post-8494","post","type-post","status-publish","format-standard","has-post-thumbnail","hentry","category-comunitat-de-mitjans","category-3r"],"post_mailing_queue_ids":[],"_links":{"self":[{"href":"https:\/\/agora.xtec.cat\/escolapacocandel\/wp-json\/wp\/v2\/posts\/8494","targetHints":{"allow":["GET"]}}],"collection":[{"href":"https:\/\/agora.xtec.cat\/escolapacocandel\/wp-json\/wp\/v2\/posts"}],"about":[{"href":"https:\/\/agora.xtec.cat\/escolapacocandel\/wp-json\/wp\/v2\/types\/post"}],"author":[{"embeddable":true,"href":"https:\/\/agora.xtec.cat\/escolapacocandel\/wp-json\/wp\/v2\/users\/25"}],"replies":[{"embeddable":true,"href":"https:\/\/agora.xtec.cat\/escolapacocandel\/wp-json\/wp\/v2\/comments?post=8494"}],"version-history":[{"count":2,"href":"https:\/\/agora.xtec.cat\/escolapacocandel\/wp-json\/wp\/v2\/posts\/8494\/revisions"}],"predecessor-version":[{"id":8496,"href":"https:\/\/agora.xtec.cat\/escolapacocandel\/wp-json\/wp\/v2\/posts\/8494\/revisions\/8496"}],"wp:featuredmedia":[{"embeddable":true,"href":"https:\/\/agora.xtec.cat\/escolapacocandel\/wp-json\/wp\/v2\/media\/8498"}],"wp:attachment":[{"href":"https:\/\/agora.xtec.cat\/escolapacocandel\/wp-json\/wp\/v2\/media?parent=8494"}],"wp:term":[{"taxonomy":"category","embeddable":true,"href":"https:\/\/agora.xtec.cat\/escolapacocandel\/wp-json\/wp\/v2\/categories?post=8494"},{"taxonomy":"post_tag","embeddable":true,"href":"https:\/\/agora.xtec.cat\/escolapacocandel\/wp-json\/wp\/v2\/tags?post=8494"}],"curies":[{"name":"wp","href":"https:\/\/api.w.org\/{rel}","templated":true}]}}