{"id":8482,"date":"2023-12-19T11:07:15","date_gmt":"2023-12-19T10:07:15","guid":{"rendered":"https:\/\/agora.xtec.cat\/escolapacocandel\/?p=8482"},"modified":"2023-12-19T11:46:20","modified_gmt":"2023-12-19T10:46:20","slug":"1r-trimestre-educacio-fisica-4t","status":"publish","type":"post","link":"https:\/\/agora.xtec.cat\/escolapacocandel\/general\/1r-trimestre-educacio-fisica-4t\/","title":{"rendered":"1r trimestre Educaci\u00f3 f\u00edsica 4t"},"content":{"rendered":"<p>Aquest trimestre ens hem iniciat amb un escalfament m\u00e9s espec\u00edfic per millorar la resist\u00e8ncia, ja que hem treballat les qualitats f\u00edsiques b\u00e0siques (for\u00e7a, velocitat, flexibilitat i resist\u00e8ncia) i la millora de certes habilitats motrius (despla\u00e7aments, girs, salts i coordinaci\u00f3 oculomanual). On ens hem anat conscienciant de quines capacitats tenim i quines cal treballar. A m\u00e9s d&#8217;establir relacions entre el sistema cardiorespiratori i la intensitat de l\u2019activitat, observant difer\u00e8ncies en moments d\u2019activaci\u00f3 i en moments de relaxaci\u00f3.<\/p>\n<p>Aqu\u00ed teniu un petit recull d\u2019imatges del trimestre.<\/p>\n<blockquote class=\"wp-embedded-content\" data-secret=\"STzRsKUr3T\"><p><a href=\"https:\/\/agora.xtec.cat\/escolapacocandel\/fotos-privat\/fotos-quart\/\">Protegit: Fotos 4t EF<\/a><\/p><\/blockquote>\n<p><iframe loading=\"lazy\" class=\"wp-embedded-content\" sandbox=\"allow-scripts\" security=\"restricted\" style=\"position: absolute; clip: rect(1px, 1px, 1px, 1px);\" title=\"&#8220;Protegit: Fotos 4t EF&#8221; &#8212; Escola Paco Candel\" src=\"https:\/\/agora.xtec.cat\/escolapacocandel\/fotos-privat\/fotos-quart\/embed\/#?secret=6kSxcK9HQT#?secret=STzRsKUr3T\" data-secret=\"STzRsKUr3T\" width=\"500\" height=\"282\" frameborder=\"0\" marginwidth=\"0\" marginheight=\"0\" scrolling=\"no\"><\/iframe><\/p>\n<p>Bones festes!!<\/p>\n","protected":false},"excerpt":{"rendered":"<p>Aquest trimestre ens hem iniciat amb un escalfament m\u00e9s espec\u00edfic per millorar la resist\u00e8ncia, ja que hem treballat les qualitats f\u00edsiques b\u00e0siques (for\u00e7a, velocitat, flexibilitat i resist\u00e8ncia) i la millora de certes habilitats motrius (despla\u00e7aments, girs, salts i coordinaci\u00f3 oculomanual). On ens hem anat conscienciant&hellip;  <a href=\"https:\/\/agora.xtec.cat\/escolapacocandel\/general\/1r-trimestre-educacio-fisica-4t\/\" title=\"Read 1r trimestre Educaci\u00f3 f\u00edsica 4t\">Llegeix m\u00e9s\u00bb<\/a><\/p>\n","protected":false},"author":25,"featured_media":8499,"comment_status":"open","ping_status":"closed","sticky":false,"template":"","format":"standard","meta":{"_bbp_topic_count":0,"_bbp_reply_count":0,"_bbp_total_topic_count":0,"_bbp_total_reply_count":0,"_bbp_voice_count":0,"_bbp_anonymous_reply_count":0,"_bbp_topic_count_hidden":0,"_bbp_reply_count_hidden":0,"_bbp_forum_subforum_count":0,"footnotes":""},"categories":[129,1,143],"tags":[],"class_list":["post-8482","post","type-post","status-publish","format-standard","has-post-thumbnail","hentry","category-comunitat-de-grans","category-general","category-4t"],"post_mailing_queue_ids":[],"_links":{"self":[{"href":"https:\/\/agora.xtec.cat\/escolapacocandel\/wp-json\/wp\/v2\/posts\/8482","targetHints":{"allow":["GET"]}}],"collection":[{"href":"https:\/\/agora.xtec.cat\/escolapacocandel\/wp-json\/wp\/v2\/posts"}],"about":[{"href":"https:\/\/agora.xtec.cat\/escolapacocandel\/wp-json\/wp\/v2\/types\/post"}],"author":[{"embeddable":true,"href":"https:\/\/agora.xtec.cat\/escolapacocandel\/wp-json\/wp\/v2\/users\/25"}],"replies":[{"embeddable":true,"href":"https:\/\/agora.xtec.cat\/escolapacocandel\/wp-json\/wp\/v2\/comments?post=8482"}],"version-history":[{"count":2,"href":"https:\/\/agora.xtec.cat\/escolapacocandel\/wp-json\/wp\/v2\/posts\/8482\/revisions"}],"predecessor-version":[{"id":8486,"href":"https:\/\/agora.xtec.cat\/escolapacocandel\/wp-json\/wp\/v2\/posts\/8482\/revisions\/8486"}],"wp:featuredmedia":[{"embeddable":true,"href":"https:\/\/agora.xtec.cat\/escolapacocandel\/wp-json\/wp\/v2\/media\/8499"}],"wp:attachment":[{"href":"https:\/\/agora.xtec.cat\/escolapacocandel\/wp-json\/wp\/v2\/media?parent=8482"}],"wp:term":[{"taxonomy":"category","embeddable":true,"href":"https:\/\/agora.xtec.cat\/escolapacocandel\/wp-json\/wp\/v2\/categories?post=8482"},{"taxonomy":"post_tag","embeddable":true,"href":"https:\/\/agora.xtec.cat\/escolapacocandel\/wp-json\/wp\/v2\/tags?post=8482"}],"curies":[{"name":"wp","href":"https:\/\/api.w.org\/{rel}","templated":true}]}}