{"id":8451,"date":"2023-12-14T11:00:46","date_gmt":"2023-12-14T10:00:46","guid":{"rendered":"https:\/\/agora.xtec.cat\/escolapacocandel\/?p=8451"},"modified":"2023-12-14T11:07:21","modified_gmt":"2023-12-14T10:07:21","slug":"projecte-5ea-esportistes-del-p-c","status":"publish","type":"post","link":"https:\/\/agora.xtec.cat\/escolapacocandel\/comunitat-de-grans\/projecte-5ea-esportistes-del-p-c\/","title":{"rendered":"Projecte 5\u00e8A Esportistes del P.C."},"content":{"rendered":"<p><span style=\"font-weight: 400;\">La classe de 5\u00e8A ha iniciat el primer trimestre escollint el nom de la classe i el primer projecte del curs. El nom de la classe \u00e9s un referent pels infants i serveix per identificar el grup en diverses situacions educatives i l\u00fadiques. Aprofitant aquesta situaci\u00f3, el grup comen\u00e7a a pensar quina proposta fer i a<a href=\"https:\/\/agora.xtec.cat\/escolapacocandel\/wp-content\/uploads\/usu332\/2023\/12\/porta.jpg\"><img loading=\"lazy\" decoding=\"async\" class=\"size-medium wp-image-8454 alignright\" src=\"https:\/\/agora.xtec.cat\/escolapacocandel\/wp-content\/uploads\/usu332\/2023\/12\/porta-134x300.jpg\" alt=\"\" width=\"134\" height=\"300\" srcset=\"https:\/\/agora.xtec.cat\/escolapacocandel\/wp-content\/uploads\/usu332\/2023\/12\/porta-134x300.jpg 134w, https:\/\/agora.xtec.cat\/escolapacocandel\/wp-content\/uploads\/usu332\/2023\/12\/porta.jpg 220w\" sizes=\"auto, (max-width: 134px) 100vw, 134px\" \/><\/a> treballar en el tema, el qual normalment neix d\u2019un inter\u00e8s com\u00fa a l\u2019hora de triar el nom de la classe. <\/span><\/p>\n<p><span style=\"font-weight: 400;\">Aquest any, com a grup ho tenien prou clar i des de l\u2019inici s\u2019escoltava amb for\u00e7a aquesta idea. En primer lloc, vam fer unes exposicions individuals, en parelles o petits grups per escoltar les propostes, fer preguntes a la resta i anar pensant quines activitats dur a terme amb aquest projecte. A m\u00e9s, destaquen objectius globals del projecte que acompanyen fins que termina com:<\/span><span style=\"font-weight: 400;\"><br \/>\n<\/span><span style=\"font-weight: 400;\">\u2013 Saber expressar l\u2019opini\u00f3 personal.<\/span><span style=\"font-weight: 400;\"><br \/>\n<\/span><span style=\"font-weight: 400;\">\u2013 Respectar les aportacions dels altres i el proc\u00e9s d\u2019elecci\u00f3 del nom.<\/span><span style=\"font-weight: 400;\"><br \/>\n<\/span><span style=\"font-weight: 400;\">\u2013 Sentir la pertinen\u00e7a a un grup. <\/span><\/p>\n<p><span style=\"font-weight: 400;\">Es parteix sempre de la iniciativa individual i lliure de cada infant per passar a la votaci\u00f3 democr\u00e0tica de tothom plegats. Una vegada tothom ha exposat la seva opini\u00f3, es va decidir el nom de la classe: <\/span><b>ESPORTISTES DEL P.C<\/b><span style=\"font-weight: 400;\">.<\/span><\/p>\n<p><span style=\"font-weight: 400;\">I arriba la pluja d\u2019idees, la qual determinar\u00e0 els aprenentatges i sabers que el grup vol treballar i com ho vol fer. Aquesta pluja d\u2019idees va ser la base des de la tasca inicial fins a arribar a la tasca final. Tamb\u00e9 \u00e9s un document viu que com a grup hem anat revisant, fen anotacions i modificant. A m\u00e9s a m\u00e9s, hem dissenyat i elaborat la nostra porta de l\u2019aula de manera col\u00b7laborativa i tothom aportant les nostres idees.<\/span><\/p>\n<p><span style=\"font-weight: 400;\">Amb aquest projecte dels esportistes, hem encabit diversos aspectes i tasques relacionades amb els esports, olimp\u00edades, paral\u00edmpics, un abecedari dels esportistes\u2026<a href=\"https:\/\/agora.xtec.cat\/escolapacocandel\/wp-content\/uploads\/usu332\/2023\/12\/cobi.jpg\"><img loading=\"lazy\" decoding=\"async\" class=\"size-medium wp-image-8453 alignright\" src=\"https:\/\/agora.xtec.cat\/escolapacocandel\/wp-content\/uploads\/usu332\/2023\/12\/cobi.jpg\" alt=\"\" width=\"242\" height=\"272\" \/><\/a><\/span><\/p>\n<p><span style=\"font-weight: 400;\">L\u2019\u00e0mbit digital ha estat molt present en el proc\u00e9s de les tasques i la gran majoria estan en suport <\/span><i><span style=\"font-weight: 400;\">Canva, <\/span><\/i><span style=\"font-weight: 400;\">gr\u00e0cies als dispositius unipersonals dels quals disposen els i les alumnes. El projecte s\u2019ha dut a terme en estones de Teixit d\u2019aula i en angl\u00e8s, amb les estones de <\/span><i><span style=\"font-weight: 400;\">Project<\/span><\/i><span style=\"font-weight: 400;\">.<\/span><\/p>\n<p><span style=\"font-weight: 400;\">Aquest projecte ha tingut molt de pres\u00e8ncia al llarg del trimestre i la seva tasca final es far\u00e0 al gener quan tornem de les vacances amb les fam\u00edlies.<\/span><\/p>\n<p><span style=\"font-weight: 400;\">La metodologia ha estat basada en el treball per projectes: qu\u00e8 en sabem?, qu\u00e8 volem saber? (amb la formulaci\u00f3 d\u2019hip\u00f2tesi\/desenvolupament del tema), i qu\u00e8 hem apr\u00e8s? Aquesta \u00faltima pregunta ser\u00e0 el tancament d\u2019aquest projecte del nom de la classe, tot i que mai se sap fins on arribaran els seus interessos i desenvolupament, ja que aquest nom de la classe ens acompanyar\u00e0 tot el curs escolar!<\/span><\/p>\n<p><span style=\"font-weight: 400;\">Us deixem les fotos de les sortides que hem fet al Museu ol\u00edmpic i dels esports i al Tast d\u2019atletisme.<\/span><\/p>\n<blockquote class=\"wp-embedded-content\" data-secret=\"sgeOjHlAgV\"><p><a href=\"https:\/\/agora.xtec.cat\/escolapacocandel\/fotos-privat\/fotos-sortides-del-projecte\/\">Protegit: FOTOS Sortides del projecte<\/a><\/p><\/blockquote>\n<p><iframe loading=\"lazy\" class=\"wp-embedded-content\" sandbox=\"allow-scripts\" security=\"restricted\" style=\"position: absolute; clip: rect(1px, 1px, 1px, 1px);\" title=\"&#8220;Protegit: FOTOS Sortides del projecte&#8221; &#8212; Escola Paco Candel\" src=\"https:\/\/agora.xtec.cat\/escolapacocandel\/fotos-privat\/fotos-sortides-del-projecte\/embed\/#?secret=9soAkMz4cZ#?secret=sgeOjHlAgV\" data-secret=\"sgeOjHlAgV\" width=\"500\" height=\"282\" frameborder=\"0\" marginwidth=\"0\" marginheight=\"0\" scrolling=\"no\"><\/iframe><\/p>\n","protected":false},"excerpt":{"rendered":"<p>La classe de 5\u00e8A ha iniciat el primer trimestre escollint el nom de la classe i el primer projecte del curs. El nom de la classe \u00e9s un referent pels infants i serveix per identificar el grup en diverses situacions educatives i l\u00fadiques. Aprofitant aquesta&hellip;  <a href=\"https:\/\/agora.xtec.cat\/escolapacocandel\/comunitat-de-grans\/projecte-5ea-esportistes-del-p-c\/\" title=\"Read Projecte 5\u00e8A Esportistes del P.C.\">Llegeix m\u00e9s\u00bb<\/a><\/p>\n","protected":false},"author":20,"featured_media":8452,"comment_status":"open","ping_status":"closed","sticky":false,"template":"","format":"standard","meta":{"_bbp_topic_count":0,"_bbp_reply_count":0,"_bbp_total_topic_count":0,"_bbp_total_reply_count":0,"_bbp_voice_count":0,"_bbp_anonymous_reply_count":0,"_bbp_topic_count_hidden":0,"_bbp_reply_count_hidden":0,"_bbp_forum_subforum_count":0,"footnotes":""},"categories":[144,129],"tags":[],"class_list":["post-8451","post","type-post","status-publish","format-standard","has-post-thumbnail","hentry","category-5e","category-comunitat-de-grans"],"post_mailing_queue_ids":[],"_links":{"self":[{"href":"https:\/\/agora.xtec.cat\/escolapacocandel\/wp-json\/wp\/v2\/posts\/8451","targetHints":{"allow":["GET"]}}],"collection":[{"href":"https:\/\/agora.xtec.cat\/escolapacocandel\/wp-json\/wp\/v2\/posts"}],"about":[{"href":"https:\/\/agora.xtec.cat\/escolapacocandel\/wp-json\/wp\/v2\/types\/post"}],"author":[{"embeddable":true,"href":"https:\/\/agora.xtec.cat\/escolapacocandel\/wp-json\/wp\/v2\/users\/20"}],"replies":[{"embeddable":true,"href":"https:\/\/agora.xtec.cat\/escolapacocandel\/wp-json\/wp\/v2\/comments?post=8451"}],"version-history":[{"count":1,"href":"https:\/\/agora.xtec.cat\/escolapacocandel\/wp-json\/wp\/v2\/posts\/8451\/revisions"}],"predecessor-version":[{"id":8455,"href":"https:\/\/agora.xtec.cat\/escolapacocandel\/wp-json\/wp\/v2\/posts\/8451\/revisions\/8455"}],"wp:featuredmedia":[{"embeddable":true,"href":"https:\/\/agora.xtec.cat\/escolapacocandel\/wp-json\/wp\/v2\/media\/8452"}],"wp:attachment":[{"href":"https:\/\/agora.xtec.cat\/escolapacocandel\/wp-json\/wp\/v2\/media?parent=8451"}],"wp:term":[{"taxonomy":"category","embeddable":true,"href":"https:\/\/agora.xtec.cat\/escolapacocandel\/wp-json\/wp\/v2\/categories?post=8451"},{"taxonomy":"post_tag","embeddable":true,"href":"https:\/\/agora.xtec.cat\/escolapacocandel\/wp-json\/wp\/v2\/tags?post=8451"}],"curies":[{"name":"wp","href":"https:\/\/api.w.org\/{rel}","templated":true}]}}