{"id":8446,"date":"2023-12-15T15:00:45","date_gmt":"2023-12-15T14:00:45","guid":{"rendered":"https:\/\/agora.xtec.cat\/escolapacocandel\/?p=8446"},"modified":"2023-12-15T12:05:55","modified_gmt":"2023-12-15T11:05:55","slug":"projecte-6e-a-els-paisos","status":"publish","type":"post","link":"https:\/\/agora.xtec.cat\/escolapacocandel\/comunitat-de-grans\/projecte-6e-a-els-paisos\/","title":{"rendered":"PROJECTE 6\u00e8 A: ELS PA\u00cfSOS"},"content":{"rendered":"<p>Aquest primer trimestre, els infants de la classe de 6\u00e8A van embarcar-se en un projecte emocionant que ha deixat empremta: l&#8217;estudi dels pa\u00efsos. Des de la seva elecci\u00f3 fins a la presentaci\u00f3 final, les nenes i els nens han apr\u00e8s moltes coses.<\/p>\n<p>Amb una votaci\u00f3 renyida, la tem\u00e0tica dels pa\u00efsos va superar altres opcions, com la tecnologia, per convertir-se en el nom de la nostra classe. Despr\u00e9s d&#8217;una fase inicial de decoraci\u00f3 amb les idees de tots els infants, cada equip va decidir rols espec\u00edfics per cada membre, incloent-hi la creaci\u00f3 del nom i el logo de l&#8217;equip.<\/p>\n<p>Amb objectius clars, les nenes i els nens es van enfrontar a l&#8217;emoci\u00f3 de descobrir els continents per acabar creant un mapa del m\u00f3n . Van investigar a fons un dels pa\u00efsos que havien seleccionat, explorant aspectes com l&#8217;idioma, la cultura, la gastronomia, la hist\u00f2ria, els monuments, la capital, les ciutats, la bandera, els habitants i l&#8217;economia. A m\u00e9s, van aprendre a identificar les difer\u00e8ncies entre pa\u00efsos pobres i rics, aprofundint en la comprensi\u00f3 global.<\/p>\n<p>Amb la creaci\u00f3 d&#8217;una presentaci\u00f3 completa que inclo\u00efa tota la informaci\u00f3 recopilada, els infants van fer una immersi\u00f3 completa en la mat\u00e8ria. Van ser capa\u00e7os d&#8217;explicar amb les seves pr\u00f2pies paraules les complexitats i meravelles dels pa\u00efsos que van investigar, mostrant les seves habilitats comunicatives.<\/p>\n<p>La diversitat del projecte tamb\u00e9 es va estendre a project, on l\u2019alumnat va explorar la divisi\u00f3 entre pa\u00efsos desenvolupats i no desenvolupats, aix\u00ed com buscar informaci\u00f3 sobre una ONG del pa\u00eds assignat. Aix\u00f2 va afegir una dimensi\u00f3 global al projecte, connectant-lo amb q\u00fcestions importants com la solidaritat i la consci\u00e8ncia social.<\/p>\n<p>A continuaci\u00f3 teniu les presentacions dels vostres fills i filles:<\/p>\n<p><a href=\"https:\/\/drive.google.com\/file\/d\/15sFR9_0kRTz9LoZNb3Od9PEWLcidOl8y\/view?usp=drive_link\"><strong>MADAGASCAR<\/strong><\/a><\/p>\n<p><a href=\"https:\/\/drive.google.com\/file\/d\/1Zg3rSlQ-qX7hZuRyJ98aOM_8T_zsVU6W\/view?usp=drive_link\"><strong>NORUEGA<\/strong><\/a><\/p>\n<p><a href=\"https:\/\/drive.google.com\/file\/d\/1fAtRjULploXi0SaDBQaoZc04puU-N_7r\/view?usp=drive_link\"><strong>BOTSWANA\u00a0<\/strong><\/a><\/p>\n<p><a href=\"https:\/\/drive.google.com\/file\/d\/1TrfVjMptOCXnXmFnH_I1AGXeL6KcOKZO\/view?usp=drive_link\"><strong>BUTAN<\/strong><\/a><\/p>\n<p><a href=\"https:\/\/drive.google.com\/file\/d\/1RVZxPwlOdjXCywu6TRmlFNnK-2hj6yzR\/view?usp=drive_link\"><strong>LUXEMBURG<\/strong><\/a><\/p>\n<blockquote class=\"wp-embedded-content\" data-secret=\"rRmH6cI0fm\"><p><a href=\"https:\/\/agora.xtec.cat\/escolapacocandel\/fotos-privat\/fotos-portes-obertes-projecte-6e\/\">Protegit: FOTOS PORTES OBERTES PROJECTE 6\u00e8<\/a><\/p><\/blockquote>\n<p><iframe loading=\"lazy\" class=\"wp-embedded-content\" sandbox=\"allow-scripts\" security=\"restricted\" style=\"position: absolute; clip: rect(1px, 1px, 1px, 1px);\" title=\"&#8220;Protegit: FOTOS PORTES OBERTES PROJECTE 6\u00e8&#8221; &#8212; Escola Paco Candel\" src=\"https:\/\/agora.xtec.cat\/escolapacocandel\/fotos-privat\/fotos-portes-obertes-projecte-6e\/embed\/#?secret=aCufMPaB2E#?secret=rRmH6cI0fm\" data-secret=\"rRmH6cI0fm\" width=\"500\" height=\"282\" frameborder=\"0\" marginwidth=\"0\" marginheight=\"0\" scrolling=\"no\"><\/iframe><\/p>\n","protected":false},"excerpt":{"rendered":"<p>Aquest primer trimestre, els infants de la classe de 6\u00e8A van embarcar-se en un projecte emocionant que ha deixat empremta: l&#8217;estudi dels pa\u00efsos. Des de la seva elecci\u00f3 fins a la presentaci\u00f3 final, les nenes i els nens han apr\u00e8s moltes coses.<br \/>\nAmb una votaci\u00f3 renyida,&hellip;  <a href=\"https:\/\/agora.xtec.cat\/escolapacocandel\/comunitat-de-grans\/projecte-6e-a-els-paisos\/\" title=\"Read PROJECTE 6\u00e8 A: ELS PA\u00cfSOS\">Llegeix m\u00e9s\u00bb<\/a><\/p>\n","protected":false},"author":21,"featured_media":8447,"comment_status":"open","ping_status":"closed","sticky":false,"template":"","format":"standard","meta":{"_bbp_topic_count":0,"_bbp_reply_count":0,"_bbp_total_topic_count":0,"_bbp_total_reply_count":0,"_bbp_voice_count":0,"_bbp_anonymous_reply_count":0,"_bbp_topic_count_hidden":0,"_bbp_reply_count_hidden":0,"_bbp_forum_subforum_count":0,"footnotes":""},"categories":[129,146],"tags":[],"class_list":["post-8446","post","type-post","status-publish","format-standard","has-post-thumbnail","hentry","category-comunitat-de-grans","category-6e"],"post_mailing_queue_ids":[],"_links":{"self":[{"href":"https:\/\/agora.xtec.cat\/escolapacocandel\/wp-json\/wp\/v2\/posts\/8446","targetHints":{"allow":["GET"]}}],"collection":[{"href":"https:\/\/agora.xtec.cat\/escolapacocandel\/wp-json\/wp\/v2\/posts"}],"about":[{"href":"https:\/\/agora.xtec.cat\/escolapacocandel\/wp-json\/wp\/v2\/types\/post"}],"author":[{"embeddable":true,"href":"https:\/\/agora.xtec.cat\/escolapacocandel\/wp-json\/wp\/v2\/users\/21"}],"replies":[{"embeddable":true,"href":"https:\/\/agora.xtec.cat\/escolapacocandel\/wp-json\/wp\/v2\/comments?post=8446"}],"version-history":[{"count":2,"href":"https:\/\/agora.xtec.cat\/escolapacocandel\/wp-json\/wp\/v2\/posts\/8446\/revisions"}],"predecessor-version":[{"id":8459,"href":"https:\/\/agora.xtec.cat\/escolapacocandel\/wp-json\/wp\/v2\/posts\/8446\/revisions\/8459"}],"wp:featuredmedia":[{"embeddable":true,"href":"https:\/\/agora.xtec.cat\/escolapacocandel\/wp-json\/wp\/v2\/media\/8447"}],"wp:attachment":[{"href":"https:\/\/agora.xtec.cat\/escolapacocandel\/wp-json\/wp\/v2\/media?parent=8446"}],"wp:term":[{"taxonomy":"category","embeddable":true,"href":"https:\/\/agora.xtec.cat\/escolapacocandel\/wp-json\/wp\/v2\/categories?post=8446"},{"taxonomy":"post_tag","embeddable":true,"href":"https:\/\/agora.xtec.cat\/escolapacocandel\/wp-json\/wp\/v2\/tags?post=8446"}],"curies":[{"name":"wp","href":"https:\/\/api.w.org\/{rel}","templated":true}]}}