{"id":8434,"date":"2023-12-05T11:53:18","date_gmt":"2023-12-05T10:53:18","guid":{"rendered":"https:\/\/agora.xtec.cat\/escolapacocandel\/?p=8434"},"modified":"2024-02-22T13:19:24","modified_gmt":"2024-02-22T12:19:24","slug":"el-concert-dels-tres-porquets","status":"publish","type":"post","link":"https:\/\/agora.xtec.cat\/escolapacocandel\/comunitat-de-petits\/el-concert-dels-tres-porquets\/","title":{"rendered":"El concert dels 3 porquets"},"content":{"rendered":"<p>SORTIDA A &#8220;LA PUNTUAL&#8221;<\/p>\n<p>Cada curs els infants de la comunitat de Petits fa una sortida al teatre &#8221; La Puntual&#8221;, el teatre de titelles, m\u00e9s petit de Barc<a href=\"https:\/\/agora.xtec.cat\/escolapacocandel\/wp-content\/uploads\/usu332\/2023\/12\/IMG-20231128-WA0001.jpg\"><img loading=\"lazy\" decoding=\"async\" class=\"wp-image-8436 alignleft\" src=\"https:\/\/agora.xtec.cat\/escolapacocandel\/wp-content\/uploads\/usu332\/2023\/12\/IMG-20231128-WA0001.jpg\" alt=\"\" width=\"288\" height=\"216\" srcset=\"https:\/\/agora.xtec.cat\/escolapacocandel\/wp-content\/uploads\/usu332\/2023\/12\/IMG-20231128-WA0001.jpg 1024w, https:\/\/agora.xtec.cat\/escolapacocandel\/wp-content\/uploads\/usu332\/2023\/12\/IMG-20231128-WA0001-300x225.jpg 300w, https:\/\/agora.xtec.cat\/escolapacocandel\/wp-content\/uploads\/usu332\/2023\/12\/IMG-20231128-WA0001-768x576.jpg 768w, https:\/\/agora.xtec.cat\/escolapacocandel\/wp-content\/uploads\/usu332\/2023\/12\/IMG-20231128-WA0001-200x150.jpg 200w\" sizes=\"auto, (max-width: 288px) 100vw, 288px\" \/><\/a>elona. Un espai esc\u00e8nic \u00edntim i acollidor, ple de sorpreses per a grans i petits. Aquesta vegada, l&#8217;espectacle &#8221; El concert dels tres Porquets&#8221; omple de m\u00e0gia els ulls de les nenes i els nens de I4 amb una hist\u00f2ria diferent. Aquesta \u00e9s la hist\u00f2ria de tres porquets distrets i un llop, que gr\u00e0cies a la m\u00fasica es fan germans d\u2019aventures. Com ja sabeu en Boink es va fer una casa de palla, en Toink una de fusta i en Poink es va fer la casa de maons, per\u00f2 el que ning\u00fa no sap \u00e9s que s\u2019acosta una gran tempesta que canviar\u00e0 per sempre el final d\u2019aquest conte.<\/p>\n<p>Despr\u00e9s de l&#8217;espectacle, el Parc de la Ciutadella \u00e9s el lloc per dinar i gaudir del temps i dels altres, de jocs al par, del salts a les predres i als troncs.<\/p>\n<p>Us deixem l&#8217;enlla\u00e7 amb les fotografies:<\/p>\n<blockquote class=\"wp-embedded-content\" data-secret=\"maJFLLGygq\"><p><a href=\"https:\/\/agora.xtec.cat\/escolapacocandel\/fotos-privat\/fotografies-la-puntual\/\">Protegit: Fotografies &#8220;La Puntual&#8221;<\/a><\/p><\/blockquote>\n<p><iframe loading=\"lazy\" class=\"wp-embedded-content\" sandbox=\"allow-scripts\" security=\"restricted\" style=\"position: absolute; clip: rect(1px, 1px, 1px, 1px);\" title=\"&#8220;Protegit: Fotografies &#8220;La Puntual&#8221;&#8221; &#8212; Escola Paco Candel\" src=\"https:\/\/agora.xtec.cat\/escolapacocandel\/fotos-privat\/fotografies-la-puntual\/embed\/#?secret=77jKy4BCrn#?secret=maJFLLGygq\" data-secret=\"maJFLLGygq\" width=\"500\" height=\"282\" frameborder=\"0\" marginwidth=\"0\" marginheight=\"0\" scrolling=\"no\"><\/iframe><\/p>\n<p>Carme i Sandra<\/p>\n","protected":false},"excerpt":{"rendered":"<p>SORTIDA A &#8220;LA PUNTUAL&#8221;<br \/>\nCada curs els infants de la comunitat de Petits fa una sortida al teatre &#8221; La Puntual&#8221;, el teatre de titelles, m\u00e9s petit de Barc<a href=\"https:\/\/agora.xtec.cat\/escolapacocandel\/wp-content\/uploads\/usu332\/2023\/12\/IMG-20231128-WA0001.jpg\"><\/a>elona. Un espai esc\u00e8nic \u00edntim i acollidor, ple de sorpreses per a grans i petits. Aquesta vegada,&hellip;  <a href=\"https:\/\/agora.xtec.cat\/escolapacocandel\/comunitat-de-petits\/el-concert-dels-tres-porquets\/\" title=\"Read El concert dels 3 porquets\">Llegeix m\u00e9s\u00bb<\/a><\/p>\n","protected":false},"author":5,"featured_media":8436,"comment_status":"open","ping_status":"closed","sticky":false,"template":"","format":"standard","meta":{"_bbp_topic_count":0,"_bbp_reply_count":0,"_bbp_total_topic_count":0,"_bbp_total_reply_count":0,"_bbp_voice_count":0,"_bbp_anonymous_reply_count":0,"_bbp_topic_count_hidden":0,"_bbp_reply_count_hidden":0,"_bbp_forum_subforum_count":0,"footnotes":""},"categories":[183,128],"tags":[197,153],"class_list":["post-8434","post","type-post","status-publish","format-standard","has-post-thumbnail","hentry","category-4-anys","category-comunitat-de-petits","tag-petits","tag-teatre"],"post_mailing_queue_ids":[],"_links":{"self":[{"href":"https:\/\/agora.xtec.cat\/escolapacocandel\/wp-json\/wp\/v2\/posts\/8434","targetHints":{"allow":["GET"]}}],"collection":[{"href":"https:\/\/agora.xtec.cat\/escolapacocandel\/wp-json\/wp\/v2\/posts"}],"about":[{"href":"https:\/\/agora.xtec.cat\/escolapacocandel\/wp-json\/wp\/v2\/types\/post"}],"author":[{"embeddable":true,"href":"https:\/\/agora.xtec.cat\/escolapacocandel\/wp-json\/wp\/v2\/users\/5"}],"replies":[{"embeddable":true,"href":"https:\/\/agora.xtec.cat\/escolapacocandel\/wp-json\/wp\/v2\/comments?post=8434"}],"version-history":[{"count":6,"href":"https:\/\/agora.xtec.cat\/escolapacocandel\/wp-json\/wp\/v2\/posts\/8434\/revisions"}],"predecessor-version":[{"id":8819,"href":"https:\/\/agora.xtec.cat\/escolapacocandel\/wp-json\/wp\/v2\/posts\/8434\/revisions\/8819"}],"wp:featuredmedia":[{"embeddable":true,"href":"https:\/\/agora.xtec.cat\/escolapacocandel\/wp-json\/wp\/v2\/media\/8436"}],"wp:attachment":[{"href":"https:\/\/agora.xtec.cat\/escolapacocandel\/wp-json\/wp\/v2\/media?parent=8434"}],"wp:term":[{"taxonomy":"category","embeddable":true,"href":"https:\/\/agora.xtec.cat\/escolapacocandel\/wp-json\/wp\/v2\/categories?post=8434"},{"taxonomy":"post_tag","embeddable":true,"href":"https:\/\/agora.xtec.cat\/escolapacocandel\/wp-json\/wp\/v2\/tags?post=8434"}],"curies":[{"name":"wp","href":"https:\/\/api.w.org\/{rel}","templated":true}]}}