{"id":8402,"date":"2023-12-01T15:30:27","date_gmt":"2023-12-01T14:30:27","guid":{"rendered":"https:\/\/agora.xtec.cat\/escolapacocandel\/?p=8402"},"modified":"2023-12-01T12:10:25","modified_gmt":"2023-12-01T11:10:25","slug":"fabrica-simon-coll-sortida-projecte-4ta","status":"publish","type":"post","link":"https:\/\/agora.xtec.cat\/escolapacocandel\/general\/fabrica-simon-coll-sortida-projecte-4ta\/","title":{"rendered":"Sortida projecte 4tA &#8211; F\u00e0brica Sim\u00f3n Coll"},"content":{"rendered":"<p>La classe dels pastissers i pastisseres de 4tA hem realitzat la sortida del projecte a la f\u00e0brica de xocolata de Sim\u00f3n Coll, ja que \u00e9s un ingredient molt utilitzat en el m\u00f3n de la pastisseria.<\/p>\n<p>Ha sigut una experi\u00e8ncia sensorial \u00fanica on hem conegut la cultura, la hist\u00f2ria i el proc\u00e9s d&#8217;elaboraci\u00f3 de la seva xocolata. Hem apr\u00e8s com arriben les faves de cacau a la f\u00e0brica i de quina manera es transformen en xocolata. A m\u00e9s a m\u00e9s, hem degustat diferents tipus de xocolata i ens han ensenyat els diferents ingredients que portava cadascun d&#8217;aquests.<\/p>\n<p>Despr\u00e9s de la visita a la f\u00e0brica, hem aprofitat per anar al parc de Cal Sant Just, acabant el dia envoltats de naturalesa.<\/p>\n<p>Hem gaudit molt\u00edssim!<\/p>\n<blockquote class=\"wp-embedded-content\" data-secret=\"6Q2yAVBEla\"><p><a href=\"https:\/\/agora.xtec.cat\/escolapacocandel\/fotos-privat\/recull-fotografies-sortida-projecte-4t-a\/\">Protegit: Recull fotografies sortida projecte &#8211; 4t A<\/a><\/p><\/blockquote>\n<p><iframe loading=\"lazy\" class=\"wp-embedded-content\" sandbox=\"allow-scripts\" security=\"restricted\" style=\"position: absolute; clip: rect(1px, 1px, 1px, 1px);\" title=\"&#8220;Protegit: Recull fotografies sortida projecte &#8211; 4t A&#8221; &#8212; Escola Paco Candel\" src=\"https:\/\/agora.xtec.cat\/escolapacocandel\/fotos-privat\/recull-fotografies-sortida-projecte-4t-a\/embed\/#?secret=ooIvO3WEfI#?secret=6Q2yAVBEla\" data-secret=\"6Q2yAVBEla\" width=\"500\" height=\"282\" frameborder=\"0\" marginwidth=\"0\" marginheight=\"0\" scrolling=\"no\"><\/iframe><\/p>\n","protected":false},"excerpt":{"rendered":"<p>La classe dels pastissers i pastisseres de 4tA hem realitzat la sortida del projecte a la f\u00e0brica de xocolata de Sim\u00f3n Coll, ja que \u00e9s un ingredient molt utilitzat en el m\u00f3n de la pastisseria.<br \/>\nHa sigut una experi\u00e8ncia sensorial \u00fanica on hem conegut la cultura,&hellip;  <a href=\"https:\/\/agora.xtec.cat\/escolapacocandel\/general\/fabrica-simon-coll-sortida-projecte-4ta\/\" title=\"Read Sortida projecte 4tA &#8211; F\u00e0brica Sim\u00f3n Coll\">Llegeix m\u00e9s\u00bb<\/a><\/p>\n","protected":false},"author":1,"featured_media":8419,"comment_status":"open","ping_status":"closed","sticky":false,"template":"","format":"standard","meta":{"_bbp_topic_count":0,"_bbp_reply_count":0,"_bbp_total_topic_count":0,"_bbp_total_reply_count":0,"_bbp_voice_count":0,"_bbp_anonymous_reply_count":0,"_bbp_topic_count_hidden":0,"_bbp_reply_count_hidden":0,"_bbp_forum_subforum_count":0,"footnotes":""},"categories":[129,1,143],"tags":[],"class_list":["post-8402","post","type-post","status-publish","format-standard","has-post-thumbnail","hentry","category-comunitat-de-grans","category-general","category-4t"],"post_mailing_queue_ids":[],"_links":{"self":[{"href":"https:\/\/agora.xtec.cat\/escolapacocandel\/wp-json\/wp\/v2\/posts\/8402","targetHints":{"allow":["GET"]}}],"collection":[{"href":"https:\/\/agora.xtec.cat\/escolapacocandel\/wp-json\/wp\/v2\/posts"}],"about":[{"href":"https:\/\/agora.xtec.cat\/escolapacocandel\/wp-json\/wp\/v2\/types\/post"}],"author":[{"embeddable":true,"href":"https:\/\/agora.xtec.cat\/escolapacocandel\/wp-json\/wp\/v2\/users\/1"}],"replies":[{"embeddable":true,"href":"https:\/\/agora.xtec.cat\/escolapacocandel\/wp-json\/wp\/v2\/comments?post=8402"}],"version-history":[{"count":3,"href":"https:\/\/agora.xtec.cat\/escolapacocandel\/wp-json\/wp\/v2\/posts\/8402\/revisions"}],"predecessor-version":[{"id":8421,"href":"https:\/\/agora.xtec.cat\/escolapacocandel\/wp-json\/wp\/v2\/posts\/8402\/revisions\/8421"}],"wp:featuredmedia":[{"embeddable":true,"href":"https:\/\/agora.xtec.cat\/escolapacocandel\/wp-json\/wp\/v2\/media\/8419"}],"wp:attachment":[{"href":"https:\/\/agora.xtec.cat\/escolapacocandel\/wp-json\/wp\/v2\/media?parent=8402"}],"wp:term":[{"taxonomy":"category","embeddable":true,"href":"https:\/\/agora.xtec.cat\/escolapacocandel\/wp-json\/wp\/v2\/categories?post=8402"},{"taxonomy":"post_tag","embeddable":true,"href":"https:\/\/agora.xtec.cat\/escolapacocandel\/wp-json\/wp\/v2\/tags?post=8402"}],"curies":[{"name":"wp","href":"https:\/\/api.w.org\/{rel}","templated":true}]}}