{"id":8398,"date":"2023-11-30T10:00:00","date_gmt":"2023-11-30T09:00:00","guid":{"rendered":"https:\/\/agora.xtec.cat\/escolapacocandel\/?p=8398"},"modified":"2024-01-31T19:22:47","modified_gmt":"2024-01-31T18:22:47","slug":"xerrada-dalfabetitzacio-digital","status":"publish","type":"post","link":"https:\/\/agora.xtec.cat\/escolapacocandel\/portada\/xerrada-dalfabetitzacio-digital\/","title":{"rendered":"Xerrada d&#8217;alfabetitzaci\u00f3 digital"},"content":{"rendered":"<p>El dia 29 de novembre, vam acompanyar a les fam\u00edlies de l&#8217;escola a una xerrada pr\u00e0ctica d&#8217;alfabetitzaci\u00f3 digital. Aqu\u00ed teniu la presentaci\u00f3.<\/p>\n<p><a href=\"https:\/\/agora.xtec.cat\/escolapacocandel\/wp-content\/uploads\/usu332\/2023\/11\/Xerrada-dalfabetitzacio-digital.pdf\">Xerrada d&#8217;alfabetitzaci\u00f3 digital<\/a><\/p>\n","protected":false},"excerpt":{"rendered":"<p>El dia 29 de novembre, vam acompanyar a les fam\u00edlies de l&#8217;escola a una xerrada pr\u00e0ctica d&#8217;alfabetitzaci\u00f3 digital. Aqu\u00ed teniu la presentaci\u00f3.<br \/>\n<a href=\"https:\/\/agora.xtec.cat\/escolapacocandel\/wp-content\/uploads\/usu332\/2023\/11\/Xerrada-dalfabetitzacio-digital.pdf\">Xerrada d&#8217;alfabetitzaci\u00f3 digital<\/a><\/p>\n","protected":false},"author":20,"featured_media":8399,"comment_status":"open","ping_status":"closed","sticky":false,"template":"","format":"standard","meta":{"_bbp_topic_count":0,"_bbp_reply_count":0,"_bbp_total_topic_count":0,"_bbp_total_reply_count":0,"_bbp_voice_count":0,"_bbp_anonymous_reply_count":0,"_bbp_topic_count_hidden":0,"_bbp_reply_count_hidden":0,"_bbp_forum_subforum_count":0,"footnotes":""},"categories":[195,4],"tags":[],"class_list":["post-8398","post","type-post","status-publish","format-standard","has-post-thumbnail","hentry","category-families","category-portada"],"post_mailing_queue_ids":[],"_links":{"self":[{"href":"https:\/\/agora.xtec.cat\/escolapacocandel\/wp-json\/wp\/v2\/posts\/8398","targetHints":{"allow":["GET"]}}],"collection":[{"href":"https:\/\/agora.xtec.cat\/escolapacocandel\/wp-json\/wp\/v2\/posts"}],"about":[{"href":"https:\/\/agora.xtec.cat\/escolapacocandel\/wp-json\/wp\/v2\/types\/post"}],"author":[{"embeddable":true,"href":"https:\/\/agora.xtec.cat\/escolapacocandel\/wp-json\/wp\/v2\/users\/20"}],"replies":[{"embeddable":true,"href":"https:\/\/agora.xtec.cat\/escolapacocandel\/wp-json\/wp\/v2\/comments?post=8398"}],"version-history":[{"count":1,"href":"https:\/\/agora.xtec.cat\/escolapacocandel\/wp-json\/wp\/v2\/posts\/8398\/revisions"}],"predecessor-version":[{"id":8401,"href":"https:\/\/agora.xtec.cat\/escolapacocandel\/wp-json\/wp\/v2\/posts\/8398\/revisions\/8401"}],"wp:featuredmedia":[{"embeddable":true,"href":"https:\/\/agora.xtec.cat\/escolapacocandel\/wp-json\/wp\/v2\/media\/8399"}],"wp:attachment":[{"href":"https:\/\/agora.xtec.cat\/escolapacocandel\/wp-json\/wp\/v2\/media?parent=8398"}],"wp:term":[{"taxonomy":"category","embeddable":true,"href":"https:\/\/agora.xtec.cat\/escolapacocandel\/wp-json\/wp\/v2\/categories?post=8398"},{"taxonomy":"post_tag","embeddable":true,"href":"https:\/\/agora.xtec.cat\/escolapacocandel\/wp-json\/wp\/v2\/tags?post=8398"}],"curies":[{"name":"wp","href":"https:\/\/api.w.org\/{rel}","templated":true}]}}