{"id":8395,"date":"2023-12-01T09:55:20","date_gmt":"2023-12-01T08:55:20","guid":{"rendered":"https:\/\/agora.xtec.cat\/escolapacocandel\/?p=8395"},"modified":"2023-12-01T09:55:20","modified_gmt":"2023-12-01T08:55:20","slug":"sortida-space-discovery-1ra","status":"publish","type":"post","link":"https:\/\/agora.xtec.cat\/escolapacocandel\/general\/sortida-space-discovery-1ra\/","title":{"rendered":"Sortida Space Discovery 1rA"},"content":{"rendered":"<p>Divendres 24 de novembre la classe dels Astronautes vam poder gaudir de l&#8217;excursi\u00f3 de projecte!<\/p>\n<p>Vam visitar la exposici\u00f3 Space Discovery on pod\u00edem veure r\u00e8pliques i alguns elements reals que han viatjat a l&#8217;espai. Entre altres coses vam poder veure una col\u00b7lecci\u00f3 de vestits espa<img loading=\"lazy\" decoding=\"async\" class=\"alignright\" src=\"https:\/\/lh3.googleusercontent.com\/pw\/ADCreHeH0ZKObUsZRXZckt2lPJ6zBLd_ZWeQVkrLUYqtvBP2UePn1SAQwRXa0-Lvt0I0TfEKYi71rafvvZseJuSnrZX0rugEcZE2CpSEpR6GIUon73x9_a-fCB9wkEJ-b4RwXp8lZGZwj4bZ7x0JvlioNW2leA=w1835-h905-s-no-gm?authuser=0\" width=\"353\" height=\"174\" \/>cials, maquetes realistes de naus, transbordadors i coets. A m\u00e9s, tamb\u00e9 vam visitar una sala que replicava la seu de la NASA a la terra aix\u00ed com la sensaci\u00f3 de mareig entrant en una sala que simulava un coet de costat.<\/p>\n<p>&nbsp;<\/p>\n<p>Despr\u00e9s de la visita vam dinar i jugar al parc de la Ciutadella. Va ser un dia molt complert i ens ho vam passar d&#8217;all\u00f2 m\u00e9s b\u00e9!<\/p>\n<blockquote class=\"wp-embedded-content\" data-secret=\"T6YdDdJIx9\"><p><a href=\"https:\/\/agora.xtec.cat\/escolapacocandel\/fotos-privat\/fotos-sortida-1ra-astronautes-2023\/\">Protegit: Fotos Sortida 1rA Astronautes 2023<\/a><\/p><\/blockquote>\n<p><iframe loading=\"lazy\" class=\"wp-embedded-content\" sandbox=\"allow-scripts\" security=\"restricted\" style=\"position: absolute; clip: rect(1px, 1px, 1px, 1px);\" title=\"&#8220;Protegit: Fotos Sortida 1rA Astronautes 2023&#8221; &#8212; Escola Paco Candel\" src=\"https:\/\/agora.xtec.cat\/escolapacocandel\/fotos-privat\/fotos-sortida-1ra-astronautes-2023\/embed\/#?secret=MuD1wXMqmw#?secret=T6YdDdJIx9\" data-secret=\"T6YdDdJIx9\" width=\"500\" height=\"282\" frameborder=\"0\" marginwidth=\"0\" marginheight=\"0\" scrolling=\"no\"><\/iframe><\/p>\n<p>&nbsp;<\/p>\n","protected":false},"excerpt":{"rendered":"<p>Divendres 24 de novembre la classe dels Astronautes vam poder gaudir de l&#8217;excursi\u00f3 de projecte!<br \/>\nVam visitar la exposici\u00f3 Space Discovery on pod\u00edem veure r\u00e8pliques i alguns elements reals que han viatjat a l&#8217;espai. Entre altres coses vam poder veure una col\u00b7lecci\u00f3 de vestits espacials, maquetes&hellip;  <a href=\"https:\/\/agora.xtec.cat\/escolapacocandel\/general\/sortida-space-discovery-1ra\/\" title=\"Read Sortida Space Discovery 1rA\">Llegeix m\u00e9s\u00bb<\/a><\/p>\n","protected":false},"author":14,"featured_media":8413,"comment_status":"open","ping_status":"closed","sticky":false,"template":"","format":"standard","meta":{"_bbp_topic_count":0,"_bbp_reply_count":0,"_bbp_total_topic_count":0,"_bbp_total_reply_count":0,"_bbp_voice_count":0,"_bbp_anonymous_reply_count":0,"_bbp_topic_count_hidden":0,"_bbp_reply_count_hidden":0,"_bbp_forum_subforum_count":0,"footnotes":""},"categories":[127,1,140],"tags":[],"class_list":["post-8395","post","type-post","status-publish","format-standard","has-post-thumbnail","hentry","category-comunitat-de-mitjans","category-general","category-1r"],"post_mailing_queue_ids":[],"_links":{"self":[{"href":"https:\/\/agora.xtec.cat\/escolapacocandel\/wp-json\/wp\/v2\/posts\/8395","targetHints":{"allow":["GET"]}}],"collection":[{"href":"https:\/\/agora.xtec.cat\/escolapacocandel\/wp-json\/wp\/v2\/posts"}],"about":[{"href":"https:\/\/agora.xtec.cat\/escolapacocandel\/wp-json\/wp\/v2\/types\/post"}],"author":[{"embeddable":true,"href":"https:\/\/agora.xtec.cat\/escolapacocandel\/wp-json\/wp\/v2\/users\/14"}],"replies":[{"embeddable":true,"href":"https:\/\/agora.xtec.cat\/escolapacocandel\/wp-json\/wp\/v2\/comments?post=8395"}],"version-history":[{"count":7,"href":"https:\/\/agora.xtec.cat\/escolapacocandel\/wp-json\/wp\/v2\/posts\/8395\/revisions"}],"predecessor-version":[{"id":8414,"href":"https:\/\/agora.xtec.cat\/escolapacocandel\/wp-json\/wp\/v2\/posts\/8395\/revisions\/8414"}],"wp:featuredmedia":[{"embeddable":true,"href":"https:\/\/agora.xtec.cat\/escolapacocandel\/wp-json\/wp\/v2\/media\/8413"}],"wp:attachment":[{"href":"https:\/\/agora.xtec.cat\/escolapacocandel\/wp-json\/wp\/v2\/media?parent=8395"}],"wp:term":[{"taxonomy":"category","embeddable":true,"href":"https:\/\/agora.xtec.cat\/escolapacocandel\/wp-json\/wp\/v2\/categories?post=8395"},{"taxonomy":"post_tag","embeddable":true,"href":"https:\/\/agora.xtec.cat\/escolapacocandel\/wp-json\/wp\/v2\/tags?post=8395"}],"curies":[{"name":"wp","href":"https:\/\/api.w.org\/{rel}","templated":true}]}}