{"id":8392,"date":"2023-11-24T10:33:10","date_gmt":"2023-11-24T09:33:10","guid":{"rendered":"https:\/\/agora.xtec.cat\/escolapacocandel\/?p=8392"},"modified":"2023-11-24T10:33:10","modified_gmt":"2023-11-24T09:33:10","slug":"sortida-upjazz","status":"publish","type":"post","link":"https:\/\/agora.xtec.cat\/escolapacocandel\/comunitat-de-grans\/sortida-upjazz\/","title":{"rendered":"Sortida Up&#038;Jazz"},"content":{"rendered":"<p>Els infants de 5\u00e8 i 6\u00e8 van gaudir d&#8217;un espectacle al CaixaForum molt divertit: <em><strong>&#8220;Up&amp;Jazz&#8221;<\/strong><\/em>.<br \/>\nAquest nom fa refer\u00e8ncia als primers ascensors el\u00e8ctrics que, a inicis del segle XX, es van desenvolupar amb uns nous mecanismes que els feien m\u00e9s r\u00e0pids i segurs. No obstant aix\u00f2, el temps que trigava a baixar i pujar un ascensor d\u2019un gratacel es podia fer molt avorrit i en aquesta \u00e8poca, es posava m\u00fasica per amenitzar el temps i que fos m\u00e9s agradable. La m\u00fasica escollida va ser el Jazz, creant l\u2019estil de \u201cm\u00fasica d\u2019ascensor\u201d durant els anys 20 i 30.<br \/>\nA l\u2019espectacle van descobrir algunes can\u00e7ons relacionades amb aquest estil musical amb veu i m\u00fasica en directe. Els infants participaven activament fent ritmes, sons i ballant al final de l\u2019actuaci\u00f3.<br \/>\nAqu\u00ed us deixem la carpeta de fotografies de la sortida:<\/p>\n<blockquote class=\"wp-embedded-content\" data-secret=\"Sf1nJqfHFC\"><p><a href=\"https:\/\/agora.xtec.cat\/escolapacocandel\/fotos-privat\/fotos-upjazz\/\">Protegit: Fotos Up&#038;Jazz<\/a><\/p><\/blockquote>\n<p><iframe loading=\"lazy\" class=\"wp-embedded-content\" sandbox=\"allow-scripts\" security=\"restricted\" style=\"position: absolute; clip: rect(1px, 1px, 1px, 1px);\" title=\"&#8220;Protegit: Fotos Up&#038;Jazz&#8221; &#8212; Escola Paco Candel\" src=\"https:\/\/agora.xtec.cat\/escolapacocandel\/fotos-privat\/fotos-upjazz\/embed\/#?secret=s3myCauRMB#?secret=Sf1nJqfHFC\" data-secret=\"Sf1nJqfHFC\" width=\"500\" height=\"282\" frameborder=\"0\" marginwidth=\"0\" marginheight=\"0\" scrolling=\"no\"><\/iframe><\/p>\n","protected":false},"excerpt":{"rendered":"<p>Els infants de 5\u00e8 i 6\u00e8 van gaudir d&#8217;un espectacle al CaixaForum molt divertit: &#8220;Up&amp;Jazz&#8221;.<br \/>\nAquest nom fa refer\u00e8ncia als primers ascensors el\u00e8ctrics que, a inicis del segle XX, es van desenvolupar amb uns nous mecanismes que els feien m\u00e9s r\u00e0pids i segurs. No obstant aix\u00f2,&hellip;  <a href=\"https:\/\/agora.xtec.cat\/escolapacocandel\/comunitat-de-grans\/sortida-upjazz\/\" title=\"Read Sortida Up&#038;Jazz\">Llegeix m\u00e9s\u00bb<\/a><\/p>\n","protected":false},"author":20,"featured_media":8393,"comment_status":"open","ping_status":"closed","sticky":false,"template":"","format":"standard","meta":{"_bbp_topic_count":0,"_bbp_reply_count":0,"_bbp_total_topic_count":0,"_bbp_total_reply_count":0,"_bbp_voice_count":0,"_bbp_anonymous_reply_count":0,"_bbp_topic_count_hidden":0,"_bbp_reply_count_hidden":0,"_bbp_forum_subforum_count":0,"footnotes":""},"categories":[144,129,146],"tags":[],"class_list":["post-8392","post","type-post","status-publish","format-standard","has-post-thumbnail","hentry","category-5e","category-comunitat-de-grans","category-6e"],"post_mailing_queue_ids":[],"_links":{"self":[{"href":"https:\/\/agora.xtec.cat\/escolapacocandel\/wp-json\/wp\/v2\/posts\/8392","targetHints":{"allow":["GET"]}}],"collection":[{"href":"https:\/\/agora.xtec.cat\/escolapacocandel\/wp-json\/wp\/v2\/posts"}],"about":[{"href":"https:\/\/agora.xtec.cat\/escolapacocandel\/wp-json\/wp\/v2\/types\/post"}],"author":[{"embeddable":true,"href":"https:\/\/agora.xtec.cat\/escolapacocandel\/wp-json\/wp\/v2\/users\/20"}],"replies":[{"embeddable":true,"href":"https:\/\/agora.xtec.cat\/escolapacocandel\/wp-json\/wp\/v2\/comments?post=8392"}],"version-history":[{"count":1,"href":"https:\/\/agora.xtec.cat\/escolapacocandel\/wp-json\/wp\/v2\/posts\/8392\/revisions"}],"predecessor-version":[{"id":8394,"href":"https:\/\/agora.xtec.cat\/escolapacocandel\/wp-json\/wp\/v2\/posts\/8392\/revisions\/8394"}],"wp:featuredmedia":[{"embeddable":true,"href":"https:\/\/agora.xtec.cat\/escolapacocandel\/wp-json\/wp\/v2\/media\/8393"}],"wp:attachment":[{"href":"https:\/\/agora.xtec.cat\/escolapacocandel\/wp-json\/wp\/v2\/media?parent=8392"}],"wp:term":[{"taxonomy":"category","embeddable":true,"href":"https:\/\/agora.xtec.cat\/escolapacocandel\/wp-json\/wp\/v2\/categories?post=8392"},{"taxonomy":"post_tag","embeddable":true,"href":"https:\/\/agora.xtec.cat\/escolapacocandel\/wp-json\/wp\/v2\/tags?post=8392"}],"curies":[{"name":"wp","href":"https:\/\/api.w.org\/{rel}","templated":true}]}}