{"id":8374,"date":"2023-11-21T09:58:32","date_gmt":"2023-11-21T08:58:32","guid":{"rendered":"https:\/\/agora.xtec.cat\/escolapacocandel\/?p=8374"},"modified":"2023-11-21T10:04:20","modified_gmt":"2023-11-21T09:04:20","slug":"sortida-projecte-1rb","status":"publish","type":"post","link":"https:\/\/agora.xtec.cat\/escolapacocandel\/comunitat-de-mitjans\/sortida-projecte-1rb\/","title":{"rendered":"Sortida projecte 1rB"},"content":{"rendered":"<p><span style=\"font-weight: 400;\">El 14 de novembre la classe de les magues i els mags vam visitar la botiga de m\u00e0gia m\u00e9s antiga del m\u00f3n \u201cEl Rei de la Magia\u201d. Quan vam arribar en Pau Mart\u00ednez, propietari de la botiga, ens va mostrar un joc cl\u00e0ssic de l\u2019establiment i ens va explicar el seu secret. Tamb\u00e9 ens va explicar diferents an\u00e8cdotes i personatges vinculats a la hist\u00f2ria de la m\u00e0gia, com Joaquim Partag\u00e0s, Joan Brossa, Carlston\u2026 Vam aprofitar tamb\u00e9 per fer preguntes que haviem preparat a l\u2019escola i aix\u00ed poder ampliar coneixement sobre el projecte. Per acabar vam con\u00e8ixer a l&#8217;il\u00b7lusionista Pere Rafart, <\/span><span style=\"font-weight: 400;\">guanyador d&#8217;un 1r Premi Nacional de M\u00e0gia i dues vegadas subcampi\u00f3 del del M\u00f3n i vam poder gaudir d\u2019un espectacle en el que vam quedar bocabadats.\u00a0<\/span><\/p>\n<p><span style=\"font-weight: 400;\">Despr\u00e9s de la visita-espectacle vam poder gaudir d\u2019una passejada pel parc de la Ciutadella. All\u00e0 vam dinar i vam poder tenir una estoneta de joc lliure.\u00a0<\/span><\/p>\n<p><span style=\"font-weight: 400;\">Ens ho vam passar molt b\u00e9!<\/span><\/p>\n<p><span style=\"font-weight: 400;\">A continuaci\u00f3 us compartim<a href=\"https:\/\/photos.app.goo.gl\/T7jKveYMT7Prot88A\"> l\u2019enlla\u00e7<\/a> per veure el recull de fotografies.<\/span><\/p>\n<p>&nbsp;<\/p>\n<p>&nbsp;<\/p>\n","protected":false},"excerpt":{"rendered":"<p>El 14 de novembre la classe de les magues i els mags vam visitar la botiga de m\u00e0gia m\u00e9s antiga del m\u00f3n \u201cEl Rei de la Magia\u201d. Quan vam arribar en Pau Mart\u00ednez, propietari de la botiga, ens va mostrar un joc cl\u00e0ssic de l\u2019establiment&hellip;  <a href=\"https:\/\/agora.xtec.cat\/escolapacocandel\/comunitat-de-mitjans\/sortida-projecte-1rb\/\" title=\"Read Sortida projecte 1rB\">Llegeix m\u00e9s\u00bb<\/a><\/p>\n","protected":false},"author":58,"featured_media":8383,"comment_status":"open","ping_status":"closed","sticky":false,"template":"","format":"standard","meta":{"_bbp_topic_count":0,"_bbp_reply_count":0,"_bbp_total_topic_count":0,"_bbp_total_reply_count":0,"_bbp_voice_count":0,"_bbp_anonymous_reply_count":0,"_bbp_topic_count_hidden":0,"_bbp_reply_count_hidden":0,"_bbp_forum_subforum_count":0,"footnotes":""},"categories":[127,140],"tags":[],"class_list":["post-8374","post","type-post","status-publish","format-standard","has-post-thumbnail","hentry","category-comunitat-de-mitjans","category-1r"],"post_mailing_queue_ids":[],"_links":{"self":[{"href":"https:\/\/agora.xtec.cat\/escolapacocandel\/wp-json\/wp\/v2\/posts\/8374","targetHints":{"allow":["GET"]}}],"collection":[{"href":"https:\/\/agora.xtec.cat\/escolapacocandel\/wp-json\/wp\/v2\/posts"}],"about":[{"href":"https:\/\/agora.xtec.cat\/escolapacocandel\/wp-json\/wp\/v2\/types\/post"}],"author":[{"embeddable":true,"href":"https:\/\/agora.xtec.cat\/escolapacocandel\/wp-json\/wp\/v2\/users\/58"}],"replies":[{"embeddable":true,"href":"https:\/\/agora.xtec.cat\/escolapacocandel\/wp-json\/wp\/v2\/comments?post=8374"}],"version-history":[{"count":3,"href":"https:\/\/agora.xtec.cat\/escolapacocandel\/wp-json\/wp\/v2\/posts\/8374\/revisions"}],"predecessor-version":[{"id":8381,"href":"https:\/\/agora.xtec.cat\/escolapacocandel\/wp-json\/wp\/v2\/posts\/8374\/revisions\/8381"}],"wp:featuredmedia":[{"embeddable":true,"href":"https:\/\/agora.xtec.cat\/escolapacocandel\/wp-json\/wp\/v2\/media\/8383"}],"wp:attachment":[{"href":"https:\/\/agora.xtec.cat\/escolapacocandel\/wp-json\/wp\/v2\/media?parent=8374"}],"wp:term":[{"taxonomy":"category","embeddable":true,"href":"https:\/\/agora.xtec.cat\/escolapacocandel\/wp-json\/wp\/v2\/categories?post=8374"},{"taxonomy":"post_tag","embeddable":true,"href":"https:\/\/agora.xtec.cat\/escolapacocandel\/wp-json\/wp\/v2\/tags?post=8374"}],"curies":[{"name":"wp","href":"https:\/\/api.w.org\/{rel}","templated":true}]}}