{"id":8354,"date":"2023-11-20T13:10:36","date_gmt":"2023-11-20T12:10:36","guid":{"rendered":"https:\/\/agora.xtec.cat\/escolapacocandel\/?p=8354"},"modified":"2023-11-20T13:13:56","modified_gmt":"2023-11-20T12:13:56","slug":"sortida-aquarium-els-oceans","status":"publish","type":"post","link":"https:\/\/agora.xtec.cat\/escolapacocandel\/comunitat-de-mitjans\/sortida-aquarium-els-oceans\/","title":{"rendered":"SORTIDA \u00c0QUARIUM -Els oceans"},"content":{"rendered":"<p>El passat dijous 16 de novembre, la classe dels oceans vam poder gaudir d&#8217;una sortida a l&#8217;Aqu\u00e0rium de Barcelona. Amb aquesta, hem complementat les nostres investigacions sobre els animals marins i hem apr\u00e8s noves coses que encara no ens hav\u00edem plantejat.<\/p>\n<p>Primer de tot vam esmorzar i vam entrar de manera lliure per anar familiaritzant-nos. Despr\u00e9s ens esperava l&#8217;Andreu, el monitor que ens va fer una visita guiada pels diferents espais explicant-nos caracter\u00edstiques de cada animal.<\/p>\n<p>En acabar la visita ens vam convertir en investigadors i investigadores al laboratori, on hav\u00edem de donar resposta a un accident que havia succe\u00eft en la mar.\u00a0A partir de l&#8217;observaci\u00f3 de mostres biol\u00f2giques i d&#8217;investigar en petits grups, van con\u00e8ixer els taurons: com s\u00f3n, com neixen i qu\u00e8 mengen aquests animals. Tamb\u00e9 vam descobrir la diversitat d&#8217;esp\u00e8cies existents i les principals amenaces a les quals estan sotmesos en la naturalesa.<\/p>\n<p>Durant la visita vam veure molts tipus de peixos que hav\u00edem treballat a l&#8217;aula i vam poder fer moltes preguntes a les persones especialitzades en el m\u00f3n mar\u00edtim.<\/p>\n<p>Per acabar el dia vam dinar i vam tenir una estoneta per jugar i gaudir tots junts i juntes.<\/p>\n<p>Ens ho vam passar molt b\u00e9!<br \/>\nAqu\u00ed teniu algunes fotografies que vam poder fer:<\/p>\n<blockquote class=\"wp-embedded-content\" data-secret=\"sIKUy1ZBnI\"><p><a href=\"https:\/\/agora.xtec.cat\/escolapacocandel\/general\/fotos-sortida-projecte-3ra-oceans\/\">Protegit: Fotos sortida projecte 3rA-oceans<\/a><\/p><\/blockquote>\n<p><iframe loading=\"lazy\" class=\"wp-embedded-content\" sandbox=\"allow-scripts\" security=\"restricted\" style=\"position: absolute; clip: rect(1px, 1px, 1px, 1px);\" title=\"&#8220;Protegit: Fotos sortida projecte 3rA-oceans&#8221; &#8212; Escola Paco Candel\" src=\"https:\/\/agora.xtec.cat\/escolapacocandel\/general\/fotos-sortida-projecte-3ra-oceans\/embed\/#?secret=fbmhfyNXVZ#?secret=sIKUy1ZBnI\" data-secret=\"sIKUy1ZBnI\" width=\"500\" height=\"282\" frameborder=\"0\" marginwidth=\"0\" marginheight=\"0\" scrolling=\"no\"><\/iframe><\/p>\n<p>&nbsp;<\/p>\n","protected":false},"excerpt":{"rendered":"<p>El passat dijous 16 de novembre, la classe dels oceans vam poder gaudir d&#8217;una sortida a l&#8217;Aqu\u00e0rium de Barcelona. Amb aquesta, hem complementat les nostres investigacions sobre els animals marins i hem apr\u00e8s noves coses que encara no ens hav\u00edem plantejat.<br \/>\nPrimer de tot vam esmorzar&hellip;  <a href=\"https:\/\/agora.xtec.cat\/escolapacocandel\/comunitat-de-mitjans\/sortida-aquarium-els-oceans\/\" title=\"Read SORTIDA \u00c0QUARIUM -Els oceans\">Llegeix m\u00e9s\u00bb<\/a><\/p>\n","protected":false},"author":1,"featured_media":8355,"comment_status":"open","ping_status":"closed","sticky":false,"template":"","format":"standard","meta":{"_bbp_topic_count":0,"_bbp_reply_count":0,"_bbp_total_topic_count":0,"_bbp_total_reply_count":0,"_bbp_voice_count":0,"_bbp_anonymous_reply_count":0,"_bbp_topic_count_hidden":0,"_bbp_reply_count_hidden":0,"_bbp_forum_subforum_count":0,"footnotes":""},"categories":[127,141],"tags":[],"class_list":["post-8354","post","type-post","status-publish","format-standard","has-post-thumbnail","hentry","category-comunitat-de-mitjans","category-3r"],"post_mailing_queue_ids":[],"_links":{"self":[{"href":"https:\/\/agora.xtec.cat\/escolapacocandel\/wp-json\/wp\/v2\/posts\/8354","targetHints":{"allow":["GET"]}}],"collection":[{"href":"https:\/\/agora.xtec.cat\/escolapacocandel\/wp-json\/wp\/v2\/posts"}],"about":[{"href":"https:\/\/agora.xtec.cat\/escolapacocandel\/wp-json\/wp\/v2\/types\/post"}],"author":[{"embeddable":true,"href":"https:\/\/agora.xtec.cat\/escolapacocandel\/wp-json\/wp\/v2\/users\/1"}],"replies":[{"embeddable":true,"href":"https:\/\/agora.xtec.cat\/escolapacocandel\/wp-json\/wp\/v2\/comments?post=8354"}],"version-history":[{"count":3,"href":"https:\/\/agora.xtec.cat\/escolapacocandel\/wp-json\/wp\/v2\/posts\/8354\/revisions"}],"predecessor-version":[{"id":8361,"href":"https:\/\/agora.xtec.cat\/escolapacocandel\/wp-json\/wp\/v2\/posts\/8354\/revisions\/8361"}],"wp:featuredmedia":[{"embeddable":true,"href":"https:\/\/agora.xtec.cat\/escolapacocandel\/wp-json\/wp\/v2\/media\/8355"}],"wp:attachment":[{"href":"https:\/\/agora.xtec.cat\/escolapacocandel\/wp-json\/wp\/v2\/media?parent=8354"}],"wp:term":[{"taxonomy":"category","embeddable":true,"href":"https:\/\/agora.xtec.cat\/escolapacocandel\/wp-json\/wp\/v2\/categories?post=8354"},{"taxonomy":"post_tag","embeddable":true,"href":"https:\/\/agora.xtec.cat\/escolapacocandel\/wp-json\/wp\/v2\/tags?post=8354"}],"curies":[{"name":"wp","href":"https:\/\/api.w.org\/{rel}","templated":true}]}}