{"id":8349,"date":"2023-11-17T16:11:48","date_gmt":"2023-11-17T15:11:48","guid":{"rendered":"https:\/\/agora.xtec.cat\/escolapacocandel\/?p=8349"},"modified":"2023-11-17T16:12:32","modified_gmt":"2023-11-17T15:12:32","slug":"sortida-al-camp-arqueologic","status":"publish","type":"post","link":"https:\/\/agora.xtec.cat\/escolapacocandel\/comunitat-de-grans\/sortida-al-camp-arqueologic\/","title":{"rendered":"Sortida 6\u00e8 B &#8211; Camp arqueol\u00f2gic"},"content":{"rendered":"<p>Per poder continuar amb el desenvolupament del projecte del nom de la classe, el grup de 6\u00e8B va poder gaudir d&#8217;un dia diferent fent tallers sobre l&#8217;Antic Egipte.<\/p>\n<p>Van formar part d&#8217;una expedici\u00f3 arqueol\u00f2gica, valorant la paci\u00e8ncia i el treball en equip, un recull amb el dossier d&#8217;activitats i la visita a la reproducci\u00f3 d&#8217;una tomba real.<\/p>\n<p>S&#8217;ho van passar molt b\u00e9!<\/p>\n<p>A continuaci\u00f3 us compartim l&#8217;enlla\u00e7 per veure el recull de fotografies,<\/p>\n<blockquote class=\"wp-embedded-content\" data-secret=\"4Y6adIkQdD\"><p><a href=\"https:\/\/agora.xtec.cat\/escolapacocandel\/fotos-privat\/fotos-sortida-projecte-6eb\/\">Protegit: Fotos sortida projecte 6\u00e8B<\/a><\/p><\/blockquote>\n<p><iframe loading=\"lazy\" class=\"wp-embedded-content\" sandbox=\"allow-scripts\" security=\"restricted\" style=\"position: absolute; clip: rect(1px, 1px, 1px, 1px);\" title=\"&#8220;Protegit: Fotos sortida projecte 6\u00e8B&#8221; &#8212; Escola Paco Candel\" src=\"https:\/\/agora.xtec.cat\/escolapacocandel\/fotos-privat\/fotos-sortida-projecte-6eb\/embed\/#?secret=bQkCd4kRCG#?secret=4Y6adIkQdD\" data-secret=\"4Y6adIkQdD\" width=\"500\" height=\"282\" frameborder=\"0\" marginwidth=\"0\" marginheight=\"0\" scrolling=\"no\"><\/iframe><\/p>\n","protected":false},"excerpt":{"rendered":"<p>Per poder continuar amb el desenvolupament del projecte del nom de la classe, el grup de 6\u00e8B va poder gaudir d&#8217;un dia diferent fent tallers sobre l&#8217;Antic Egipte.<br \/>\nVan formar part d&#8217;una expedici\u00f3 arqueol\u00f2gica, valorant la paci\u00e8ncia i el treball en equip, un recull amb el&hellip;  <a href=\"https:\/\/agora.xtec.cat\/escolapacocandel\/comunitat-de-grans\/sortida-al-camp-arqueologic\/\" title=\"Read Sortida 6\u00e8 B &#8211; Camp arqueol\u00f2gic\">Llegeix m\u00e9s\u00bb<\/a><\/p>\n","protected":false},"author":18,"featured_media":8350,"comment_status":"open","ping_status":"closed","sticky":false,"template":"","format":"standard","meta":{"_bbp_topic_count":0,"_bbp_reply_count":0,"_bbp_total_topic_count":0,"_bbp_total_reply_count":0,"_bbp_voice_count":0,"_bbp_anonymous_reply_count":0,"_bbp_topic_count_hidden":0,"_bbp_reply_count_hidden":0,"_bbp_forum_subforum_count":0,"footnotes":""},"categories":[129,146],"tags":[],"class_list":["post-8349","post","type-post","status-publish","format-standard","has-post-thumbnail","hentry","category-comunitat-de-grans","category-6e"],"post_mailing_queue_ids":[],"_links":{"self":[{"href":"https:\/\/agora.xtec.cat\/escolapacocandel\/wp-json\/wp\/v2\/posts\/8349","targetHints":{"allow":["GET"]}}],"collection":[{"href":"https:\/\/agora.xtec.cat\/escolapacocandel\/wp-json\/wp\/v2\/posts"}],"about":[{"href":"https:\/\/agora.xtec.cat\/escolapacocandel\/wp-json\/wp\/v2\/types\/post"}],"author":[{"embeddable":true,"href":"https:\/\/agora.xtec.cat\/escolapacocandel\/wp-json\/wp\/v2\/users\/18"}],"replies":[{"embeddable":true,"href":"https:\/\/agora.xtec.cat\/escolapacocandel\/wp-json\/wp\/v2\/comments?post=8349"}],"version-history":[{"count":2,"href":"https:\/\/agora.xtec.cat\/escolapacocandel\/wp-json\/wp\/v2\/posts\/8349\/revisions"}],"predecessor-version":[{"id":8352,"href":"https:\/\/agora.xtec.cat\/escolapacocandel\/wp-json\/wp\/v2\/posts\/8349\/revisions\/8352"}],"wp:featuredmedia":[{"embeddable":true,"href":"https:\/\/agora.xtec.cat\/escolapacocandel\/wp-json\/wp\/v2\/media\/8350"}],"wp:attachment":[{"href":"https:\/\/agora.xtec.cat\/escolapacocandel\/wp-json\/wp\/v2\/media?parent=8349"}],"wp:term":[{"taxonomy":"category","embeddable":true,"href":"https:\/\/agora.xtec.cat\/escolapacocandel\/wp-json\/wp\/v2\/categories?post=8349"},{"taxonomy":"post_tag","embeddable":true,"href":"https:\/\/agora.xtec.cat\/escolapacocandel\/wp-json\/wp\/v2\/tags?post=8349"}],"curies":[{"name":"wp","href":"https:\/\/api.w.org\/{rel}","templated":true}]}}