{"id":8306,"date":"2023-11-13T12:00:04","date_gmt":"2023-11-13T11:00:04","guid":{"rendered":"https:\/\/agora.xtec.cat\/escolapacocandel\/?p=8306"},"modified":"2023-11-13T12:15:42","modified_gmt":"2023-11-13T11:15:42","slug":"sortida-germanor-comunitat-grans","status":"publish","type":"post","link":"https:\/\/agora.xtec.cat\/escolapacocandel\/comunitat-de-grans\/sortida-germanor-comunitat-grans\/","title":{"rendered":"Sortida germanor comunitat grans"},"content":{"rendered":"<p>La comunitat de grans vam anar de sortida al Parc del Montnegre i el Corredor. All\u00e0 vam gaudir d&#8217;un espl\u00e8ndid dia envoltat de la natura. Tamb\u00e9 vam realitzar una petita ruta circular per con\u00e8ixer una mica m\u00e9s aquest parc i tamb\u00e9 con\u00e8ixer a tots els companys i companyes de 4t, 5\u00e8 i 6\u00e8.<\/p>\n<p>A continuaci\u00f3 trobareu les fotos del dia:<\/p>\n<blockquote class=\"wp-embedded-content\" data-secret=\"5k4LeDNLOi\"><p><a href=\"https:\/\/agora.xtec.cat\/escolapacocandel\/fotos-privat\/fotos-germanor-grans\/\">Protegit: FOTOS GERMANOR  GRANS<\/a><\/p><\/blockquote>\n<p><iframe loading=\"lazy\" class=\"wp-embedded-content\" sandbox=\"allow-scripts\" security=\"restricted\" style=\"position: absolute; clip: rect(1px, 1px, 1px, 1px);\" title=\"&#8220;Protegit: FOTOS GERMANOR  GRANS&#8221; &#8212; Escola Paco Candel\" src=\"https:\/\/agora.xtec.cat\/escolapacocandel\/fotos-privat\/fotos-germanor-grans\/embed\/#?secret=GsYGoXDs5t#?secret=5k4LeDNLOi\" data-secret=\"5k4LeDNLOi\" width=\"500\" height=\"282\" frameborder=\"0\" marginwidth=\"0\" marginheight=\"0\" scrolling=\"no\"><\/iframe><\/p>\n","protected":false},"excerpt":{"rendered":"<p>La comunitat de grans vam anar de sortida al Parc del Montnegre i el Corredor. All\u00e0 vam gaudir d&#8217;un espl\u00e8ndid dia envoltat de la natura. Tamb\u00e9 vam realitzar una petita ruta circular per con\u00e8ixer una mica m\u00e9s aquest parc i tamb\u00e9 con\u00e8ixer a tots els&hellip;  <a href=\"https:\/\/agora.xtec.cat\/escolapacocandel\/comunitat-de-grans\/sortida-germanor-comunitat-grans\/\" title=\"Read Sortida germanor comunitat grans\">Llegeix m\u00e9s\u00bb<\/a><\/p>\n","protected":false},"author":21,"featured_media":8307,"comment_status":"open","ping_status":"closed","sticky":false,"template":"","format":"standard","meta":{"_bbp_topic_count":0,"_bbp_reply_count":0,"_bbp_total_topic_count":0,"_bbp_total_reply_count":0,"_bbp_voice_count":0,"_bbp_anonymous_reply_count":0,"_bbp_topic_count_hidden":0,"_bbp_reply_count_hidden":0,"_bbp_forum_subforum_count":0,"footnotes":""},"categories":[144,129,143,146],"tags":[],"class_list":["post-8306","post","type-post","status-publish","format-standard","has-post-thumbnail","hentry","category-5e","category-comunitat-de-grans","category-4t","category-6e"],"post_mailing_queue_ids":[],"_links":{"self":[{"href":"https:\/\/agora.xtec.cat\/escolapacocandel\/wp-json\/wp\/v2\/posts\/8306","targetHints":{"allow":["GET"]}}],"collection":[{"href":"https:\/\/agora.xtec.cat\/escolapacocandel\/wp-json\/wp\/v2\/posts"}],"about":[{"href":"https:\/\/agora.xtec.cat\/escolapacocandel\/wp-json\/wp\/v2\/types\/post"}],"author":[{"embeddable":true,"href":"https:\/\/agora.xtec.cat\/escolapacocandel\/wp-json\/wp\/v2\/users\/21"}],"replies":[{"embeddable":true,"href":"https:\/\/agora.xtec.cat\/escolapacocandel\/wp-json\/wp\/v2\/comments?post=8306"}],"version-history":[{"count":1,"href":"https:\/\/agora.xtec.cat\/escolapacocandel\/wp-json\/wp\/v2\/posts\/8306\/revisions"}],"predecessor-version":[{"id":8308,"href":"https:\/\/agora.xtec.cat\/escolapacocandel\/wp-json\/wp\/v2\/posts\/8306\/revisions\/8308"}],"wp:featuredmedia":[{"embeddable":true,"href":"https:\/\/agora.xtec.cat\/escolapacocandel\/wp-json\/wp\/v2\/media\/8307"}],"wp:attachment":[{"href":"https:\/\/agora.xtec.cat\/escolapacocandel\/wp-json\/wp\/v2\/media?parent=8306"}],"wp:term":[{"taxonomy":"category","embeddable":true,"href":"https:\/\/agora.xtec.cat\/escolapacocandel\/wp-json\/wp\/v2\/categories?post=8306"},{"taxonomy":"post_tag","embeddable":true,"href":"https:\/\/agora.xtec.cat\/escolapacocandel\/wp-json\/wp\/v2\/tags?post=8306"}],"curies":[{"name":"wp","href":"https:\/\/api.w.org\/{rel}","templated":true}]}}