{"id":8232,"date":"2023-11-02T16:37:07","date_gmt":"2023-11-02T15:37:07","guid":{"rendered":"https:\/\/agora.xtec.cat\/escolapacocandel\/?p=8232"},"modified":"2023-11-09T14:56:18","modified_gmt":"2023-11-09T13:56:18","slug":"sortida-projecte-6ea-2","status":"publish","type":"post","link":"https:\/\/agora.xtec.cat\/escolapacocandel\/comunitat-de-grans\/sortida-projecte-6ea-2\/","title":{"rendered":"Sortida projecte 6\u00e8A"},"content":{"rendered":"<p>Els nens i les nenes de 6\u00e8 A hem realitzat la sortida del projecte a la Conreria (Tiana). All\u00e0 hem fet una gimcana \u201cViatgem pels continents\u201d, que tractava en fer la volta pel m\u00f3n per con\u00e8ixer altres realitats\u00a0 i problem\u00e0tiques fora del context europeu. Els pa\u00efsos que hem visitat amb les seves problem\u00e0tiques han sigut: Mali, S\u00edria, \u00cdndia, Burkina Faso, Brasil, Congo i Uruguai. Despr\u00e9s de cada prova s\u2019ha reflexionat sobre la problem\u00e0tica i s\u2019ha fet un breu debat. A m\u00e9s, tamb\u00e9 hem gaudit molt d\u2019un dia a la natura.<\/p>\n<p>A continuaci\u00f3 trobareu l\u2019enlla\u00e7 amb les FOTOS de la sortida:<\/p>\n<blockquote class=\"wp-embedded-content\" data-secret=\"6Y0cXFK52B\"><p><a href=\"https:\/\/agora.xtec.cat\/escolapacocandel\/fotos-privat\/fotos-sortida-projecte-6ea\/\">Protegit: Fotos sortida projecte 6\u00e8A<\/a><\/p><\/blockquote>\n<p><iframe loading=\"lazy\" class=\"wp-embedded-content\" sandbox=\"allow-scripts\" security=\"restricted\" style=\"position: absolute; clip: rect(1px, 1px, 1px, 1px);\" title=\"&#8220;Protegit: Fotos sortida projecte 6\u00e8A&#8221; &#8212; Escola Paco Candel\" src=\"https:\/\/agora.xtec.cat\/escolapacocandel\/fotos-privat\/fotos-sortida-projecte-6ea\/embed\/#?secret=WRv5qaKqJF#?secret=6Y0cXFK52B\" data-secret=\"6Y0cXFK52B\" width=\"500\" height=\"282\" frameborder=\"0\" marginwidth=\"0\" marginheight=\"0\" scrolling=\"no\"><\/iframe><\/p>\n<p>Carles<\/p>\n","protected":false},"excerpt":{"rendered":"<p>Els nens i les nenes de 6\u00e8 A hem realitzat la sortida del projecte a la Conreria (Tiana). All\u00e0 hem fet una gimcana \u201cViatgem pels continents\u201d, que tractava en fer la volta pel m\u00f3n per con\u00e8ixer altres realitats\u00a0 i problem\u00e0tiques fora del context europeu. Els&hellip;  <a href=\"https:\/\/agora.xtec.cat\/escolapacocandel\/comunitat-de-grans\/sortida-projecte-6ea-2\/\" title=\"Read Sortida projecte 6\u00e8A\">Llegeix m\u00e9s\u00bb<\/a><\/p>\n","protected":false},"author":21,"featured_media":8233,"comment_status":"open","ping_status":"closed","sticky":false,"template":"","format":"standard","meta":{"_bbp_topic_count":0,"_bbp_reply_count":0,"_bbp_total_topic_count":0,"_bbp_total_reply_count":0,"_bbp_voice_count":0,"_bbp_anonymous_reply_count":0,"_bbp_topic_count_hidden":0,"_bbp_reply_count_hidden":0,"_bbp_forum_subforum_count":0,"footnotes":""},"categories":[129,146],"tags":[],"class_list":["post-8232","post","type-post","status-publish","format-standard","has-post-thumbnail","hentry","category-comunitat-de-grans","category-6e"],"post_mailing_queue_ids":[],"_links":{"self":[{"href":"https:\/\/agora.xtec.cat\/escolapacocandel\/wp-json\/wp\/v2\/posts\/8232","targetHints":{"allow":["GET"]}}],"collection":[{"href":"https:\/\/agora.xtec.cat\/escolapacocandel\/wp-json\/wp\/v2\/posts"}],"about":[{"href":"https:\/\/agora.xtec.cat\/escolapacocandel\/wp-json\/wp\/v2\/types\/post"}],"author":[{"embeddable":true,"href":"https:\/\/agora.xtec.cat\/escolapacocandel\/wp-json\/wp\/v2\/users\/21"}],"replies":[{"embeddable":true,"href":"https:\/\/agora.xtec.cat\/escolapacocandel\/wp-json\/wp\/v2\/comments?post=8232"}],"version-history":[{"count":2,"href":"https:\/\/agora.xtec.cat\/escolapacocandel\/wp-json\/wp\/v2\/posts\/8232\/revisions"}],"predecessor-version":[{"id":8237,"href":"https:\/\/agora.xtec.cat\/escolapacocandel\/wp-json\/wp\/v2\/posts\/8232\/revisions\/8237"}],"wp:featuredmedia":[{"embeddable":true,"href":"https:\/\/agora.xtec.cat\/escolapacocandel\/wp-json\/wp\/v2\/media\/8233"}],"wp:attachment":[{"href":"https:\/\/agora.xtec.cat\/escolapacocandel\/wp-json\/wp\/v2\/media?parent=8232"}],"wp:term":[{"taxonomy":"category","embeddable":true,"href":"https:\/\/agora.xtec.cat\/escolapacocandel\/wp-json\/wp\/v2\/categories?post=8232"},{"taxonomy":"post_tag","embeddable":true,"href":"https:\/\/agora.xtec.cat\/escolapacocandel\/wp-json\/wp\/v2\/tags?post=8232"}],"curies":[{"name":"wp","href":"https:\/\/api.w.org\/{rel}","templated":true}]}}