{"id":8205,"date":"2023-10-26T13:48:12","date_gmt":"2023-10-26T11:48:12","guid":{"rendered":"https:\/\/agora.xtec.cat\/escolapacocandel\/?p=8205"},"modified":"2023-11-21T14:59:35","modified_gmt":"2023-11-21T13:59:35","slug":"sortida-museu-mollfulleda-classe-dels-minerals","status":"publish","type":"post","link":"https:\/\/agora.xtec.cat\/escolapacocandel\/comunitat-de-mitjans\/sortida-museu-mollfulleda-classe-dels-minerals\/","title":{"rendered":"Sortida Museu Mollfulleda classe dels Minerals"},"content":{"rendered":"<p>Benvolgudes fam\u00edlies de la classe dels Minerals,<\/p>\n<p>Aquest passat dimecres els infants de 2nB vam anar fins Arenys de Mar per visitar el museu de minerals Mollfulleda. En Joaqu\u00edm Mollfulleda va ser un reconegut mineralogista i fot\u00f2graf catal\u00e0. Va ser un aficionat als minerals des de ben jove i va aconseguir reunir una gran col\u00b7lecci\u00f3 de minerals que va cedir a l&#8217;ajuntament d&#8217;Arenys per a que tothom en pugui gaudir i visitar.<\/p>\n<p>Vam realitzar una visita guiada que ens va explicar algunes de les propietats que tenen els minerals i quins s\u00f3n els usos m\u00e9s freq\u00fcents en el nostre dia a dia. I vam fer un petit taller on vam poder descobrir algunes d&#8217;aquestes propietats fent una petita experimentaci\u00f3.<\/p>\n<p>En finalitzar el taller vam poder veure l&#8217;exposici\u00f3 del Sr. Mollfulleda i ens vam quedar amb la boca ben oberta! N&#8217;hi havia molt\u00edssims i de noms ben estranys.<\/p>\n<blockquote class=\"wp-embedded-content\" data-secret=\"z6O3IkkmsP\"><p><a href=\"https:\/\/agora.xtec.cat\/escolapacocandel\/fotos-privat\/fotos-sortida-museu-mollfulleda\/\">Protegit: Fotos Sortida Museu Mollfulleda<\/a><\/p><\/blockquote>\n<p><iframe loading=\"lazy\" class=\"wp-embedded-content\" sandbox=\"allow-scripts\" security=\"restricted\" style=\"position: absolute; clip: rect(1px, 1px, 1px, 1px);\" title=\"&#8220;Protegit: Fotos Sortida Museu Mollfulleda&#8221; &#8212; Escola Paco Candel\" src=\"https:\/\/agora.xtec.cat\/escolapacocandel\/fotos-privat\/fotos-sortida-museu-mollfulleda\/embed\/#?secret=x4QW66ffch#?secret=z6O3IkkmsP\" data-secret=\"z6O3IkkmsP\" width=\"500\" height=\"282\" frameborder=\"0\" marginwidth=\"0\" marginheight=\"0\" scrolling=\"no\"><\/iframe><\/p>\n","protected":false},"excerpt":{"rendered":"<p>Benvolgudes fam\u00edlies de la classe dels Minerals,<br \/>\nAquest passat dimecres els infants de 2nB vam anar fins Arenys de Mar per visitar el museu de minerals Mollfulleda. En Joaqu\u00edm Mollfulleda va ser un reconegut mineralogista i fot\u00f2graf catal\u00e0. Va ser un aficionat als minerals des de&hellip;  <a href=\"https:\/\/agora.xtec.cat\/escolapacocandel\/comunitat-de-mitjans\/sortida-museu-mollfulleda-classe-dels-minerals\/\" title=\"Read Sortida Museu Mollfulleda classe dels Minerals\">Llegeix m\u00e9s\u00bb<\/a><\/p>\n","protected":false},"author":1,"featured_media":0,"comment_status":"open","ping_status":"closed","sticky":false,"template":"","format":"standard","meta":{"_bbp_topic_count":0,"_bbp_reply_count":0,"_bbp_total_topic_count":0,"_bbp_total_reply_count":0,"_bbp_voice_count":0,"_bbp_anonymous_reply_count":0,"_bbp_topic_count_hidden":0,"_bbp_reply_count_hidden":0,"_bbp_forum_subforum_count":0,"footnotes":""},"categories":[127,137],"tags":[],"class_list":["post-8205","post","type-post","status-publish","format-standard","hentry","category-comunitat-de-mitjans","category-2n"],"post_mailing_queue_ids":[],"_links":{"self":[{"href":"https:\/\/agora.xtec.cat\/escolapacocandel\/wp-json\/wp\/v2\/posts\/8205","targetHints":{"allow":["GET"]}}],"collection":[{"href":"https:\/\/agora.xtec.cat\/escolapacocandel\/wp-json\/wp\/v2\/posts"}],"about":[{"href":"https:\/\/agora.xtec.cat\/escolapacocandel\/wp-json\/wp\/v2\/types\/post"}],"author":[{"embeddable":true,"href":"https:\/\/agora.xtec.cat\/escolapacocandel\/wp-json\/wp\/v2\/users\/1"}],"replies":[{"embeddable":true,"href":"https:\/\/agora.xtec.cat\/escolapacocandel\/wp-json\/wp\/v2\/comments?post=8205"}],"version-history":[{"count":5,"href":"https:\/\/agora.xtec.cat\/escolapacocandel\/wp-json\/wp\/v2\/posts\/8205\/revisions"}],"predecessor-version":[{"id":8389,"href":"https:\/\/agora.xtec.cat\/escolapacocandel\/wp-json\/wp\/v2\/posts\/8205\/revisions\/8389"}],"wp:attachment":[{"href":"https:\/\/agora.xtec.cat\/escolapacocandel\/wp-json\/wp\/v2\/media?parent=8205"}],"wp:term":[{"taxonomy":"category","embeddable":true,"href":"https:\/\/agora.xtec.cat\/escolapacocandel\/wp-json\/wp\/v2\/categories?post=8205"},{"taxonomy":"post_tag","embeddable":true,"href":"https:\/\/agora.xtec.cat\/escolapacocandel\/wp-json\/wp\/v2\/tags?post=8205"}],"curies":[{"name":"wp","href":"https:\/\/api.w.org\/{rel}","templated":true}]}}