{"id":8192,"date":"2023-10-18T15:29:39","date_gmt":"2023-10-18T13:29:39","guid":{"rendered":"https:\/\/agora.xtec.cat\/escolapacocandel\/?p=8192"},"modified":"2023-11-09T14:57:12","modified_gmt":"2023-11-09T13:57:12","slug":"sortides-de-2n-al-caixa-forum","status":"publish","type":"post","link":"https:\/\/agora.xtec.cat\/escolapacocandel\/comunitat-de-mitjans\/sortides-de-2n-al-caixa-forum\/","title":{"rendered":"Sortides de 2n al Caixa f\u00f2rum"},"content":{"rendered":"<p>Benvolgudes fam\u00edlies de 2n,<\/p>\n<p>Com ja sabeu aquest curs hem anat al Caixa f\u00f2rum en dues ocasions per participar en unes activitats de m\u00fasica.<\/p>\n<p>La primera de les sortides, 4 d&#8217;octubre, vam realitzar un taller anomenat &#8220;<em>Contes &amp; Rock<\/em>&#8221; i vam escoltar el conte de la Patufeta mentre toc\u00e0vem diferents ritmes amb instruments (bateria, tambor, pandero i caixa xina).<\/p>\n<p>La segona sortida, 17 d&#8217;octubre, vam anar a veure l&#8217;espectacle &#8220;<em>Un musical de pel\u00b7l\u00edcula<\/em>&#8221; amb els companys i companyes de 1r.\u00a0 En aquest espectacle, els actors i les actrius cantaven can\u00e7ons de Disney i ens animaven a participar.<\/p>\n<p>A continuaci\u00f3, us deixem un tastet de fotos perqu\u00e8 veieu lo b\u00e9 que ens ho vam passar!!<\/p>\n<p><a href=\"https:\/\/agora.xtec.cat\/escolapacocandel\/general\/fotos-2n-caixa-forum\/\">Fotos 2n Caixa f\u00f2rum<\/a><\/p>\n<p>Esperem que ho gaudiu!<\/p>\n<p>Yolanda i Rosa.<\/p>\n","protected":false},"excerpt":{"rendered":"<p>Benvolgudes fam\u00edlies de 2n,<br \/>\nCom ja sabeu aquest curs hem anat al Caixa f\u00f2rum en dues ocasions per participar en unes activitats de m\u00fasica.<br \/>\nLa primera de les sortides, 4 d&#8217;octubre, vam realitzar un taller anomenat &#8220;Contes &amp; Rock&#8221; i vam escoltar el conte de la Patufeta&hellip;  <a href=\"https:\/\/agora.xtec.cat\/escolapacocandel\/comunitat-de-mitjans\/sortides-de-2n-al-caixa-forum\/\" title=\"Read Sortides de 2n al Caixa f\u00f2rum\">Llegeix m\u00e9s\u00bb<\/a><\/p>\n","protected":false},"author":1,"featured_media":0,"comment_status":"open","ping_status":"closed","sticky":false,"template":"","format":"standard","meta":{"_bbp_topic_count":0,"_bbp_reply_count":0,"_bbp_total_topic_count":0,"_bbp_total_reply_count":0,"_bbp_voice_count":0,"_bbp_anonymous_reply_count":0,"_bbp_topic_count_hidden":0,"_bbp_reply_count_hidden":0,"_bbp_forum_subforum_count":0,"footnotes":""},"categories":[127,137],"tags":[],"class_list":["post-8192","post","type-post","status-publish","format-standard","hentry","category-comunitat-de-mitjans","category-2n"],"post_mailing_queue_ids":[],"_links":{"self":[{"href":"https:\/\/agora.xtec.cat\/escolapacocandel\/wp-json\/wp\/v2\/posts\/8192","targetHints":{"allow":["GET"]}}],"collection":[{"href":"https:\/\/agora.xtec.cat\/escolapacocandel\/wp-json\/wp\/v2\/posts"}],"about":[{"href":"https:\/\/agora.xtec.cat\/escolapacocandel\/wp-json\/wp\/v2\/types\/post"}],"author":[{"embeddable":true,"href":"https:\/\/agora.xtec.cat\/escolapacocandel\/wp-json\/wp\/v2\/users\/1"}],"replies":[{"embeddable":true,"href":"https:\/\/agora.xtec.cat\/escolapacocandel\/wp-json\/wp\/v2\/comments?post=8192"}],"version-history":[{"count":5,"href":"https:\/\/agora.xtec.cat\/escolapacocandel\/wp-json\/wp\/v2\/posts\/8192\/revisions"}],"predecessor-version":[{"id":8201,"href":"https:\/\/agora.xtec.cat\/escolapacocandel\/wp-json\/wp\/v2\/posts\/8192\/revisions\/8201"}],"wp:attachment":[{"href":"https:\/\/agora.xtec.cat\/escolapacocandel\/wp-json\/wp\/v2\/media?parent=8192"}],"wp:term":[{"taxonomy":"category","embeddable":true,"href":"https:\/\/agora.xtec.cat\/escolapacocandel\/wp-json\/wp\/v2\/categories?post=8192"},{"taxonomy":"post_tag","embeddable":true,"href":"https:\/\/agora.xtec.cat\/escolapacocandel\/wp-json\/wp\/v2\/tags?post=8192"}],"curies":[{"name":"wp","href":"https:\/\/api.w.org\/{rel}","templated":true}]}}