{"id":8129,"date":"2023-06-28T10:44:39","date_gmt":"2023-06-28T08:44:39","guid":{"rendered":"https:\/\/agora.xtec.cat\/escolapacocandel\/?p=8129"},"modified":"2023-11-09T13:40:57","modified_gmt":"2023-11-09T12:40:57","slug":"deures-destiu-6e","status":"publish","type":"post","link":"https:\/\/agora.xtec.cat\/escolapacocandel\/comunitat-de-grans\/6e\/deures-destiu-6e\/","title":{"rendered":"Deures d&#8217;estiu 6\u00e8"},"content":{"rendered":"<p>Benvolgudes fam\u00edlies de 6\u00e8,<\/p>\n<p>Us deixem enlla\u00e7at els deures d&#8217;estiu tamb\u00e9 per aqu\u00ed:<\/p>\n<p><a href=\"https:\/\/agora.xtec.cat\/escolapacocandel\/wp-content\/uploads\/usu332\/2023\/06\/Dossier-deures-estiu-A.pdf\">Dossier deures estiu A<\/a><\/p>\n<p><a href=\"https:\/\/agora.xtec.cat\/escolapacocandel\/wp-content\/uploads\/usu332\/2023\/06\/Dossier-deures-estiu-B.pdf\">Dossier deures estiu B<\/a><\/p>\n<p>Aprofitem per desitjar-vos un bon estiu i un bon inici a l&#8217;institut!<\/p>\n","protected":false},"excerpt":{"rendered":"<p>Benvolgudes fam\u00edlies de 6\u00e8,<br \/>\nUs deixem enlla\u00e7at els deures d&#8217;estiu tamb\u00e9 per aqu\u00ed:<br \/>\n<a href=\"https:\/\/agora.xtec.cat\/escolapacocandel\/wp-content\/uploads\/usu332\/2023\/06\/Dossier-deures-estiu-A.pdf\">Dossier deures estiu A<\/a><br \/>\n<a href=\"https:\/\/agora.xtec.cat\/escolapacocandel\/wp-content\/uploads\/usu332\/2023\/06\/Dossier-deures-estiu-B.pdf\">Dossier deures estiu B<\/a><br \/>\nAprofitem per desitjar-vos un bon estiu i un bon inici a l&#8217;institut!<\/p>\n","protected":false},"author":20,"featured_media":6545,"comment_status":"open","ping_status":"closed","sticky":false,"template":"","format":"standard","meta":{"_bbp_topic_count":0,"_bbp_reply_count":0,"_bbp_total_topic_count":0,"_bbp_total_reply_count":0,"_bbp_voice_count":0,"_bbp_anonymous_reply_count":0,"_bbp_topic_count_hidden":0,"_bbp_reply_count_hidden":0,"_bbp_forum_subforum_count":0,"footnotes":""},"categories":[146],"tags":[],"class_list":["post-8129","post","type-post","status-publish","format-standard","has-post-thumbnail","hentry","category-6e"],"post_mailing_queue_ids":[],"_links":{"self":[{"href":"https:\/\/agora.xtec.cat\/escolapacocandel\/wp-json\/wp\/v2\/posts\/8129","targetHints":{"allow":["GET"]}}],"collection":[{"href":"https:\/\/agora.xtec.cat\/escolapacocandel\/wp-json\/wp\/v2\/posts"}],"about":[{"href":"https:\/\/agora.xtec.cat\/escolapacocandel\/wp-json\/wp\/v2\/types\/post"}],"author":[{"embeddable":true,"href":"https:\/\/agora.xtec.cat\/escolapacocandel\/wp-json\/wp\/v2\/users\/20"}],"replies":[{"embeddable":true,"href":"https:\/\/agora.xtec.cat\/escolapacocandel\/wp-json\/wp\/v2\/comments?post=8129"}],"version-history":[{"count":1,"href":"https:\/\/agora.xtec.cat\/escolapacocandel\/wp-json\/wp\/v2\/posts\/8129\/revisions"}],"predecessor-version":[{"id":8132,"href":"https:\/\/agora.xtec.cat\/escolapacocandel\/wp-json\/wp\/v2\/posts\/8129\/revisions\/8132"}],"wp:featuredmedia":[{"embeddable":true,"href":"https:\/\/agora.xtec.cat\/escolapacocandel\/wp-json\/wp\/v2\/media\/6545"}],"wp:attachment":[{"href":"https:\/\/agora.xtec.cat\/escolapacocandel\/wp-json\/wp\/v2\/media?parent=8129"}],"wp:term":[{"taxonomy":"category","embeddable":true,"href":"https:\/\/agora.xtec.cat\/escolapacocandel\/wp-json\/wp\/v2\/categories?post=8129"},{"taxonomy":"post_tag","embeddable":true,"href":"https:\/\/agora.xtec.cat\/escolapacocandel\/wp-json\/wp\/v2\/tags?post=8129"}],"curies":[{"name":"wp","href":"https:\/\/api.w.org\/{rel}","templated":true}]}}