{"id":8112,"date":"2023-06-27T10:43:40","date_gmt":"2023-06-27T08:43:40","guid":{"rendered":"https:\/\/agora.xtec.cat\/escolapacocandel\/?p=8112"},"modified":"2023-11-09T13:31:20","modified_gmt":"2023-11-09T12:31:20","slug":"projecte-lescola","status":"publish","type":"post","link":"https:\/\/agora.xtec.cat\/escolapacocandel\/portada\/projecte-lescola\/","title":{"rendered":"Projecte l&#8217;escola"},"content":{"rendered":"<p>&nbsp;<\/p>\n<h1 style=\"text-align: center;\"><em><strong>PROJECTE L&#8217;ESCOLA<\/strong><\/em><\/h1>\n<p><a href=\"https:\/\/agora.xtec.cat\/escolapacocandel\/wp-content\/uploads\/usu332\/2023\/06\/WhatsApp-Image-2023-06-22-at-00.08.05-2.jpeg\"><img loading=\"lazy\" decoding=\"async\" class=\"alignnone size-full wp-image-8115\" src=\"https:\/\/agora.xtec.cat\/escolapacocandel\/wp-content\/uploads\/usu332\/2023\/06\/WhatsApp-Image-2023-06-22-at-00.08.05-2.jpeg\" alt=\"\" width=\"1024\" height=\"768\" srcset=\"https:\/\/agora.xtec.cat\/escolapacocandel\/wp-content\/uploads\/usu332\/2023\/06\/WhatsApp-Image-2023-06-22-at-00.08.05-2.jpeg 1024w, https:\/\/agora.xtec.cat\/escolapacocandel\/wp-content\/uploads\/usu332\/2023\/06\/WhatsApp-Image-2023-06-22-at-00.08.05-2-300x225.jpeg 300w, https:\/\/agora.xtec.cat\/escolapacocandel\/wp-content\/uploads\/usu332\/2023\/06\/WhatsApp-Image-2023-06-22-at-00.08.05-2-768x576.jpeg 768w, https:\/\/agora.xtec.cat\/escolapacocandel\/wp-content\/uploads\/usu332\/2023\/06\/WhatsApp-Image-2023-06-22-at-00.08.05-2-200x150.jpeg 200w\" sizes=\"auto, (max-width: 1024px) 100vw, 1024px\" \/><\/a><\/p>\n<p style=\"text-align: justify;\">Durant aquest tercer trimestre les classes de primer en les estones de projecte ens hem interessat per saber m\u00e9s coses de la nostra escola. Primer vam voler saber si les escoles sempre havien estat com la que nosaltres coneixem, i per aix\u00f2 vam elaborar una enquesta i vam preguntar a les nostres fam\u00edlies com havia estat la seva experi\u00e8ncia escolar. Amb aquest recull d&#8217;informaci\u00f3 vam veure que les escoles han canviat molt al llarg dels anys. <span class=\"WdYUQQ text-decoration-none text-strikethrough-none\">Una de les informacions que m\u00e9s ens va impressionar va ser que a les escoles d&#8217;abans hi havia poques joguines i que en algunes d&#8217;elles, els nens i les nenes estaven separats.<\/span><\/p>\n<p class=\"_04xlpA direction-ltr align-justify para-style-body\" style=\"text-align: justify;\"><span class=\"WdYUQQ text-decoration-none text-strikethrough-none\">Tamb\u00e9 vam reflexionar sobre el nom de la nostra escola. Per qu\u00e8 van decidir posar-li aquest nom? Qui era el Paco Candel? Qu\u00e8 va fer en la seva vida?&#8230; en\u00a0 un primer moment, van pensar que en Paco Candel era la persona que havia constru\u00eft l&#8217;escola. Aix\u00ed que vam buscar informaci\u00f3 i a trav\u00e9s d&#8217;un conte, i d&#8217;un documental vam endinsar-nos una mica m\u00e9s de la seva vida. Vam veure que havia estat un escriptor fam\u00f3s i una persona molt important per la ciutat.<\/span><\/p>\n<p class=\"_04xlpA direction-ltr align-justify para-style-body\" style=\"text-align: justify;\"><span class=\"WdYUQQ text-decoration-none text-strikethrough-none\">Per acabar el projecte, i com que ja no falta gaire perqu\u00e8 comencin a fer la nostra escola definitiva, vam parlar de com ens agradaria que fos, quins espais ens agradaria tenir, com ens agradaria que fos el pati&#8230; Despr\u00e9s d&#8217;una bona conversa, en petits grups vam dissenyar i crear les nostres maquetes amb un munt de bones idees.<\/span><\/p>\n<p style=\"text-align: justify;\"><a href=\"https:\/\/agora.xtec.cat\/escolapacocandel\/wp-content\/uploads\/usu332\/2023\/06\/WhatsApp-Image-2023-06-26-at-10.00.47-rotated.jpeg\">\u00a0 \u00a0 \u00a0 \u00a0 \u00a0 \u00a0 \u00a0 \u00a0 \u00a0 \u00a0 \u00a0 \u00a0 \u00a0 \u00a0 \u00a0 \u00a0 \u00a0 <img loading=\"lazy\" decoding=\"async\" class=\"alignnone wp-image-8114\" src=\"https:\/\/agora.xtec.cat\/escolapacocandel\/wp-content\/uploads\/usu332\/2023\/06\/WhatsApp-Image-2023-06-26-at-10.00.47-rotated.jpeg\" alt=\"\" width=\"316\" height=\"237\" srcset=\"https:\/\/agora.xtec.cat\/escolapacocandel\/wp-content\/uploads\/usu332\/2023\/06\/WhatsApp-Image-2023-06-26-at-10.00.47-rotated.jpeg 1024w, https:\/\/agora.xtec.cat\/escolapacocandel\/wp-content\/uploads\/usu332\/2023\/06\/WhatsApp-Image-2023-06-26-at-10.00.47-300x225.jpeg 300w, https:\/\/agora.xtec.cat\/escolapacocandel\/wp-content\/uploads\/usu332\/2023\/06\/WhatsApp-Image-2023-06-26-at-10.00.47-768x576.jpeg 768w, https:\/\/agora.xtec.cat\/escolapacocandel\/wp-content\/uploads\/usu332\/2023\/06\/WhatsApp-Image-2023-06-26-at-10.00.47-200x150.jpeg 200w\" sizes=\"auto, (max-width: 316px) 100vw, 316px\" \/><\/a><\/p>\n<p class=\"_04xlpA direction-ltr align-justify para-style-body\" style=\"text-align: justify;\"><span class=\"WdYUQQ text-decoration-none text-strikethrough-none\">Enviarem les nostres maquetes a l&#8217;Equip d&#8217;arquitectes perqu\u00e8 es puguin inspirar amb totes aquestes bones idees que hem creat entre la classe de la Xocolata i els Experiments.<\/span><\/p>\n<p><a href=\"https:\/\/agora.xtec.cat\/escolapacocandel\/wp-content\/uploads\/usu332\/2023\/06\/WhatsApp-Image-2023-06-22-at-00.08.05-1.jpeg\"><img loading=\"lazy\" decoding=\"async\" class=\"alignnone wp-image-8117\" src=\"https:\/\/agora.xtec.cat\/escolapacocandel\/wp-content\/uploads\/usu332\/2023\/06\/WhatsApp-Image-2023-06-22-at-00.08.05-1.jpeg\" alt=\"\" width=\"199\" height=\"265\" srcset=\"https:\/\/agora.xtec.cat\/escolapacocandel\/wp-content\/uploads\/usu332\/2023\/06\/WhatsApp-Image-2023-06-22-at-00.08.05-1.jpeg 768w, https:\/\/agora.xtec.cat\/escolapacocandel\/wp-content\/uploads\/usu332\/2023\/06\/WhatsApp-Image-2023-06-22-at-00.08.05-1-225x300.jpeg 225w\" sizes=\"auto, (max-width: 199px) 100vw, 199px\" \/>\u00a0 <\/a><a href=\"https:\/\/agora.xtec.cat\/escolapacocandel\/wp-content\/uploads\/usu332\/2023\/06\/WhatsApp-Image-2023-06-22-at-00.08.05.jpeg\"><img loading=\"lazy\" decoding=\"async\" class=\"alignnone wp-image-8122\" src=\"https:\/\/agora.xtec.cat\/escolapacocandel\/wp-content\/uploads\/usu332\/2023\/06\/WhatsApp-Image-2023-06-22-at-00.08.05.jpeg\" alt=\"\" width=\"199\" height=\"265\" srcset=\"https:\/\/agora.xtec.cat\/escolapacocandel\/wp-content\/uploads\/usu332\/2023\/06\/WhatsApp-Image-2023-06-22-at-00.08.05.jpeg 768w, https:\/\/agora.xtec.cat\/escolapacocandel\/wp-content\/uploads\/usu332\/2023\/06\/WhatsApp-Image-2023-06-22-at-00.08.05-225x300.jpeg 225w\" sizes=\"auto, (max-width: 199px) 100vw, 199px\" \/> <\/a><a href=\"https:\/\/agora.xtec.cat\/escolapacocandel\/wp-content\/uploads\/usu332\/2023\/06\/WhatsApp-Image-2023-06-23-at-12.24.55.jpeg\"><img loading=\"lazy\" decoding=\"async\" class=\"alignnone wp-image-8124\" src=\"https:\/\/agora.xtec.cat\/escolapacocandel\/wp-content\/uploads\/usu332\/2023\/06\/WhatsApp-Image-2023-06-23-at-12.24.55-768x1024.jpeg\" alt=\"\" width=\"200\" height=\"267\" srcset=\"https:\/\/agora.xtec.cat\/escolapacocandel\/wp-content\/uploads\/usu332\/2023\/06\/WhatsApp-Image-2023-06-23-at-12.24.55-768x1024.jpeg 768w, https:\/\/agora.xtec.cat\/escolapacocandel\/wp-content\/uploads\/usu332\/2023\/06\/WhatsApp-Image-2023-06-23-at-12.24.55-225x300.jpeg 225w, https:\/\/agora.xtec.cat\/escolapacocandel\/wp-content\/uploads\/usu332\/2023\/06\/WhatsApp-Image-2023-06-23-at-12.24.55-1152x1536.jpeg 1152w, https:\/\/agora.xtec.cat\/escolapacocandel\/wp-content\/uploads\/usu332\/2023\/06\/WhatsApp-Image-2023-06-23-at-12.24.55.jpeg 1536w\" sizes=\"auto, (max-width: 200px) 100vw, 200px\" \/><\/a><a href=\"https:\/\/agora.xtec.cat\/escolapacocandel\/wp-content\/uploads\/usu332\/2023\/06\/WhatsApp-Image-2023-06-26-at-10.00.47-5.jpeg\"><img loading=\"lazy\" decoding=\"async\" class=\"alignnone wp-image-8118\" src=\"https:\/\/agora.xtec.cat\/escolapacocandel\/wp-content\/uploads\/usu332\/2023\/06\/WhatsApp-Image-2023-06-26-at-10.00.47-5.jpeg\" alt=\"\" width=\"611\" height=\"458\" srcset=\"https:\/\/agora.xtec.cat\/escolapacocandel\/wp-content\/uploads\/usu332\/2023\/06\/WhatsApp-Image-2023-06-26-at-10.00.47-5.jpeg 1024w, https:\/\/agora.xtec.cat\/escolapacocandel\/wp-content\/uploads\/usu332\/2023\/06\/WhatsApp-Image-2023-06-26-at-10.00.47-5-300x225.jpeg 300w, https:\/\/agora.xtec.cat\/escolapacocandel\/wp-content\/uploads\/usu332\/2023\/06\/WhatsApp-Image-2023-06-26-at-10.00.47-5-768x576.jpeg 768w, https:\/\/agora.xtec.cat\/escolapacocandel\/wp-content\/uploads\/usu332\/2023\/06\/WhatsApp-Image-2023-06-26-at-10.00.47-5-200x150.jpeg 200w\" sizes=\"auto, (max-width: 611px) 100vw, 611px\" \/><\/a><\/p>\n<p>Tota la comunitat educativa, ja<span class=\"WdYUQQ text-decoration-none text-strikethrough-none\"> tenim moltes ganes d&#8217;estrenar la Nova Paco Candel!!!<\/span><\/p>\n","protected":false},"excerpt":{"rendered":"<p>&nbsp;<br \/>\nPROJECTE L&#8217;ESCOLA<br \/>\n<a href=\"https:\/\/agora.xtec.cat\/escolapacocandel\/wp-content\/uploads\/usu332\/2023\/06\/WhatsApp-Image-2023-06-22-at-00.08.05-2.jpeg\"><\/a><br \/>\nDurant aquest tercer trimestre les classes de primer en les estones de projecte ens hem interessat per saber m\u00e9s coses de la nostra escola. Primer vam voler saber si les escoles sempre havien estat com la que nosaltres coneixem, i per aix\u00f2 vam&hellip;  <a href=\"https:\/\/agora.xtec.cat\/escolapacocandel\/portada\/projecte-lescola\/\" title=\"Read Projecte l&#8217;escola\">Llegeix m\u00e9s\u00bb<\/a><\/p>\n","protected":false},"author":1,"featured_media":8115,"comment_status":"open","ping_status":"closed","sticky":false,"template":"","format":"standard","meta":{"_bbp_topic_count":0,"_bbp_reply_count":0,"_bbp_total_topic_count":0,"_bbp_total_reply_count":0,"_bbp_voice_count":0,"_bbp_anonymous_reply_count":0,"_bbp_topic_count_hidden":0,"_bbp_reply_count_hidden":0,"_bbp_forum_subforum_count":0,"footnotes":""},"categories":[127,4,140],"tags":[],"class_list":["post-8112","post","type-post","status-publish","format-standard","has-post-thumbnail","hentry","category-comunitat-de-mitjans","category-portada","category-1r"],"post_mailing_queue_ids":[],"_links":{"self":[{"href":"https:\/\/agora.xtec.cat\/escolapacocandel\/wp-json\/wp\/v2\/posts\/8112","targetHints":{"allow":["GET"]}}],"collection":[{"href":"https:\/\/agora.xtec.cat\/escolapacocandel\/wp-json\/wp\/v2\/posts"}],"about":[{"href":"https:\/\/agora.xtec.cat\/escolapacocandel\/wp-json\/wp\/v2\/types\/post"}],"author":[{"embeddable":true,"href":"https:\/\/agora.xtec.cat\/escolapacocandel\/wp-json\/wp\/v2\/users\/1"}],"replies":[{"embeddable":true,"href":"https:\/\/agora.xtec.cat\/escolapacocandel\/wp-json\/wp\/v2\/comments?post=8112"}],"version-history":[{"count":4,"href":"https:\/\/agora.xtec.cat\/escolapacocandel\/wp-json\/wp\/v2\/posts\/8112\/revisions"}],"predecessor-version":[{"id":8255,"href":"https:\/\/agora.xtec.cat\/escolapacocandel\/wp-json\/wp\/v2\/posts\/8112\/revisions\/8255"}],"wp:featuredmedia":[{"embeddable":true,"href":"https:\/\/agora.xtec.cat\/escolapacocandel\/wp-json\/wp\/v2\/media\/8115"}],"wp:attachment":[{"href":"https:\/\/agora.xtec.cat\/escolapacocandel\/wp-json\/wp\/v2\/media?parent=8112"}],"wp:term":[{"taxonomy":"category","embeddable":true,"href":"https:\/\/agora.xtec.cat\/escolapacocandel\/wp-json\/wp\/v2\/categories?post=8112"},{"taxonomy":"post_tag","embeddable":true,"href":"https:\/\/agora.xtec.cat\/escolapacocandel\/wp-json\/wp\/v2\/tags?post=8112"}],"curies":[{"name":"wp","href":"https:\/\/api.w.org\/{rel}","templated":true}]}}