{"id":8094,"date":"2023-06-21T14:16:30","date_gmt":"2023-06-21T12:16:30","guid":{"rendered":"https:\/\/agora.xtec.cat\/escolapacocandel\/?p=8094"},"modified":"2023-11-07T12:22:20","modified_gmt":"2023-11-07T11:22:20","slug":"projecte-els-sectors-de-treball-3r","status":"publish","type":"post","link":"https:\/\/agora.xtec.cat\/escolapacocandel\/comunitat-de-mitjans\/projecte-els-sectors-de-treball-3r\/","title":{"rendered":"Projecte Els sectors de Treball 3r"},"content":{"rendered":"<p>Benvolgudes fam\u00edlies de 3r Cinema i Univers,<\/p>\n<p>En aquest darrer trimestre de 3r hem estat treballant els sectors econ\u00f2mics del nostre entorn.<\/p>\n<p>Gr\u00e0cies a les vostres aportacions vam iniciar el projecte coneixent una mica m\u00e9s en qu\u00e8 consisteixen les vostres feines. Vam organitzar-les en sectors de treball i a partir d&#8217;aqu\u00ed vam comen\u00e7ar a investigar quins eren aquests sectors i quines feines s&#8217;hi desenvolupen.<\/p>\n<p>Gr\u00e0cies a la sortida a Can Gel vam descobrir una mica m\u00e9s el sector primari.\u00a0 A trav\u00e9s de les fam\u00edlies que han participat en les xerrades a l&#8217;aula, hem descobert millor les feines del sector terciari. Les feines del sector secundari les vam anar coneixent a trav\u00e9s de v\u00eddeos i llibres.<\/p>\n<p>Hem estat parlant tamb\u00e9 del paper de la dona en el m\u00f3n laboral i dels estereotips que encara hi ha en aquest sector.\u00a0 A m\u00e9s a m\u00e9s, vam estar coneixent la situaci\u00f3 de milions de nens i nenes al m\u00f3n que han de treballar des de ben petits.<\/p>\n<p><strong>Molt agra\u00efts amb les fam\u00edlies participants per compartir amb nosaltres les vostres feines.<\/strong><\/p>\n<p>&nbsp;<\/p>\n<p>Mestres de 3r<\/p>\n<p><a href=\"https:\/\/agora.xtec.cat\/escolapacocandel\/comunitat-de-mitjans\/fotos-sectors-de-treball-curs-2022-23\/\">https:\/\/agora.xtec.cat\/escolapacocandel\/comunitat-de-mitjans\/fotos-sectors-de-treball-curs-2022-23\/<\/a><\/p>\n","protected":false},"excerpt":{"rendered":"<p>Benvolgudes fam\u00edlies de 3r Cinema i Univers,<br \/>\nEn aquest darrer trimestre de 3r hem estat treballant els sectors econ\u00f2mics del nostre entorn.<br \/>\nGr\u00e0cies a les vostres aportacions vam iniciar el projecte coneixent una mica m\u00e9s en qu\u00e8 consisteixen les vostres feines. Vam organitzar-les en sectors de treball&hellip;  <a href=\"https:\/\/agora.xtec.cat\/escolapacocandel\/comunitat-de-mitjans\/projecte-els-sectors-de-treball-3r\/\" title=\"Read Projecte Els sectors de Treball 3r\">Llegeix m\u00e9s\u00bb<\/a><\/p>\n","protected":false},"author":1,"featured_media":0,"comment_status":"open","ping_status":"closed","sticky":false,"template":"","format":"standard","meta":{"_bbp_topic_count":0,"_bbp_reply_count":0,"_bbp_total_topic_count":0,"_bbp_total_reply_count":0,"_bbp_voice_count":0,"_bbp_anonymous_reply_count":0,"_bbp_topic_count_hidden":0,"_bbp_reply_count_hidden":0,"_bbp_forum_subforum_count":0,"footnotes":""},"categories":[127,141],"tags":[],"class_list":["post-8094","post","type-post","status-publish","format-standard","hentry","category-comunitat-de-mitjans","category-3r"],"post_mailing_queue_ids":[],"_links":{"self":[{"href":"https:\/\/agora.xtec.cat\/escolapacocandel\/wp-json\/wp\/v2\/posts\/8094","targetHints":{"allow":["GET"]}}],"collection":[{"href":"https:\/\/agora.xtec.cat\/escolapacocandel\/wp-json\/wp\/v2\/posts"}],"about":[{"href":"https:\/\/agora.xtec.cat\/escolapacocandel\/wp-json\/wp\/v2\/types\/post"}],"author":[{"embeddable":true,"href":"https:\/\/agora.xtec.cat\/escolapacocandel\/wp-json\/wp\/v2\/users\/1"}],"replies":[{"embeddable":true,"href":"https:\/\/agora.xtec.cat\/escolapacocandel\/wp-json\/wp\/v2\/comments?post=8094"}],"version-history":[{"count":2,"href":"https:\/\/agora.xtec.cat\/escolapacocandel\/wp-json\/wp\/v2\/posts\/8094\/revisions"}],"predecessor-version":[{"id":8098,"href":"https:\/\/agora.xtec.cat\/escolapacocandel\/wp-json\/wp\/v2\/posts\/8094\/revisions\/8098"}],"wp:attachment":[{"href":"https:\/\/agora.xtec.cat\/escolapacocandel\/wp-json\/wp\/v2\/media?parent=8094"}],"wp:term":[{"taxonomy":"category","embeddable":true,"href":"https:\/\/agora.xtec.cat\/escolapacocandel\/wp-json\/wp\/v2\/categories?post=8094"},{"taxonomy":"post_tag","embeddable":true,"href":"https:\/\/agora.xtec.cat\/escolapacocandel\/wp-json\/wp\/v2\/tags?post=8094"}],"curies":[{"name":"wp","href":"https:\/\/api.w.org\/{rel}","templated":true}]}}