{"id":8087,"date":"2023-06-21T13:41:36","date_gmt":"2023-06-21T11:41:36","guid":{"rendered":"https:\/\/agora.xtec.cat\/escolapacocandel\/?p=8087"},"modified":"2023-11-09T13:51:07","modified_gmt":"2023-11-09T12:51:07","slug":"tallers-en-familia","status":"publish","type":"post","link":"https:\/\/agora.xtec.cat\/escolapacocandel\/portada\/tallers-en-familia\/","title":{"rendered":"TALLERS EN FAM\u00cdLIA"},"content":{"rendered":"<p>&nbsp;<\/p>\n<p>Avui fa una setmana que s&#8217;inici\u00e0 la darrera edici\u00f3 dels <strong>Tallers en Fam\u00edlia<\/strong>. Enguany la comunitat de petites i petits han pogut tornar a gaudir d&#8217;activitats diverses preparades per i amb les seves fam\u00edlies.<\/p>\n<p>A <strong>tres anys<\/strong> van poder jugar amb la transformaci\u00f3 del color quan es dilueix en l&#8217;aigua al taller anomenat <strong>difusor de colors<\/strong>, van construir els seus propis <strong>titelles amb culleres de fusta<\/strong>, van embadalir-se observant com brollaven els <strong>volcans de colors<\/strong> i\u00a0 com s&#8217;escampava la pintura formant taques en el taller de <strong>pintura bufada<\/strong>. Finalment, conte, m\u00fasica i color s&#8217;entrella\u00e7aven creant meravellosos <strong>camps de flors.<\/strong><\/p>\n<p>A quatre anys les nenes i nens van poder fer <strong>robeta per a nines<\/strong> amb globus, van confeccionar el seu propi <strong>Slime<\/strong> i <strong>ventalls de paper<\/strong>,\u00a0 la sala de psico es va omplir de moviment, llum i m\u00fasica en el taller <strong>ens movem\u00a0<\/strong>i finalment tamb\u00e9 van fer produccions de <strong>pintura bufada.<\/strong><\/p>\n<div>\n<p>A cinc anys l&#8217;experiment amb bicarbonat va transformar els gots en <strong>cares espumoses<\/strong>, el laboratori es va convertir en una enorme cambra fosca<strong> luminescent<\/strong> amb propostes de tot tipus, al pati van poder gaudir de la <strong>pintura centrifugada<\/strong>, la sala d&#8217;art es va\u00a0 convertir en un taller de confecci\u00f3 de <strong>ninots TAM<\/strong> i finalment les nenes i els nens de cinc anys tamb\u00e9 van poder endinsar-se en el m\u00f3n m\u00e0gic dels contes.<\/p>\n<p>Els tres dies van ser genials, amb propostes molt engrescadores i un esmorzar compartit del tot saludable.<\/p>\n<div>\n<p><a href=\"https:\/\/agora.xtec.cat\/escolapacocandel\/fotos-privat\/fotos-tallers-families-petits\/\">Aqu\u00ed podeu veure les fotografies<\/a><\/p>\n<\/div>\n<\/div>\n","protected":false},"excerpt":{"rendered":"<p>&nbsp;<br \/>\nAvui fa una setmana que s&#8217;inici\u00e0 la darrera edici\u00f3 dels Tallers en Fam\u00edlia. Enguany la comunitat de petites i petits han pogut tornar a gaudir d&#8217;activitats diverses preparades per i amb les seves fam\u00edlies.<br \/>\nA tres anys van poder jugar amb la transformaci\u00f3 del color quan&hellip;  <a href=\"https:\/\/agora.xtec.cat\/escolapacocandel\/portada\/tallers-en-familia\/\" title=\"Read TALLERS EN FAM\u00cdLIA\">Llegeix m\u00e9s\u00bb<\/a><\/p>\n","protected":false},"author":1,"featured_media":8089,"comment_status":"open","ping_status":"closed","sticky":false,"template":"","format":"standard","meta":{"_bbp_topic_count":0,"_bbp_reply_count":0,"_bbp_total_topic_count":0,"_bbp_total_reply_count":0,"_bbp_voice_count":0,"_bbp_anonymous_reply_count":0,"_bbp_topic_count_hidden":0,"_bbp_reply_count_hidden":0,"_bbp_forum_subforum_count":0,"footnotes":""},"categories":[182,183,128,4],"tags":[],"class_list":["post-8087","post","type-post","status-publish","format-standard","has-post-thumbnail","hentry","category-3-anys","category-4-anys","category-comunitat-de-petits","category-portada"],"post_mailing_queue_ids":[],"_links":{"self":[{"href":"https:\/\/agora.xtec.cat\/escolapacocandel\/wp-json\/wp\/v2\/posts\/8087","targetHints":{"allow":["GET"]}}],"collection":[{"href":"https:\/\/agora.xtec.cat\/escolapacocandel\/wp-json\/wp\/v2\/posts"}],"about":[{"href":"https:\/\/agora.xtec.cat\/escolapacocandel\/wp-json\/wp\/v2\/types\/post"}],"author":[{"embeddable":true,"href":"https:\/\/agora.xtec.cat\/escolapacocandel\/wp-json\/wp\/v2\/users\/1"}],"replies":[{"embeddable":true,"href":"https:\/\/agora.xtec.cat\/escolapacocandel\/wp-json\/wp\/v2\/comments?post=8087"}],"version-history":[{"count":4,"href":"https:\/\/agora.xtec.cat\/escolapacocandel\/wp-json\/wp\/v2\/posts\/8087\/revisions"}],"predecessor-version":[{"id":8256,"href":"https:\/\/agora.xtec.cat\/escolapacocandel\/wp-json\/wp\/v2\/posts\/8087\/revisions\/8256"}],"wp:featuredmedia":[{"embeddable":true,"href":"https:\/\/agora.xtec.cat\/escolapacocandel\/wp-json\/wp\/v2\/media\/8089"}],"wp:attachment":[{"href":"https:\/\/agora.xtec.cat\/escolapacocandel\/wp-json\/wp\/v2\/media?parent=8087"}],"wp:term":[{"taxonomy":"category","embeddable":true,"href":"https:\/\/agora.xtec.cat\/escolapacocandel\/wp-json\/wp\/v2\/categories?post=8087"},{"taxonomy":"post_tag","embeddable":true,"href":"https:\/\/agora.xtec.cat\/escolapacocandel\/wp-json\/wp\/v2\/tags?post=8087"}],"curies":[{"name":"wp","href":"https:\/\/api.w.org\/{rel}","templated":true}]}}