{"id":8074,"date":"2023-06-19T18:53:36","date_gmt":"2023-06-19T16:53:36","guid":{"rendered":"https:\/\/agora.xtec.cat\/escolapacocandel\/?p=8074"},"modified":"2023-11-09T13:41:35","modified_gmt":"2023-11-09T12:41:35","slug":"projecte-6e-la-sexualitat","status":"publish","type":"post","link":"https:\/\/agora.xtec.cat\/escolapacocandel\/comunitat-de-grans\/projecte-6e-la-sexualitat\/","title":{"rendered":"Projecte 6\u00e8 &#8211; La sexualitat"},"content":{"rendered":"<p><b>La sexualitat<\/b><\/p>\n<p>Aquest tercer trimestre i per finalitzar el curs els infants de 6\u00e8 han treballat al seu \u00faltim projecte la <b>sexualitat.<a href=\"https:\/\/agora.xtec.cat\/escolapacocandel\/wp-content\/uploads\/usu332\/2023\/06\/1687178489488-1.jpg\"><img loading=\"lazy\" decoding=\"async\" class=\"wp-image-8075 aligncenter\" src=\"https:\/\/agora.xtec.cat\/escolapacocandel\/wp-content\/uploads\/usu332\/2023\/06\/1687178489488-1-1024x576.jpg\" alt=\"\" width=\"193\" height=\"109\" srcset=\"https:\/\/agora.xtec.cat\/escolapacocandel\/wp-content\/uploads\/usu332\/2023\/06\/1687178489488-1-1024x576.jpg 1024w, https:\/\/agora.xtec.cat\/escolapacocandel\/wp-content\/uploads\/usu332\/2023\/06\/1687178489488-1-300x169.jpg 300w, https:\/\/agora.xtec.cat\/escolapacocandel\/wp-content\/uploads\/usu332\/2023\/06\/1687178489488-1-768x432.jpg 768w, https:\/\/agora.xtec.cat\/escolapacocandel\/wp-content\/uploads\/usu332\/2023\/06\/1687178489488-1.jpg 1079w\" sizes=\"auto, (max-width: 193px) 100vw, 193px\" \/><\/a><\/b><\/p>\n<p>Per iniciar el projecte es va fer una pluja d\u2019idees d\u2019aquells temes que tenien curiositat o volien con\u00e8ixer; pubertat, embar\u00e0s, menstruaci\u00f3, reproducci\u00f3, LGTBIQ+\u2026<\/p>\n<p>Llavors, cada grup va comen\u00e7ar a investigar a trav\u00e9s de llibres, que volien estudiar i finalment van posar en marxa el seu projecte.<\/p>\n<p>De tots aquells temes que van sortir a les classes per grups van elegir <a href=\"https:\/\/agora.xtec.cat\/escolapacocandel\/wp-content\/uploads\/usu332\/2023\/06\/1687178489439.jpg\"><img loading=\"lazy\" decoding=\"async\" class=\"wp-image-8076 alignright\" src=\"https:\/\/agora.xtec.cat\/escolapacocandel\/wp-content\/uploads\/usu332\/2023\/06\/1687178489439-1024x653.jpg\" alt=\"\" width=\"187\" height=\"119\" srcset=\"https:\/\/agora.xtec.cat\/escolapacocandel\/wp-content\/uploads\/usu332\/2023\/06\/1687178489439-1024x653.jpg 1024w, https:\/\/agora.xtec.cat\/escolapacocandel\/wp-content\/uploads\/usu332\/2023\/06\/1687178489439-300x191.jpg 300w, https:\/\/agora.xtec.cat\/escolapacocandel\/wp-content\/uploads\/usu332\/2023\/06\/1687178489439-768x490.jpg 768w, https:\/\/agora.xtec.cat\/escolapacocandel\/wp-content\/uploads\/usu332\/2023\/06\/1687178489439.jpg 1079w\" sizes=\"auto, (max-width: 187px) 100vw, 187px\" \/><\/a>tem\u00e0tiques per poder dur a terme la investigaci\u00f3, i a m\u00e9s van pensar en quin podria ser el producte final d\u2019aquest estudi. Els alumnes van tindre moltes idees per poder fer, i llavors cada grup va elegir productes finals diferents; maquetes, v\u00eddeos, presentacions, teatre amb titelles\u2026<\/p>\n<p style=\"text-align: left;\">Durant setmanes es va fer una \u00e0mplia recerca d\u2019informaci\u00f3, amb llibres que ten\u00edem a l\u2019escola, llibres de la biblioteca o els quals van portar els nens i nenes de casa. Amb tota la informaci\u00f3 que han anat extraient van fer un dossier per poder recollir-ho tot.<\/p>\n<p><a href=\"https:\/\/agora.xtec.cat\/escolapacocandel\/wp-content\/uploads\/usu332\/2023\/06\/1687178489473-1.jpg\">\u00a0\u00a0\u00a0\u00a0\u00a0\u00a0\u00a0 <img loading=\"lazy\" decoding=\"async\" class=\"alignnone wp-image-8078 size-medium\" src=\"https:\/\/agora.xtec.cat\/escolapacocandel\/wp-content\/uploads\/usu332\/2023\/06\/1687178489473-1-300x193.jpg\" alt=\"\" width=\"300\" height=\"193\" srcset=\"https:\/\/agora.xtec.cat\/escolapacocandel\/wp-content\/uploads\/usu332\/2023\/06\/1687178489473-1-300x193.jpg 300w, https:\/\/agora.xtec.cat\/escolapacocandel\/wp-content\/uploads\/usu332\/2023\/06\/1687178489473-1-1024x660.jpg 1024w, https:\/\/agora.xtec.cat\/escolapacocandel\/wp-content\/uploads\/usu332\/2023\/06\/1687178489473-1-768x495.jpg 768w, https:\/\/agora.xtec.cat\/escolapacocandel\/wp-content\/uploads\/usu332\/2023\/06\/1687178489473-1.jpg 1079w\" sizes=\"auto, (max-width: 300px) 100vw, 300px\" \/><\/a> \u00a0 \u00a0 \u00a0 \u00a0 \u00a0 \u00a0 \u00a0 \u00a0 <a href=\"https:\/\/agora.xtec.cat\/escolapacocandel\/wp-content\/uploads\/usu332\/2023\/06\/1687178489418-1.jpg\"><img loading=\"lazy\" decoding=\"async\" class=\"alignnone wp-image-8079 size-medium\" src=\"https:\/\/agora.xtec.cat\/escolapacocandel\/wp-content\/uploads\/usu332\/2023\/06\/1687178489418-1-300x194.jpg\" alt=\"\" width=\"300\" height=\"194\" srcset=\"https:\/\/agora.xtec.cat\/escolapacocandel\/wp-content\/uploads\/usu332\/2023\/06\/1687178489418-1-300x194.jpg 300w, https:\/\/agora.xtec.cat\/escolapacocandel\/wp-content\/uploads\/usu332\/2023\/06\/1687178489418-1-1024x664.jpg 1024w, https:\/\/agora.xtec.cat\/escolapacocandel\/wp-content\/uploads\/usu332\/2023\/06\/1687178489418-1-768x498.jpg 768w, https:\/\/agora.xtec.cat\/escolapacocandel\/wp-content\/uploads\/usu332\/2023\/06\/1687178489418-1.jpg 1080w\" sizes=\"auto, (max-width: 300px) 100vw, 300px\" \/><\/a><\/p>\n<p>Amb tots els dossiers ja creats arriba el moment de crear els productes finals. Els nens i nenes de 6\u00e8 van gaudir i aprendre duent a terme aquest projecte, on van exposar als passadissos de l\u2019escola algunes de les propostes fetes.<\/p>\n<p><a href=\"https:\/\/agora.xtec.cat\/escolapacocandel\/wp-content\/uploads\/usu332\/2023\/06\/16871767698831-scaled.jpg\"><img loading=\"lazy\" decoding=\"async\" class=\"alignnone wp-image-8081 \" src=\"https:\/\/agora.xtec.cat\/escolapacocandel\/wp-content\/uploads\/usu332\/2023\/06\/16871767698831-300x243.jpg\" alt=\"\" width=\"310\" height=\"251\" srcset=\"https:\/\/agora.xtec.cat\/escolapacocandel\/wp-content\/uploads\/usu332\/2023\/06\/16871767698831-300x243.jpg 300w, https:\/\/agora.xtec.cat\/escolapacocandel\/wp-content\/uploads\/usu332\/2023\/06\/16871767698831-1024x828.jpg 1024w, https:\/\/agora.xtec.cat\/escolapacocandel\/wp-content\/uploads\/usu332\/2023\/06\/16871767698831-768x621.jpg 768w, https:\/\/agora.xtec.cat\/escolapacocandel\/wp-content\/uploads\/usu332\/2023\/06\/16871767698831-1536x1242.jpg 1536w, https:\/\/agora.xtec.cat\/escolapacocandel\/wp-content\/uploads\/usu332\/2023\/06\/16871767698831-2048x1656.jpg 2048w\" sizes=\"auto, (max-width: 310px) 100vw, 310px\" \/><\/a> <a href=\"https:\/\/agora.xtec.cat\/escolapacocandel\/wp-content\/uploads\/usu332\/2023\/06\/1687176769902-2-scaled.jpg\"><img loading=\"lazy\" decoding=\"async\" class=\"alignnone wp-image-8082 \" src=\"https:\/\/agora.xtec.cat\/escolapacocandel\/wp-content\/uploads\/usu332\/2023\/06\/1687176769902-2-300x131.jpg\" alt=\"\" width=\"403\" height=\"176\" srcset=\"https:\/\/agora.xtec.cat\/escolapacocandel\/wp-content\/uploads\/usu332\/2023\/06\/1687176769902-2-300x131.jpg 300w, https:\/\/agora.xtec.cat\/escolapacocandel\/wp-content\/uploads\/usu332\/2023\/06\/1687176769902-2-1024x448.jpg 1024w, https:\/\/agora.xtec.cat\/escolapacocandel\/wp-content\/uploads\/usu332\/2023\/06\/1687176769902-2-768x336.jpg 768w, https:\/\/agora.xtec.cat\/escolapacocandel\/wp-content\/uploads\/usu332\/2023\/06\/1687176769902-2-1536x671.jpg 1536w, https:\/\/agora.xtec.cat\/escolapacocandel\/wp-content\/uploads\/usu332\/2023\/06\/1687176769902-2-2048x895.jpg 2048w\" sizes=\"auto, (max-width: 403px) 100vw, 403px\" \/><\/a>\u00a0 \u00a0 <a href=\"https:\/\/agora.xtec.cat\/escolapacocandel\/wp-content\/uploads\/usu332\/2023\/06\/1687176769957-scaled.jpg\"><img loading=\"lazy\" decoding=\"async\" class=\"alignnone wp-image-8083 \" src=\"https:\/\/agora.xtec.cat\/escolapacocandel\/wp-content\/uploads\/usu332\/2023\/06\/1687176769957-300x243.jpg\" alt=\"\" width=\"312\" height=\"253\" srcset=\"https:\/\/agora.xtec.cat\/escolapacocandel\/wp-content\/uploads\/usu332\/2023\/06\/1687176769957-300x243.jpg 300w, https:\/\/agora.xtec.cat\/escolapacocandel\/wp-content\/uploads\/usu332\/2023\/06\/1687176769957-1024x831.jpg 1024w, https:\/\/agora.xtec.cat\/escolapacocandel\/wp-content\/uploads\/usu332\/2023\/06\/1687176769957-768x623.jpg 768w, https:\/\/agora.xtec.cat\/escolapacocandel\/wp-content\/uploads\/usu332\/2023\/06\/1687176769957-1536x1246.jpg 1536w, https:\/\/agora.xtec.cat\/escolapacocandel\/wp-content\/uploads\/usu332\/2023\/06\/1687176769957-2048x1661.jpg 2048w\" sizes=\"auto, (max-width: 312px) 100vw, 312px\" \/><\/a><a href=\"https:\/\/agora.xtec.cat\/escolapacocandel\/wp-content\/uploads\/usu332\/2023\/06\/foto-blog-scaled.jpg\"><img loading=\"lazy\" decoding=\"async\" class=\"alignnone wp-image-8085 \" src=\"https:\/\/agora.xtec.cat\/escolapacocandel\/wp-content\/uploads\/usu332\/2023\/06\/foto-blog-300x135.jpg\" alt=\"\" width=\"406\" height=\"183\" srcset=\"https:\/\/agora.xtec.cat\/escolapacocandel\/wp-content\/uploads\/usu332\/2023\/06\/foto-blog-300x135.jpg 300w, https:\/\/agora.xtec.cat\/escolapacocandel\/wp-content\/uploads\/usu332\/2023\/06\/foto-blog-1024x461.jpg 1024w, https:\/\/agora.xtec.cat\/escolapacocandel\/wp-content\/uploads\/usu332\/2023\/06\/foto-blog-768x346.jpg 768w, https:\/\/agora.xtec.cat\/escolapacocandel\/wp-content\/uploads\/usu332\/2023\/06\/foto-blog-1536x691.jpg 1536w, https:\/\/agora.xtec.cat\/escolapacocandel\/wp-content\/uploads\/usu332\/2023\/06\/foto-blog-2048x922.jpg 2048w\" sizes=\"auto, (max-width: 406px) 100vw, 406px\" \/><\/a><\/p>\n","protected":false},"excerpt":{"rendered":"<p>La sexualitat<br \/>\nAquest tercer trimestre i per finalitzar el curs els infants de 6\u00e8 han treballat al seu \u00faltim projecte la sexualitat.<a href=\"https:\/\/agora.xtec.cat\/escolapacocandel\/wp-content\/uploads\/usu332\/2023\/06\/1687178489488-1.jpg\"><\/a><br \/>\nPer iniciar el projecte es va fer una pluja d\u2019idees d\u2019aquells temes que tenien curiositat o volien con\u00e8ixer; pubertat, embar\u00e0s, menstruaci\u00f3, reproducci\u00f3, LGTBIQ+\u2026<br \/>\nLlavors, cada&hellip;  <a href=\"https:\/\/agora.xtec.cat\/escolapacocandel\/comunitat-de-grans\/projecte-6e-la-sexualitat\/\" title=\"Read Projecte 6\u00e8 &#8211; La sexualitat\">Llegeix m\u00e9s\u00bb<\/a><\/p>\n","protected":false},"author":1,"featured_media":0,"comment_status":"open","ping_status":"closed","sticky":false,"template":"","format":"standard","meta":{"_bbp_topic_count":0,"_bbp_reply_count":0,"_bbp_total_topic_count":0,"_bbp_total_reply_count":0,"_bbp_voice_count":0,"_bbp_anonymous_reply_count":0,"_bbp_topic_count_hidden":0,"_bbp_reply_count_hidden":0,"_bbp_forum_subforum_count":0,"footnotes":""},"categories":[129,146],"tags":[],"class_list":["post-8074","post","type-post","status-publish","format-standard","hentry","category-comunitat-de-grans","category-6e"],"post_mailing_queue_ids":[],"_links":{"self":[{"href":"https:\/\/agora.xtec.cat\/escolapacocandel\/wp-json\/wp\/v2\/posts\/8074","targetHints":{"allow":["GET"]}}],"collection":[{"href":"https:\/\/agora.xtec.cat\/escolapacocandel\/wp-json\/wp\/v2\/posts"}],"about":[{"href":"https:\/\/agora.xtec.cat\/escolapacocandel\/wp-json\/wp\/v2\/types\/post"}],"author":[{"embeddable":true,"href":"https:\/\/agora.xtec.cat\/escolapacocandel\/wp-json\/wp\/v2\/users\/1"}],"replies":[{"embeddable":true,"href":"https:\/\/agora.xtec.cat\/escolapacocandel\/wp-json\/wp\/v2\/comments?post=8074"}],"version-history":[{"count":1,"href":"https:\/\/agora.xtec.cat\/escolapacocandel\/wp-json\/wp\/v2\/posts\/8074\/revisions"}],"predecessor-version":[{"id":8086,"href":"https:\/\/agora.xtec.cat\/escolapacocandel\/wp-json\/wp\/v2\/posts\/8074\/revisions\/8086"}],"wp:attachment":[{"href":"https:\/\/agora.xtec.cat\/escolapacocandel\/wp-json\/wp\/v2\/media?parent=8074"}],"wp:term":[{"taxonomy":"category","embeddable":true,"href":"https:\/\/agora.xtec.cat\/escolapacocandel\/wp-json\/wp\/v2\/categories?post=8074"},{"taxonomy":"post_tag","embeddable":true,"href":"https:\/\/agora.xtec.cat\/escolapacocandel\/wp-json\/wp\/v2\/tags?post=8074"}],"curies":[{"name":"wp","href":"https:\/\/api.w.org\/{rel}","templated":true}]}}