{"id":8055,"date":"2023-06-15T13:30:23","date_gmt":"2023-06-15T11:30:23","guid":{"rendered":"https:\/\/agora.xtec.cat\/escolapacocandel\/?p=8055"},"modified":"2023-11-07T12:16:41","modified_gmt":"2023-11-07T11:16:41","slug":"ambient-de-caseta","status":"publish","type":"post","link":"https:\/\/agora.xtec.cat\/escolapacocandel\/portada\/ambient-de-caseta\/","title":{"rendered":"AMBIENT DE CASETA"},"content":{"rendered":"<p>I per acabar, aqu\u00ed us mostrem les fotos de l&#8217;ambient de la Caseta&#8230;<\/p>\n<p><span class=\"WdYUQQ text-decoration-none text-strikethrough-none\">El<\/span> <span class=\"WdYUQQ text-decoration-none text-strikethrough-none\">joc simb\u00f2lic \u00e9s el que passa quan observem que els infants exploren de forma espont\u00e0nia en la representaci\u00f3 de rols, accions i entorns adults. Les nenes i els nens necessiten \u201cjugar a la vida\u201d per, valgui la redund\u00e0ncia, aprendre a viure-la i en aquest sentit el joc simb\u00f2lic \u00e9s el millor camp d\u2019exploraci\u00f3 segur que poden tenir per assajar la \u201cvida adulta\u201d: jugar a mestres, conduir un cotxe, cuidar un nad\u00f3, o fins i tot jugar a ser all\u00f2 que creuen ser\u2026. El joc es dona a trav\u00e9s de la imitaci\u00f3 o quan proven de ser part activa de les nostres tasques o accions d&#8217;adults\u201d. Volen entendre i participar, per aix\u00ed assajar i assimilar els processos de la vida que passen al seu voltant.<\/span><\/p>\n<p class=\"_04xlpA direction-ltr align-justify para-style-body\"><span class=\"WdYUQQ text-decoration-none text-strikethrough-none\">El joc simb\u00f2lic \u00e9s un catalitzador de l\u2019autonomia i l\u2019autoestima que acompanya les seves habilitats socials i emocionals. Comen\u00e7a quan neix la imaginaci\u00f3, que pot ser en alguns als 2 anys i mig i en d\u2019altres als 3 anys i sol estar present fins que ho necessiten, que en alguns casos \u00e9s fins als 9 anys i en d\u2019altres fins als 13, ja que el joc simb\u00f2lic va lligat per complet al proc\u00e9s maduratiu.<\/span><\/p>\n<p class=\"_04xlpA direction-ltr align-justify para-style-body\"><span class=\"WdYUQQ text-decoration-none text-strikethrough-none\">No necessitem fer massa per fomentar el joc simb\u00f2lic, nom\u00e9s hem de deixar-los recrear les situacions, tasques, personatges o rols pels que se sentin m\u00e9s atrets en cada etapa del seu desenvolupament.<\/span><\/p>\n<p class=\"_04xlpA direction-ltr align-center para-style-body\"><span class=\"WdYUQQ text-decoration-none text-strikethrough-none\">Escoltar les converses entre infants ens deixa endinsar en el m\u00f3n real, escoltar, mirar, aprendre, gaudir&#8230; trossets d&#8217;aprenentatge tant per grans com per petits.<\/span><\/p>\n<p>Bon estiu fam\u00edlies!!!!<\/p>\n<p class=\"_04xlpA direction-ltr align-center para-style-body\"><a href=\"https:\/\/agora.xtec.cat\/escolapacocandel\/fotos-privat\/ambient-caseta\/\">https:\/\/agora.xtec.cat\/escolapacocandel\/fotos-privat\/ambient-caseta\/<\/a><\/p>\n","protected":false},"excerpt":{"rendered":"<p>I per acabar, aqu\u00ed us mostrem les fotos de l&#8217;ambient de la Caseta&#8230;<br \/>\nEl joc simb\u00f2lic \u00e9s el que passa quan observem que els infants exploren de forma espont\u00e0nia en la representaci\u00f3 de rols, accions i entorns adults. Les nenes i els nens necessiten \u201cjugar a&hellip;  <a href=\"https:\/\/agora.xtec.cat\/escolapacocandel\/portada\/ambient-de-caseta\/\" title=\"Read AMBIENT DE CASETA\">Llegeix m\u00e9s\u00bb<\/a><\/p>\n","protected":false},"author":26,"featured_media":8057,"comment_status":"open","ping_status":"closed","sticky":false,"template":"","format":"standard","meta":{"_bbp_topic_count":0,"_bbp_reply_count":0,"_bbp_total_topic_count":0,"_bbp_total_reply_count":0,"_bbp_voice_count":0,"_bbp_anonymous_reply_count":0,"_bbp_topic_count_hidden":0,"_bbp_reply_count_hidden":0,"_bbp_forum_subforum_count":0,"footnotes":""},"categories":[128,4],"tags":[],"class_list":["post-8055","post","type-post","status-publish","format-standard","has-post-thumbnail","hentry","category-comunitat-de-petits","category-portada"],"post_mailing_queue_ids":[],"_links":{"self":[{"href":"https:\/\/agora.xtec.cat\/escolapacocandel\/wp-json\/wp\/v2\/posts\/8055","targetHints":{"allow":["GET"]}}],"collection":[{"href":"https:\/\/agora.xtec.cat\/escolapacocandel\/wp-json\/wp\/v2\/posts"}],"about":[{"href":"https:\/\/agora.xtec.cat\/escolapacocandel\/wp-json\/wp\/v2\/types\/post"}],"author":[{"embeddable":true,"href":"https:\/\/agora.xtec.cat\/escolapacocandel\/wp-json\/wp\/v2\/users\/26"}],"replies":[{"embeddable":true,"href":"https:\/\/agora.xtec.cat\/escolapacocandel\/wp-json\/wp\/v2\/comments?post=8055"}],"version-history":[{"count":2,"href":"https:\/\/agora.xtec.cat\/escolapacocandel\/wp-json\/wp\/v2\/posts\/8055\/revisions"}],"predecessor-version":[{"id":8061,"href":"https:\/\/agora.xtec.cat\/escolapacocandel\/wp-json\/wp\/v2\/posts\/8055\/revisions\/8061"}],"wp:featuredmedia":[{"embeddable":true,"href":"https:\/\/agora.xtec.cat\/escolapacocandel\/wp-json\/wp\/v2\/media\/8057"}],"wp:attachment":[{"href":"https:\/\/agora.xtec.cat\/escolapacocandel\/wp-json\/wp\/v2\/media?parent=8055"}],"wp:term":[{"taxonomy":"category","embeddable":true,"href":"https:\/\/agora.xtec.cat\/escolapacocandel\/wp-json\/wp\/v2\/categories?post=8055"},{"taxonomy":"post_tag","embeddable":true,"href":"https:\/\/agora.xtec.cat\/escolapacocandel\/wp-json\/wp\/v2\/tags?post=8055"}],"curies":[{"name":"wp","href":"https:\/\/api.w.org\/{rel}","templated":true}]}}