{"id":8032,"date":"2023-06-09T14:19:28","date_gmt":"2023-06-09T12:19:28","guid":{"rendered":"https:\/\/agora.xtec.cat\/escolapacocandel\/?p=8032"},"modified":"2024-01-31T18:26:40","modified_gmt":"2024-01-31T17:26:40","slug":"sortida-al-climbat-3r","status":"publish","type":"post","link":"https:\/\/agora.xtec.cat\/escolapacocandel\/comunitat-de-mitjans\/sortida-al-climbat-3r\/","title":{"rendered":"Sortida al Climbat 3r"},"content":{"rendered":"<p>Benvolgudes fam\u00edlies de l&#8217;Univers i el Cinema,<\/p>\n<p>El passat dimarts els grups de 3r de Prim\u00e0ria vam anar d&#8217;excursi\u00f3 al Climbat.<\/p>\n<p>Els monitors ens van proposar 4 circu\u00efts diferents per tastar una mica qu\u00e8 \u00e9s l&#8217;escalada.<\/p>\n<p>Ens va agradar molt aquesta sortida i aqu\u00ed us deixem un petit recull de fotografies.<\/p>\n<p>&nbsp;<\/p>\n<p>Mestres de 3r<a href=\"https:\/\/agora.xtec.cat\/escolapacocandel\/comunitat-de-mitjans\/imatges-climbat\/\">https:\/\/agora.xtec.cat\/escolapacocandel\/comunitat-de-mitjans\/imatges-climbat\/<\/a><\/p>\n<p>&nbsp;<\/p>\n","protected":false},"excerpt":{"rendered":"<p>Benvolgudes fam\u00edlies de l&#8217;Univers i el Cinema,<br \/>\nEl passat dimarts els grups de 3r de Prim\u00e0ria vam anar d&#8217;excursi\u00f3 al Climbat.<br \/>\nEls monitors ens van proposar 4 circu\u00efts diferents per tastar una mica qu\u00e8 \u00e9s l&#8217;escalada.<br \/>\nEns va agradar molt aquesta sortida i aqu\u00ed us deixem un petit&hellip;  <a href=\"https:\/\/agora.xtec.cat\/escolapacocandel\/comunitat-de-mitjans\/sortida-al-climbat-3r\/\" title=\"Read Sortida al Climbat 3r\">Llegeix m\u00e9s\u00bb<\/a><\/p>\n","protected":false},"author":1,"featured_media":0,"comment_status":"open","ping_status":"closed","sticky":false,"template":"","format":"standard","meta":{"_bbp_topic_count":0,"_bbp_reply_count":0,"_bbp_total_topic_count":0,"_bbp_total_reply_count":0,"_bbp_voice_count":0,"_bbp_anonymous_reply_count":0,"_bbp_topic_count_hidden":0,"_bbp_reply_count_hidden":0,"_bbp_forum_subforum_count":0,"footnotes":""},"categories":[127,141],"tags":[],"class_list":["post-8032","post","type-post","status-publish","format-standard","hentry","category-comunitat-de-mitjans","category-3r"],"post_mailing_queue_ids":[],"_links":{"self":[{"href":"https:\/\/agora.xtec.cat\/escolapacocandel\/wp-json\/wp\/v2\/posts\/8032","targetHints":{"allow":["GET"]}}],"collection":[{"href":"https:\/\/agora.xtec.cat\/escolapacocandel\/wp-json\/wp\/v2\/posts"}],"about":[{"href":"https:\/\/agora.xtec.cat\/escolapacocandel\/wp-json\/wp\/v2\/types\/post"}],"author":[{"embeddable":true,"href":"https:\/\/agora.xtec.cat\/escolapacocandel\/wp-json\/wp\/v2\/users\/1"}],"replies":[{"embeddable":true,"href":"https:\/\/agora.xtec.cat\/escolapacocandel\/wp-json\/wp\/v2\/comments?post=8032"}],"version-history":[{"count":2,"href":"https:\/\/agora.xtec.cat\/escolapacocandel\/wp-json\/wp\/v2\/posts\/8032\/revisions"}],"predecessor-version":[{"id":8036,"href":"https:\/\/agora.xtec.cat\/escolapacocandel\/wp-json\/wp\/v2\/posts\/8032\/revisions\/8036"}],"wp:attachment":[{"href":"https:\/\/agora.xtec.cat\/escolapacocandel\/wp-json\/wp\/v2\/media?parent=8032"}],"wp:term":[{"taxonomy":"category","embeddable":true,"href":"https:\/\/agora.xtec.cat\/escolapacocandel\/wp-json\/wp\/v2\/categories?post=8032"},{"taxonomy":"post_tag","embeddable":true,"href":"https:\/\/agora.xtec.cat\/escolapacocandel\/wp-json\/wp\/v2\/tags?post=8032"}],"curies":[{"name":"wp","href":"https:\/\/api.w.org\/{rel}","templated":true}]}}