{"id":8030,"date":"2023-06-07T13:53:45","date_gmt":"2023-06-07T11:53:45","guid":{"rendered":"https:\/\/agora.xtec.cat\/escolapacocandel\/?p=8030"},"modified":"2023-11-09T13:42:48","modified_gmt":"2023-11-09T12:42:48","slug":"reunio-final-de-curs-6eb-2","status":"publish","type":"post","link":"https:\/\/agora.xtec.cat\/escolapacocandel\/comunitat-de-grans\/reunio-final-de-curs-6eb-2\/","title":{"rendered":"Reuni\u00f3 final de curs 6\u00e8B"},"content":{"rendered":"<p>Benvolgudes fam\u00edlies de 6\u00e8B,<\/p>\n<p>En aquest article compartim amb vosaltres la presentaci\u00f3 i els diferents v\u00eddeos que els vostres fills i filles van preparar per a la reuni\u00f3 de fam\u00edlies.<\/p>\n<p>Ja estem acabant el curs i hem pogut aprendre molt\u00edssimes coses! Gaireb\u00e9 ja estem a l&#8217;institut!<\/p>\n<p>&nbsp;<\/p>\n<blockquote class=\"wp-embedded-content\" data-secret=\"MJ7MAiss11\"><p><a href=\"https:\/\/agora.xtec.cat\/escolapacocandel\/fotos-privat\/reunio-final-de-curs-6eb\/\">Protegit: Reuni\u00f3 final de curs 6\u00e8B<\/a><\/p><\/blockquote>\n<p><iframe loading=\"lazy\" class=\"wp-embedded-content\" sandbox=\"allow-scripts\" security=\"restricted\" style=\"position: absolute; clip: rect(1px, 1px, 1px, 1px);\" title=\"&#8220;Protegit: Reuni\u00f3 final de curs 6\u00e8B&#8221; &#8212; Escola Paco Candel\" src=\"https:\/\/agora.xtec.cat\/escolapacocandel\/fotos-privat\/reunio-final-de-curs-6eb\/embed\/#?secret=cRPef28Vl1#?secret=MJ7MAiss11\" data-secret=\"MJ7MAiss11\" width=\"500\" height=\"282\" frameborder=\"0\" marginwidth=\"0\" marginheight=\"0\" scrolling=\"no\"><\/iframe><\/p>\n","protected":false},"excerpt":{"rendered":"<p>Benvolgudes fam\u00edlies de 6\u00e8B,<br \/>\nEn aquest article compartim amb vosaltres la presentaci\u00f3 i els diferents v\u00eddeos que els vostres fills i filles van preparar per a la reuni\u00f3 de fam\u00edlies.<br \/>\nJa estem acabant el curs i hem pogut aprendre molt\u00edssimes coses! Gaireb\u00e9 ja estem a l&#8217;institut!<br \/>\n&nbsp;<br \/>\n<a href=\"https:\/\/agora.xtec.cat\/escolapacocandel\/fotos-privat\/reunio-final-de-curs-6eb\/\">Protegit:&hellip;  <a href=\"https:\/\/agora.xtec.cat\/escolapacocandel\/comunitat-de-grans\/reunio-final-de-curs-6eb-2\/\" title=\"Read Reuni\u00f3 final de curs 6\u00e8B\">Llegeix m\u00e9s\u00bb<\/a><\/p>\n","protected":false},"author":1,"featured_media":8023,"comment_status":"closed","ping_status":"closed","sticky":false,"template":"","format":"standard","meta":{"_bbp_topic_count":0,"_bbp_reply_count":0,"_bbp_total_topic_count":0,"_bbp_total_reply_count":0,"_bbp_voice_count":0,"_bbp_anonymous_reply_count":0,"_bbp_topic_count_hidden":0,"_bbp_reply_count_hidden":0,"_bbp_forum_subforum_count":0,"footnotes":""},"categories":[129,146],"tags":[],"class_list":["post-8030","post","type-post","status-publish","format-standard","has-post-thumbnail","hentry","category-comunitat-de-grans","category-6e"],"post_mailing_queue_ids":[],"_links":{"self":[{"href":"https:\/\/agora.xtec.cat\/escolapacocandel\/wp-json\/wp\/v2\/posts\/8030","targetHints":{"allow":["GET"]}}],"collection":[{"href":"https:\/\/agora.xtec.cat\/escolapacocandel\/wp-json\/wp\/v2\/posts"}],"about":[{"href":"https:\/\/agora.xtec.cat\/escolapacocandel\/wp-json\/wp\/v2\/types\/post"}],"author":[{"embeddable":true,"href":"https:\/\/agora.xtec.cat\/escolapacocandel\/wp-json\/wp\/v2\/users\/1"}],"replies":[{"embeddable":true,"href":"https:\/\/agora.xtec.cat\/escolapacocandel\/wp-json\/wp\/v2\/comments?post=8030"}],"version-history":[{"count":1,"href":"https:\/\/agora.xtec.cat\/escolapacocandel\/wp-json\/wp\/v2\/posts\/8030\/revisions"}],"predecessor-version":[{"id":8031,"href":"https:\/\/agora.xtec.cat\/escolapacocandel\/wp-json\/wp\/v2\/posts\/8030\/revisions\/8031"}],"wp:featuredmedia":[{"embeddable":true,"href":"https:\/\/agora.xtec.cat\/escolapacocandel\/wp-json\/wp\/v2\/media\/8023"}],"wp:attachment":[{"href":"https:\/\/agora.xtec.cat\/escolapacocandel\/wp-json\/wp\/v2\/media?parent=8030"}],"wp:term":[{"taxonomy":"category","embeddable":true,"href":"https:\/\/agora.xtec.cat\/escolapacocandel\/wp-json\/wp\/v2\/categories?post=8030"},{"taxonomy":"post_tag","embeddable":true,"href":"https:\/\/agora.xtec.cat\/escolapacocandel\/wp-json\/wp\/v2\/tags?post=8030"}],"curies":[{"name":"wp","href":"https:\/\/api.w.org\/{rel}","templated":true}]}}