{"id":8020,"date":"2023-06-07T10:33:42","date_gmt":"2023-06-07T08:33:42","guid":{"rendered":"https:\/\/agora.xtec.cat\/escolapacocandel\/?p=8020"},"modified":"2023-06-07T10:33:42","modified_gmt":"2023-06-07T08:33:42","slug":"reunio-final-de-curs-6ea-2","status":"publish","type":"post","link":"https:\/\/agora.xtec.cat\/escolapacocandel\/comunitat-de-grans\/reunio-final-de-curs-6ea-2\/","title":{"rendered":"Reuni\u00f3 final de curs 6\u00e8A"},"content":{"rendered":"<p>Benvolgudes fam\u00edlies de 6\u00e8A,<\/p>\n<p>En aquest article compartim amb vosaltres la presentaci\u00f3 i els diferents v\u00eddeos que els vostres fills i filles van preparar per a la reuni\u00f3 de fam\u00edlies.<\/p>\n<p>Ja estem acabant el curs i hem pogut aprendre molt\u00edssimes coses! Gaireb\u00e9 ja estem a l&#8217;institut!<\/p>\n<p>&nbsp;<\/p>\n<p><a href=\"https:\/\/agora.xtec.cat\/escolapacocandel\/fotos-privat\/reunio-final-de-curs-6ea\/\">Presentaci\u00f3 i v\u00eddeos reuni\u00f3 final de curs<\/a><\/p>\n","protected":false},"excerpt":{"rendered":"<p>Benvolgudes fam\u00edlies de 6\u00e8A,<br \/>\nEn aquest article compartim amb vosaltres la presentaci\u00f3 i els diferents v\u00eddeos que els vostres fills i filles van preparar per a la reuni\u00f3 de fam\u00edlies.<br \/>\nJa estem acabant el curs i hem pogut aprendre molt\u00edssimes coses! Gaireb\u00e9 ja estem a l&#8217;institut!<br \/>\n&nbsp;<br \/>\n<a href=\"https:\/\/agora.xtec.cat\/escolapacocandel\/fotos-privat\/reunio-final-de-curs-6ea\/\">Presentaci\u00f3&hellip;  <a href=\"https:\/\/agora.xtec.cat\/escolapacocandel\/comunitat-de-grans\/reunio-final-de-curs-6ea-2\/\" title=\"Read Reuni\u00f3 final de curs 6\u00e8A\">Llegeix m\u00e9s\u00bb<\/a><\/p>\n","protected":false},"author":20,"featured_media":8023,"comment_status":"open","ping_status":"closed","sticky":false,"template":"","format":"standard","meta":{"_bbp_topic_count":0,"_bbp_reply_count":0,"_bbp_total_topic_count":0,"_bbp_total_reply_count":0,"_bbp_voice_count":0,"_bbp_anonymous_reply_count":0,"_bbp_topic_count_hidden":0,"_bbp_reply_count_hidden":0,"_bbp_forum_subforum_count":0,"footnotes":""},"categories":[129,146],"tags":[],"class_list":["post-8020","post","type-post","status-publish","format-standard","has-post-thumbnail","hentry","category-comunitat-de-grans","category-6e"],"post_mailing_queue_ids":[],"_links":{"self":[{"href":"https:\/\/agora.xtec.cat\/escolapacocandel\/wp-json\/wp\/v2\/posts\/8020","targetHints":{"allow":["GET"]}}],"collection":[{"href":"https:\/\/agora.xtec.cat\/escolapacocandel\/wp-json\/wp\/v2\/posts"}],"about":[{"href":"https:\/\/agora.xtec.cat\/escolapacocandel\/wp-json\/wp\/v2\/types\/post"}],"author":[{"embeddable":true,"href":"https:\/\/agora.xtec.cat\/escolapacocandel\/wp-json\/wp\/v2\/users\/20"}],"replies":[{"embeddable":true,"href":"https:\/\/agora.xtec.cat\/escolapacocandel\/wp-json\/wp\/v2\/comments?post=8020"}],"version-history":[{"count":1,"href":"https:\/\/agora.xtec.cat\/escolapacocandel\/wp-json\/wp\/v2\/posts\/8020\/revisions"}],"predecessor-version":[{"id":8024,"href":"https:\/\/agora.xtec.cat\/escolapacocandel\/wp-json\/wp\/v2\/posts\/8020\/revisions\/8024"}],"wp:featuredmedia":[{"embeddable":true,"href":"https:\/\/agora.xtec.cat\/escolapacocandel\/wp-json\/wp\/v2\/media\/8023"}],"wp:attachment":[{"href":"https:\/\/agora.xtec.cat\/escolapacocandel\/wp-json\/wp\/v2\/media?parent=8020"}],"wp:term":[{"taxonomy":"category","embeddable":true,"href":"https:\/\/agora.xtec.cat\/escolapacocandel\/wp-json\/wp\/v2\/categories?post=8020"},{"taxonomy":"post_tag","embeddable":true,"href":"https:\/\/agora.xtec.cat\/escolapacocandel\/wp-json\/wp\/v2\/tags?post=8020"}],"curies":[{"name":"wp","href":"https:\/\/api.w.org\/{rel}","templated":true}]}}