{"id":8013,"date":"2023-06-02T11:09:59","date_gmt":"2023-06-02T09:09:59","guid":{"rendered":"https:\/\/agora.xtec.cat\/escolapacocandel\/?p=8013"},"modified":"2023-11-09T13:43:14","modified_gmt":"2023-11-09T12:43:14","slug":"colonies-de-6e-2","status":"publish","type":"post","link":"https:\/\/agora.xtec.cat\/escolapacocandel\/general\/colonies-de-6e-2\/","title":{"rendered":"Col\u00f2nies de 6\u00e8"},"content":{"rendered":"<p>Bon dia fam\u00edlies!!!<\/p>\n<p>Encara ens estem recuperant dels tres dies que hem passat a les col\u00f2nies, quina meravella!!! Com ja sabeu, vam anar a Cal Ferrer, que est\u00e0 molt a prop de l&#8217;estany de Banyoles.<\/p>\n<p>Amb molta energia i il\u00b7lusi\u00f3, est\u00e0vem s\u00faper emocionades i emocionats per poder marxar i gaudir, finalment d\u2019aquesta experi\u00e8ncia tan divertida que no viv\u00edem des de segon.<\/p>\n<p>Ens ho vam passar d\u2019all\u00f2 m\u00e9s b\u00e9 amb els monitors i monitores que ens havien preparat moltes activitats diferents&#8230; i de la piscina tamb\u00e9!<\/p>\n<p>Aqu\u00ed us deixem un recull de fotografies i v\u00eddeos d\u2019aquests dies!<\/p>\n<p><a href=\"https:\/\/agora.xtec.cat\/escolapacocandel\/fotos-privat\/colonies-de-6e\/\">FOTOS I V\u00cdDEOS<\/a><\/p>\n","protected":false},"excerpt":{"rendered":"<p>Bon dia fam\u00edlies!!!<br \/>\nEncara ens estem recuperant dels tres dies que hem passat a les col\u00f2nies, quina meravella!!! Com ja sabeu, vam anar a Cal Ferrer, que est\u00e0 molt a prop de l&#8217;estany de Banyoles.<br \/>\nAmb molta energia i il\u00b7lusi\u00f3, est\u00e0vem s\u00faper emocionades i emocionats per poder&hellip;  <a href=\"https:\/\/agora.xtec.cat\/escolapacocandel\/general\/colonies-de-6e-2\/\" title=\"Read Col\u00f2nies de 6\u00e8\">Llegeix m\u00e9s\u00bb<\/a><\/p>\n","protected":false},"author":20,"featured_media":0,"comment_status":"open","ping_status":"closed","sticky":false,"template":"","format":"standard","meta":{"_bbp_topic_count":0,"_bbp_reply_count":0,"_bbp_total_topic_count":0,"_bbp_total_reply_count":0,"_bbp_voice_count":0,"_bbp_anonymous_reply_count":0,"_bbp_topic_count_hidden":0,"_bbp_reply_count_hidden":0,"_bbp_forum_subforum_count":0,"footnotes":""},"categories":[129,1,146],"tags":[],"class_list":["post-8013","post","type-post","status-publish","format-standard","hentry","category-comunitat-de-grans","category-general","category-6e"],"post_mailing_queue_ids":[],"_links":{"self":[{"href":"https:\/\/agora.xtec.cat\/escolapacocandel\/wp-json\/wp\/v2\/posts\/8013","targetHints":{"allow":["GET"]}}],"collection":[{"href":"https:\/\/agora.xtec.cat\/escolapacocandel\/wp-json\/wp\/v2\/posts"}],"about":[{"href":"https:\/\/agora.xtec.cat\/escolapacocandel\/wp-json\/wp\/v2\/types\/post"}],"author":[{"embeddable":true,"href":"https:\/\/agora.xtec.cat\/escolapacocandel\/wp-json\/wp\/v2\/users\/20"}],"replies":[{"embeddable":true,"href":"https:\/\/agora.xtec.cat\/escolapacocandel\/wp-json\/wp\/v2\/comments?post=8013"}],"version-history":[{"count":2,"href":"https:\/\/agora.xtec.cat\/escolapacocandel\/wp-json\/wp\/v2\/posts\/8013\/revisions"}],"predecessor-version":[{"id":8017,"href":"https:\/\/agora.xtec.cat\/escolapacocandel\/wp-json\/wp\/v2\/posts\/8013\/revisions\/8017"}],"wp:attachment":[{"href":"https:\/\/agora.xtec.cat\/escolapacocandel\/wp-json\/wp\/v2\/media?parent=8013"}],"wp:term":[{"taxonomy":"category","embeddable":true,"href":"https:\/\/agora.xtec.cat\/escolapacocandel\/wp-json\/wp\/v2\/categories?post=8013"},{"taxonomy":"post_tag","embeddable":true,"href":"https:\/\/agora.xtec.cat\/escolapacocandel\/wp-json\/wp\/v2\/tags?post=8013"}],"curies":[{"name":"wp","href":"https:\/\/api.w.org\/{rel}","templated":true}]}}