{"id":8004,"date":"2023-06-02T09:28:22","date_gmt":"2023-06-02T07:28:22","guid":{"rendered":"https:\/\/agora.xtec.cat\/escolapacocandel\/?p=8004"},"modified":"2023-06-02T09:28:22","modified_gmt":"2023-06-02T07:28:22","slug":"reunio-de-final-de-curs-1r","status":"publish","type":"post","link":"https:\/\/agora.xtec.cat\/escolapacocandel\/comunitat-de-mitjans\/reunio-de-final-de-curs-1r\/","title":{"rendered":"Reuni\u00f3 de final de curs 1r"},"content":{"rendered":"<p>Benvolgudes fam\u00edlies,<\/p>\n<p>En aquest article compartim amb vosaltres la presentaci\u00f3 i els diferents v\u00eddeos que els vostres fills i filles van preparar per a la reuni\u00f3 de fam\u00edlies.<\/p>\n<p>Ja estem acabant el curs i hem pogut aprendre molt\u00edssimes coses! Ja gaireb\u00e9 estem a 2n!<\/p>\n<blockquote class=\"wp-embedded-content\" data-secret=\"xVTfhpQcib\"><p><a href=\"https:\/\/agora.xtec.cat\/escolapacocandel\/fotos-privat\/recull-reunio-final-de-curs-1r\/\">Protegit: Recull reuni\u00f3 final de curs 1r<\/a><\/p><\/blockquote>\n<p><iframe loading=\"lazy\" class=\"wp-embedded-content\" sandbox=\"allow-scripts\" security=\"restricted\" style=\"position: absolute; clip: rect(1px, 1px, 1px, 1px);\" title=\"&#8220;Protegit: Recull reuni\u00f3 final de curs 1r&#8221; &#8212; Escola Paco Candel\" src=\"https:\/\/agora.xtec.cat\/escolapacocandel\/fotos-privat\/recull-reunio-final-de-curs-1r\/embed\/#?secret=ZL2AJtOsgA#?secret=xVTfhpQcib\" data-secret=\"xVTfhpQcib\" width=\"500\" height=\"282\" frameborder=\"0\" marginwidth=\"0\" marginheight=\"0\" scrolling=\"no\"><\/iframe><\/p>\n","protected":false},"excerpt":{"rendered":"<p>Benvolgudes fam\u00edlies,<br \/>\nEn aquest article compartim amb vosaltres la presentaci\u00f3 i els diferents v\u00eddeos que els vostres fills i filles van preparar per a la reuni\u00f3 de fam\u00edlies.<br \/>\nJa estem acabant el curs i hem pogut aprendre molt\u00edssimes coses! Ja gaireb\u00e9 estem a 2n!<br \/>\n<a href=\"https:\/\/agora.xtec.cat\/escolapacocandel\/fotos-privat\/recull-reunio-final-de-curs-1r\/\">Protegit: Recull reuni\u00f3&hellip;  <a href=\"https:\/\/agora.xtec.cat\/escolapacocandel\/comunitat-de-mitjans\/reunio-de-final-de-curs-1r\/\" title=\"Read Reuni\u00f3 de final de curs 1r\">Llegeix m\u00e9s\u00bb<\/a><\/p>\n","protected":false},"author":1,"featured_media":0,"comment_status":"open","ping_status":"closed","sticky":false,"template":"","format":"standard","meta":{"_bbp_topic_count":0,"_bbp_reply_count":0,"_bbp_total_topic_count":0,"_bbp_total_reply_count":0,"_bbp_voice_count":0,"_bbp_anonymous_reply_count":0,"_bbp_topic_count_hidden":0,"_bbp_reply_count_hidden":0,"_bbp_forum_subforum_count":0,"footnotes":""},"categories":[127,140],"tags":[],"class_list":["post-8004","post","type-post","status-publish","format-standard","hentry","category-comunitat-de-mitjans","category-1r"],"post_mailing_queue_ids":[],"_links":{"self":[{"href":"https:\/\/agora.xtec.cat\/escolapacocandel\/wp-json\/wp\/v2\/posts\/8004","targetHints":{"allow":["GET"]}}],"collection":[{"href":"https:\/\/agora.xtec.cat\/escolapacocandel\/wp-json\/wp\/v2\/posts"}],"about":[{"href":"https:\/\/agora.xtec.cat\/escolapacocandel\/wp-json\/wp\/v2\/types\/post"}],"author":[{"embeddable":true,"href":"https:\/\/agora.xtec.cat\/escolapacocandel\/wp-json\/wp\/v2\/users\/1"}],"replies":[{"embeddable":true,"href":"https:\/\/agora.xtec.cat\/escolapacocandel\/wp-json\/wp\/v2\/comments?post=8004"}],"version-history":[{"count":1,"href":"https:\/\/agora.xtec.cat\/escolapacocandel\/wp-json\/wp\/v2\/posts\/8004\/revisions"}],"predecessor-version":[{"id":8005,"href":"https:\/\/agora.xtec.cat\/escolapacocandel\/wp-json\/wp\/v2\/posts\/8004\/revisions\/8005"}],"wp:attachment":[{"href":"https:\/\/agora.xtec.cat\/escolapacocandel\/wp-json\/wp\/v2\/media?parent=8004"}],"wp:term":[{"taxonomy":"category","embeddable":true,"href":"https:\/\/agora.xtec.cat\/escolapacocandel\/wp-json\/wp\/v2\/categories?post=8004"},{"taxonomy":"post_tag","embeddable":true,"href":"https:\/\/agora.xtec.cat\/escolapacocandel\/wp-json\/wp\/v2\/tags?post=8004"}],"curies":[{"name":"wp","href":"https:\/\/api.w.org\/{rel}","templated":true}]}}