{"id":7996,"date":"2023-06-01T16:58:55","date_gmt":"2023-06-01T14:58:55","guid":{"rendered":"https:\/\/agora.xtec.cat\/escolapacocandel\/?p=7996"},"modified":"2023-11-09T13:45:56","modified_gmt":"2023-11-09T12:45:56","slug":"projecte-el-barri","status":"publish","type":"post","link":"https:\/\/agora.xtec.cat\/escolapacocandel\/comunitat-de-mitjans\/2n\/projecte-el-barri\/","title":{"rendered":"PROJECTE EL BARRI"},"content":{"rendered":"<p>Les classes dels actors i les actrius i l&#8217;Egipte hem estat fent el projecte del barri al tercer trimestre.<\/p>\n<p>Tot va comen\u00e7ar amb la carta de la Rita, una nena que volia canviar-se de lloc on viure perqu\u00e8 no li agradava gens el seu. Aix\u00ed doncs, ens hem posat a con\u00e8ixer tot all\u00f2 que tenim al nostre voltant&#8230;<\/p>\n<p>&#8211; Ens hem situat en els nostres carrers i ubicat en el mapa de Santa\u00a0Eul\u00e0lia.<a href=\"https:\/\/agora.xtec.cat\/escolapacocandel\/wp-content\/uploads\/usu332\/2023\/06\/Captura1.jpg\"><img loading=\"lazy\" decoding=\"async\" class=\"size-medium wp-image-7998 alignright\" src=\"https:\/\/agora.xtec.cat\/escolapacocandel\/wp-content\/uploads\/usu332\/2023\/06\/Captura1-241x300.jpg\" alt=\"\" width=\"241\" height=\"300\" srcset=\"https:\/\/agora.xtec.cat\/escolapacocandel\/wp-content\/uploads\/usu332\/2023\/06\/Captura1-241x300.jpg 241w, https:\/\/agora.xtec.cat\/escolapacocandel\/wp-content\/uploads\/usu332\/2023\/06\/Captura1.jpg 698w\" sizes=\"auto, (max-width: 241px) 100vw, 241px\" \/><\/a><br \/>\n&#8211; Hem fet un diari d&#8217;aprenentatge on hem anat anotant tot all\u00f2 que hem apr\u00e8s.<br \/>\n&#8211;\u00a0Hem vist unes fotografies i investigat sobre com era el barri abans i ara i quines coses han canviat.<br \/>\n&#8211; Hem conegut quins s\u00f3n els serveis i equipaments que hi podem trobar.<br \/>\n&#8211; Hem reflexionat sobre com volem que sigui el nostre barri ideal.<br \/>\n&#8211; Hem fet uns cartells de conscienciaci\u00f3 per penjar pel barri perqu\u00e8 tothom tingui cura d\u2019ell.<\/p>\n<p>Amb tot aix\u00f2, el passat dijous 1 de juny, vam anar a fer un tomb pel nostre barri per posar en pr\u00e0ctica tot el que hem apr\u00e8s al llarg de tot el projecte.<\/p>\n<p>Despr\u00e9s de molta preparaci\u00f3 i de molta conversa per pactar entre tots i totes per on passar\u00edem vam aconseguir pactar el cam\u00ed entre els grups de les dues classes i poder passar per llocs que volem veure i pels que ens fa il\u00b7lusi\u00f3 passar.<\/p>\n<p>Tamb\u00e9 vam aprofitar per fer algunes preguntes en alguns establiments del barri com al mercat i vam descobrir algunes botigues que fa molt temps que hi s\u00f3n i altres que s\u00f3n m\u00e9s noves.<\/p>\n<p>Ens vam fixar molt en tots els equipaments i serveis que hi ha, les zones verdes, com \u00e9s la vida, si les persones tenen cura o no&#8230; Amb l&#8217;ajuda del nostre quadern d&#8217;aprenentatge vam anar anotant tot all\u00f2 que veiem per saber que \u00e9s el que ens agrada i quines coses es podrien millorar.<\/p>\n<p>Amb tot aix\u00f2 que hem treballat, sols ens queda fer la maqueta del nostre barri ideal!! Ja us direm com queda \ud83d\ude0a<\/p>\n<p><a href=\"https:\/\/photos.app.goo.gl\/2WkiQAoZHyB1VkhE9\">Aqu\u00ed teniu unes fotografies!\u00a0<\/a><\/p>\n","protected":false},"excerpt":{"rendered":"<p>Les classes dels actors i les actrius i l&#8217;Egipte hem estat fent el projecte del barri al tercer trimestre.<br \/>\nTot va comen\u00e7ar amb la carta de la Rita, una nena que volia canviar-se de lloc on viure perqu\u00e8 no li agradava gens el seu. Aix\u00ed doncs,&hellip;  <a href=\"https:\/\/agora.xtec.cat\/escolapacocandel\/comunitat-de-mitjans\/2n\/projecte-el-barri\/\" title=\"Read PROJECTE EL BARRI\">Llegeix m\u00e9s\u00bb<\/a><\/p>\n","protected":false},"author":1,"featured_media":7997,"comment_status":"open","ping_status":"closed","sticky":false,"template":"","format":"standard","meta":{"_bbp_topic_count":0,"_bbp_reply_count":0,"_bbp_total_topic_count":0,"_bbp_total_reply_count":0,"_bbp_voice_count":0,"_bbp_anonymous_reply_count":0,"_bbp_topic_count_hidden":0,"_bbp_reply_count_hidden":0,"_bbp_forum_subforum_count":0,"footnotes":""},"categories":[137],"tags":[],"class_list":["post-7996","post","type-post","status-publish","format-standard","has-post-thumbnail","hentry","category-2n"],"post_mailing_queue_ids":[],"_links":{"self":[{"href":"https:\/\/agora.xtec.cat\/escolapacocandel\/wp-json\/wp\/v2\/posts\/7996","targetHints":{"allow":["GET"]}}],"collection":[{"href":"https:\/\/agora.xtec.cat\/escolapacocandel\/wp-json\/wp\/v2\/posts"}],"about":[{"href":"https:\/\/agora.xtec.cat\/escolapacocandel\/wp-json\/wp\/v2\/types\/post"}],"author":[{"embeddable":true,"href":"https:\/\/agora.xtec.cat\/escolapacocandel\/wp-json\/wp\/v2\/users\/1"}],"replies":[{"embeddable":true,"href":"https:\/\/agora.xtec.cat\/escolapacocandel\/wp-json\/wp\/v2\/comments?post=7996"}],"version-history":[{"count":1,"href":"https:\/\/agora.xtec.cat\/escolapacocandel\/wp-json\/wp\/v2\/posts\/7996\/revisions"}],"predecessor-version":[{"id":7999,"href":"https:\/\/agora.xtec.cat\/escolapacocandel\/wp-json\/wp\/v2\/posts\/7996\/revisions\/7999"}],"wp:featuredmedia":[{"embeddable":true,"href":"https:\/\/agora.xtec.cat\/escolapacocandel\/wp-json\/wp\/v2\/media\/7997"}],"wp:attachment":[{"href":"https:\/\/agora.xtec.cat\/escolapacocandel\/wp-json\/wp\/v2\/media?parent=7996"}],"wp:term":[{"taxonomy":"category","embeddable":true,"href":"https:\/\/agora.xtec.cat\/escolapacocandel\/wp-json\/wp\/v2\/categories?post=7996"},{"taxonomy":"post_tag","embeddable":true,"href":"https:\/\/agora.xtec.cat\/escolapacocandel\/wp-json\/wp\/v2\/tags?post=7996"}],"curies":[{"name":"wp","href":"https:\/\/api.w.org\/{rel}","templated":true}]}}