{"id":7991,"date":"2023-06-01T11:11:38","date_gmt":"2023-06-01T09:11:38","guid":{"rendered":"https:\/\/agora.xtec.cat\/escolapacocandel\/?p=7991"},"modified":"2023-06-01T11:11:38","modified_gmt":"2023-06-01T09:11:38","slug":"toca-toca-4t","status":"publish","type":"post","link":"https:\/\/agora.xtec.cat\/escolapacocandel\/comunitat-de-grans\/toca-toca-4t\/","title":{"rendered":"TOCA TOCA 4T"},"content":{"rendered":"<p>Benvolgudes fam\u00edlies,<\/p>\n<p>El passat dimarts 30 de maig els nens i nenes de 4t van participar en el projecte Toca Toca de percussi\u00f3 corporal. Amb altres escoles de l&#8217;Hospitalet van anar a l&#8217;estadi municipal de futbol per fer la mostra de les coreografies que havien apr\u00e8s.<\/p>\n<p>No eren f\u00e0cils, per\u00f2 amb esfor\u00e7 i dedicaci\u00f3 tots i totes ho han aconseguit!<\/p>\n<p>FELICITATS, NENS I NENES!<\/p>\n<p>Aqui us deixem un petit recull de fotos i v\u00eddeos.<\/p>\n<p><a href=\"https:\/\/agora.xtec.cat\/escolapacocandel\/general\/fotos-toca-toca\/\">ENLLA\u00c7 FOTOS I V\u00cdDEO<\/a><\/p>\n","protected":false},"excerpt":{"rendered":"<p>Benvolgudes fam\u00edlies,<br \/>\nEl passat dimarts 30 de maig els nens i nenes de 4t van participar en el projecte Toca Toca de percussi\u00f3 corporal. Amb altres escoles de l&#8217;Hospitalet van anar a l&#8217;estadi municipal de futbol per fer la mostra de les coreografies que havien apr\u00e8s.<br \/>\nNo&hellip;  <a href=\"https:\/\/agora.xtec.cat\/escolapacocandel\/comunitat-de-grans\/toca-toca-4t\/\" title=\"Read TOCA TOCA 4T\">Llegeix m\u00e9s\u00bb<\/a><\/p>\n","protected":false},"author":22,"featured_media":7992,"comment_status":"open","ping_status":"closed","sticky":false,"template":"","format":"standard","meta":{"_bbp_topic_count":0,"_bbp_reply_count":0,"_bbp_total_topic_count":0,"_bbp_total_reply_count":0,"_bbp_voice_count":0,"_bbp_anonymous_reply_count":0,"_bbp_topic_count_hidden":0,"_bbp_reply_count_hidden":0,"_bbp_forum_subforum_count":0,"footnotes":""},"categories":[129,143],"tags":[],"class_list":["post-7991","post","type-post","status-publish","format-standard","has-post-thumbnail","hentry","category-comunitat-de-grans","category-4t"],"post_mailing_queue_ids":[],"_links":{"self":[{"href":"https:\/\/agora.xtec.cat\/escolapacocandel\/wp-json\/wp\/v2\/posts\/7991","targetHints":{"allow":["GET"]}}],"collection":[{"href":"https:\/\/agora.xtec.cat\/escolapacocandel\/wp-json\/wp\/v2\/posts"}],"about":[{"href":"https:\/\/agora.xtec.cat\/escolapacocandel\/wp-json\/wp\/v2\/types\/post"}],"author":[{"embeddable":true,"href":"https:\/\/agora.xtec.cat\/escolapacocandel\/wp-json\/wp\/v2\/users\/22"}],"replies":[{"embeddable":true,"href":"https:\/\/agora.xtec.cat\/escolapacocandel\/wp-json\/wp\/v2\/comments?post=7991"}],"version-history":[{"count":1,"href":"https:\/\/agora.xtec.cat\/escolapacocandel\/wp-json\/wp\/v2\/posts\/7991\/revisions"}],"predecessor-version":[{"id":7993,"href":"https:\/\/agora.xtec.cat\/escolapacocandel\/wp-json\/wp\/v2\/posts\/7991\/revisions\/7993"}],"wp:featuredmedia":[{"embeddable":true,"href":"https:\/\/agora.xtec.cat\/escolapacocandel\/wp-json\/wp\/v2\/media\/7992"}],"wp:attachment":[{"href":"https:\/\/agora.xtec.cat\/escolapacocandel\/wp-json\/wp\/v2\/media?parent=7991"}],"wp:term":[{"taxonomy":"category","embeddable":true,"href":"https:\/\/agora.xtec.cat\/escolapacocandel\/wp-json\/wp\/v2\/categories?post=7991"},{"taxonomy":"post_tag","embeddable":true,"href":"https:\/\/agora.xtec.cat\/escolapacocandel\/wp-json\/wp\/v2\/tags?post=7991"}],"curies":[{"name":"wp","href":"https:\/\/api.w.org\/{rel}","templated":true}]}}