{"id":7982,"date":"2023-05-30T13:23:12","date_gmt":"2023-05-30T11:23:12","guid":{"rendered":"https:\/\/agora.xtec.cat\/escolapacocandel\/?p=7982"},"modified":"2024-01-31T18:03:57","modified_gmt":"2024-01-31T17:03:57","slug":"sortida-auditori-monstres","status":"publish","type":"post","link":"https:\/\/agora.xtec.cat\/escolapacocandel\/comunitat-de-petits\/sortida-auditori-monstres\/","title":{"rendered":"SORTIDA AUDITORI &#8220;MONSTRES&#8221;"},"content":{"rendered":"<p>La canalla d\u2019infantil de l\u2019escola esperaven amb il\u00b7lusi\u00f3 el concert titulat <a href=\"https:\/\/www.auditori.cat\/ca\/esdeveniment\/concert-escolar-monstres\/\"><strong>MONSTRES<\/strong><\/a> que han pogut viure aquest 23 de maig. Al llarg del segon i tercer trimestre han anat escoltant i familiaritzant-se amb les diferents peces musicals que el composaven mitjan\u00e7ant les propostes facilitades per l\u2019Auditori.<\/p>\n<p>Emoci\u00f3, cos, moviment, m\u00fasica, descoberta&#8230; s\u2019han anat entrella\u00e7ant tot fent cr\u00e9ixer en els infants el desig de gaudir d\u2019aquesta experi\u00e8ncia excepcional.<\/p>\n<p>Personatges m\u00e0gics que, a trav\u00e9s de la m\u00fasica, han connectat amb l\u2019imaginari dels infants tot fent-los transitar per les diferents emocions de manera compartida amb el grup.<\/p>\n<p>Aquell dia, els infants van gaudir i trobar tots els monstres que havien estat escoltant al llarg dels mesos, identificant aix\u00ed en cada can\u00e7\u00f3 els diferents personatges i participant activament del concert.<\/p>\n<p>Finalment, va sortir tan bon dia que van poder gaudir dels tobogans gegants que hi havien al Parc de Gl\u00f2ries i la zona de gespa on van passar una estona divertida i tranquil\u00b7la!<\/p>\n<p>Compartint moments tota la comunitat de petites i petits.<\/p>\n<p>Aqu\u00ed us deixem el recull de <a href=\"https:\/\/agora.xtec.cat\/escolapacocandel\/general\/sortida-auditori\/\">fotos<\/a>.<\/p>\n<p><a href=\"https:\/\/agora.xtec.cat\/escolapacocandel\/wp-content\/uploads\/usu332\/2023\/05\/auditori-2.png\"><img loading=\"lazy\" decoding=\"async\" class=\"alignnone size-full wp-image-7984\" src=\"https:\/\/agora.xtec.cat\/escolapacocandel\/wp-content\/uploads\/usu332\/2023\/05\/auditori-2.png\" alt=\"\" width=\"701\" height=\"617\" srcset=\"https:\/\/agora.xtec.cat\/escolapacocandel\/wp-content\/uploads\/usu332\/2023\/05\/auditori-2.png 701w, https:\/\/agora.xtec.cat\/escolapacocandel\/wp-content\/uploads\/usu332\/2023\/05\/auditori-2-300x264.png 300w\" sizes=\"auto, (max-width: 701px) 100vw, 701px\" \/><\/a><\/p>\n","protected":false},"excerpt":{"rendered":"<p>La canalla d\u2019infantil de l\u2019escola esperaven amb il\u00b7lusi\u00f3 el concert titulat <a href=\"https:\/\/www.auditori.cat\/ca\/esdeveniment\/concert-escolar-monstres\/\">MONSTRES<\/a> que han pogut viure aquest 23 de maig. Al llarg del segon i tercer trimestre han anat escoltant i familiaritzant-se amb les diferents peces musicals que el composaven mitjan\u00e7ant les propostes facilitades&hellip;  <a href=\"https:\/\/agora.xtec.cat\/escolapacocandel\/comunitat-de-petits\/sortida-auditori-monstres\/\" title=\"Read SORTIDA AUDITORI &#8220;MONSTRES&#8221;\">Llegeix m\u00e9s\u00bb<\/a><\/p>\n","protected":false},"author":1,"featured_media":7983,"comment_status":"open","ping_status":"closed","sticky":false,"template":"","format":"standard","meta":{"_bbp_topic_count":0,"_bbp_reply_count":0,"_bbp_total_topic_count":0,"_bbp_total_reply_count":0,"_bbp_voice_count":0,"_bbp_anonymous_reply_count":0,"_bbp_topic_count_hidden":0,"_bbp_reply_count_hidden":0,"_bbp_forum_subforum_count":0,"footnotes":""},"categories":[128],"tags":[],"class_list":["post-7982","post","type-post","status-publish","format-standard","has-post-thumbnail","hentry","category-comunitat-de-petits"],"post_mailing_queue_ids":[],"_links":{"self":[{"href":"https:\/\/agora.xtec.cat\/escolapacocandel\/wp-json\/wp\/v2\/posts\/7982","targetHints":{"allow":["GET"]}}],"collection":[{"href":"https:\/\/agora.xtec.cat\/escolapacocandel\/wp-json\/wp\/v2\/posts"}],"about":[{"href":"https:\/\/agora.xtec.cat\/escolapacocandel\/wp-json\/wp\/v2\/types\/post"}],"author":[{"embeddable":true,"href":"https:\/\/agora.xtec.cat\/escolapacocandel\/wp-json\/wp\/v2\/users\/1"}],"replies":[{"embeddable":true,"href":"https:\/\/agora.xtec.cat\/escolapacocandel\/wp-json\/wp\/v2\/comments?post=7982"}],"version-history":[{"count":2,"href":"https:\/\/agora.xtec.cat\/escolapacocandel\/wp-json\/wp\/v2\/posts\/7982\/revisions"}],"predecessor-version":[{"id":7988,"href":"https:\/\/agora.xtec.cat\/escolapacocandel\/wp-json\/wp\/v2\/posts\/7982\/revisions\/7988"}],"wp:featuredmedia":[{"embeddable":true,"href":"https:\/\/agora.xtec.cat\/escolapacocandel\/wp-json\/wp\/v2\/media\/7983"}],"wp:attachment":[{"href":"https:\/\/agora.xtec.cat\/escolapacocandel\/wp-json\/wp\/v2\/media?parent=7982"}],"wp:term":[{"taxonomy":"category","embeddable":true,"href":"https:\/\/agora.xtec.cat\/escolapacocandel\/wp-json\/wp\/v2\/categories?post=7982"},{"taxonomy":"post_tag","embeddable":true,"href":"https:\/\/agora.xtec.cat\/escolapacocandel\/wp-json\/wp\/v2\/tags?post=7982"}],"curies":[{"name":"wp","href":"https:\/\/api.w.org\/{rel}","templated":true}]}}