{"id":7958,"date":"2023-05-24T16:55:20","date_gmt":"2023-05-24T14:55:20","guid":{"rendered":"https:\/\/agora.xtec.cat\/escolapacocandel\/?p=7958"},"modified":"2023-05-24T16:55:20","modified_gmt":"2023-05-24T14:55:20","slug":"colonies-di5-i-2n","status":"publish","type":"post","link":"https:\/\/agora.xtec.cat\/escolapacocandel\/comunitat-de-mitjans\/colonies-di5-i-2n\/","title":{"rendered":"COL\u00d2NIES  D&#8217;I5 I 2N"},"content":{"rendered":"<p>El passat dimecres, les classes\u00a0 d&#8217;I5 i 2n vam anar de col\u00f2nies a Sant Juli\u00e0 de Vilatorta.<\/p>\n<p>Les nostres primeres col\u00f2nies i a m\u00e9s, de 3 dies!!!! Quina il\u00b7lusi\u00f3 i ganes ten\u00edem\u00a0de qu\u00e8\u00a0arrib\u00e9s el dia!<\/p>\n<p>Est\u00e0vem\u00a0s\u00faper emocionades\u00a0i emocionats per poder marxar i gaudir, finalment d&#8217;aquesta experi\u00e8ncia tan divertida que encara no hav\u00edem tingut l&#8217;oportunitat de viure.<\/p>\n<p>Ens ho vam passar d&#8217;all\u00f2 m\u00e9s b\u00e9 amb els monitors i monitores que ens havien preparat moltes activitats diferents!<\/p>\n<p>Aqu\u00ed us deixem un recull de fotografies d&#8217;aquests dies!<\/p>\n<p><a href=\"https:\/\/agora.xtec.cat\/escolapacocandel\/?p=7961&amp;preview=true\">https:\/\/agora.xtec.cat\/escolapacocandel\/?p=7961&amp;preview=true<\/a><\/p>\n<p>&nbsp;<\/p>\n","protected":false},"excerpt":{"rendered":"<p>El passat dimecres, les classes\u00a0 d&#8217;I5 i 2n vam anar de col\u00f2nies a Sant Juli\u00e0 de Vilatorta.<br \/>\nLes nostres primeres col\u00f2nies i a m\u00e9s, de 3 dies!!!! Quina il\u00b7lusi\u00f3 i ganes ten\u00edem\u00a0de qu\u00e8\u00a0arrib\u00e9s el dia!<br \/>\nEst\u00e0vem\u00a0s\u00faper emocionades\u00a0i emocionats per poder marxar i gaudir, finalment d&#8217;aquesta experi\u00e8ncia tan&hellip;  <a href=\"https:\/\/agora.xtec.cat\/escolapacocandel\/comunitat-de-mitjans\/colonies-di5-i-2n\/\" title=\"Read COL\u00d2NIES  D&#8217;I5 I 2N\">Llegeix m\u00e9s\u00bb<\/a><\/p>\n","protected":false},"author":1,"featured_media":7963,"comment_status":"open","ping_status":"closed","sticky":false,"template":"","format":"standard","meta":{"_bbp_topic_count":0,"_bbp_reply_count":0,"_bbp_total_topic_count":0,"_bbp_total_reply_count":0,"_bbp_voice_count":0,"_bbp_anonymous_reply_count":0,"_bbp_topic_count_hidden":0,"_bbp_reply_count_hidden":0,"_bbp_forum_subforum_count":0,"footnotes":""},"categories":[127,128,137],"tags":[],"class_list":["post-7958","post","type-post","status-publish","format-standard","has-post-thumbnail","hentry","category-comunitat-de-mitjans","category-comunitat-de-petits","category-2n"],"post_mailing_queue_ids":[],"_links":{"self":[{"href":"https:\/\/agora.xtec.cat\/escolapacocandel\/wp-json\/wp\/v2\/posts\/7958","targetHints":{"allow":["GET"]}}],"collection":[{"href":"https:\/\/agora.xtec.cat\/escolapacocandel\/wp-json\/wp\/v2\/posts"}],"about":[{"href":"https:\/\/agora.xtec.cat\/escolapacocandel\/wp-json\/wp\/v2\/types\/post"}],"author":[{"embeddable":true,"href":"https:\/\/agora.xtec.cat\/escolapacocandel\/wp-json\/wp\/v2\/users\/1"}],"replies":[{"embeddable":true,"href":"https:\/\/agora.xtec.cat\/escolapacocandel\/wp-json\/wp\/v2\/comments?post=7958"}],"version-history":[{"count":2,"href":"https:\/\/agora.xtec.cat\/escolapacocandel\/wp-json\/wp\/v2\/posts\/7958\/revisions"}],"predecessor-version":[{"id":7964,"href":"https:\/\/agora.xtec.cat\/escolapacocandel\/wp-json\/wp\/v2\/posts\/7958\/revisions\/7964"}],"wp:featuredmedia":[{"embeddable":true,"href":"https:\/\/agora.xtec.cat\/escolapacocandel\/wp-json\/wp\/v2\/media\/7963"}],"wp:attachment":[{"href":"https:\/\/agora.xtec.cat\/escolapacocandel\/wp-json\/wp\/v2\/media?parent=7958"}],"wp:term":[{"taxonomy":"category","embeddable":true,"href":"https:\/\/agora.xtec.cat\/escolapacocandel\/wp-json\/wp\/v2\/categories?post=7958"},{"taxonomy":"post_tag","embeddable":true,"href":"https:\/\/agora.xtec.cat\/escolapacocandel\/wp-json\/wp\/v2\/tags?post=7958"}],"curies":[{"name":"wp","href":"https:\/\/api.w.org\/{rel}","templated":true}]}}