{"id":7951,"date":"2023-05-22T13:27:54","date_gmt":"2023-05-22T11:27:54","guid":{"rendered":"https:\/\/agora.xtec.cat\/escolapacocandel\/?p=7951"},"modified":"2023-05-22T13:27:54","modified_gmt":"2023-05-22T11:27:54","slug":"sortida-1r-parc-airanatura","status":"publish","type":"post","link":"https:\/\/agora.xtec.cat\/escolapacocandel\/general\/sortida-1r-parc-airanatura\/","title":{"rendered":"Sortida 1r Parc AiraNatura"},"content":{"rendered":"<p>El passat divendres 19 de maig, la classe dels <em>experiments<\/em> i la <em>xocolata<\/em> vam anar d&#8217;excursi\u00f3 al parc d&#8217;aventures Aira Natura.<\/p>\n<p>El primer que vam fer en arribar va ser esmorzar i despr\u00e9s ja ens van organitzar en 3 grups per fer les activitats.<\/p>\n<ol>\n<li>Taller<strong> descoberta de ponis<\/strong> a c\u00e0rrec d&#8217;una equinoterapeuta. Vam poder passar una bona estona cuidant als ponis, els vam pentinar, raspallar, passejar i connectar amb ells.<\/li>\n<li>Jocs i din\u00e0miques al <strong>boulder<\/strong>. Vam poder escalar al roc\u00f2drom i despr\u00e9s petits jocs amb reptes que hav\u00edem de resoldre entre tots i totes.<\/li>\n<li><strong>Tirolina<\/strong>. Ens vam llen\u00e7ar per la tirolina m\u00e9s llarga de Catalunya.<\/li>\n<\/ol>\n<p>Per acabar, vam dinar i jugar una estona.\u00a0Vam gaudir molt\u00edssim de la nostra \u00faltima sortida de primer! \ud83d\ude42<\/p>\n<p>Aqu\u00ed teniu les fotos: <a href=\"https:\/\/photos.app.goo.gl\/QKDqXKdyvxs7LZne7\">Fotos sortida 1r Aira Natura<\/a><\/p>\n","protected":false},"excerpt":{"rendered":"<p>El passat divendres 19 de maig, la classe dels experiments i la xocolata vam anar d&#8217;excursi\u00f3 al parc d&#8217;aventures Aira Natura.<br \/>\nEl primer que vam fer en arribar va ser esmorzar i despr\u00e9s ja ens van organitzar en 3 grups per fer les activitats.<\/p>\n<ol>\n<li>Taller descoberta de&hellip;  <a href=\"https:\/\/agora.xtec.cat\/escolapacocandel\/general\/sortida-1r-parc-airanatura\/\" title=\"Read Sortida 1r Parc AiraNatura\">Llegeix m\u00e9s\u00bb<\/a><br \/>\n","protected":false},"author":1,"featured_media":0,"comment_status":"open","ping_status":"closed","sticky":false,"template":"","format":"standard","meta":{"_bbp_topic_count":0,"_bbp_reply_count":0,"_bbp_total_topic_count":0,"_bbp_total_reply_count":0,"_bbp_voice_count":0,"_bbp_anonymous_reply_count":0,"_bbp_topic_count_hidden":0,"_bbp_reply_count_hidden":0,"_bbp_forum_subforum_count":0,"footnotes":""},"categories":[127,1,140],"tags":[],"class_list":["post-7951","post","type-post","status-publish","format-standard","hentry","category-comunitat-de-mitjans","category-general","category-1r"],"post_mailing_queue_ids":[],"_links":{"self":[{"href":"https:\/\/agora.xtec.cat\/escolapacocandel\/wp-json\/wp\/v2\/posts\/7951","targetHints":{"allow":["GET"]}}],"collection":[{"href":"https:\/\/agora.xtec.cat\/escolapacocandel\/wp-json\/wp\/v2\/posts"}],"about":[{"href":"https:\/\/agora.xtec.cat\/escolapacocandel\/wp-json\/wp\/v2\/types\/post"}],"author":[{"embeddable":true,"href":"https:\/\/agora.xtec.cat\/escolapacocandel\/wp-json\/wp\/v2\/users\/1"}],"replies":[{"embeddable":true,"href":"https:\/\/agora.xtec.cat\/escolapacocandel\/wp-json\/wp\/v2\/comments?post=7951"}],"version-history":[{"count":1,"href":"https:\/\/agora.xtec.cat\/escolapacocandel\/wp-json\/wp\/v2\/posts\/7951\/revisions"}],"predecessor-version":[{"id":7952,"href":"https:\/\/agora.xtec.cat\/escolapacocandel\/wp-json\/wp\/v2\/posts\/7951\/revisions\/7952"}],"wp:attachment":[{"href":"https:\/\/agora.xtec.cat\/escolapacocandel\/wp-json\/wp\/v2\/media?parent=7951"}],"wp:term":[{"taxonomy":"category","embeddable":true,"href":"https:\/\/agora.xtec.cat\/escolapacocandel\/wp-json\/wp\/v2\/categories?post=7951"},{"taxonomy":"post_tag","embeddable":true,"href":"https:\/\/agora.xtec.cat\/escolapacocandel\/wp-json\/wp\/v2\/tags?post=7951"}],"curies":[{"name":"wp","href":"https:\/\/api.w.org\/{rel}","templated":true}]}}