{"id":7910,"date":"2023-05-16T11:00:59","date_gmt":"2023-05-16T09:00:59","guid":{"rendered":"https:\/\/agora.xtec.cat\/escolapacocandel\/?p=7910"},"modified":"2023-05-17T11:32:05","modified_gmt":"2023-05-17T09:32:05","slug":"sortida-granja-can-rigol","status":"publish","type":"post","link":"https:\/\/agora.xtec.cat\/escolapacocandel\/comunitat-de-petits\/sortida-granja-can-rigol\/","title":{"rendered":"Sortida a la granja &#8211; Can Rigol"},"content":{"rendered":"<p>&nbsp;<\/p>\n<p>Els nens i nenes de la classe dels espiadimonis i les papallones van poder gaudir d&#8217;una excursi\u00f3 en plena natura a la <strong>granja de Can Rigol. <\/strong><\/p>\n<p>Els van poder donar menjar, con\u00e8ixer on i com viuen, fins i tot tocar-los o muntar a carro. Tot aix\u00f2 relacionant-se i interactuant amb animals com les ovelles, les cabres, els conills, els \u00e0necs, els galls&#8230;<\/p>\n<p>&nbsp;<\/p>\n<p>Esperem que gaudiu mirant les fotografies amb ells i elles.<\/p>\n<p>&nbsp;<\/p>\n<p>L&#8217;equip de 3 anys.<\/p>\n<p>&nbsp;<\/p>\n<blockquote class=\"wp-embedded-content\" data-secret=\"xCkq0yiFJh\"><p><a href=\"https:\/\/agora.xtec.cat\/escolapacocandel\/general\/fotos-sortida-granja\/\">Protegit: FOTOS SORTIDA GRANJA<\/a><\/p><\/blockquote>\n<p><iframe loading=\"lazy\" class=\"wp-embedded-content\" sandbox=\"allow-scripts\" security=\"restricted\" style=\"position: absolute; clip: rect(1px, 1px, 1px, 1px);\" title=\"&#8220;Protegit: FOTOS SORTIDA GRANJA&#8221; &#8212; Escola Paco Candel\" src=\"https:\/\/agora.xtec.cat\/escolapacocandel\/general\/fotos-sortida-granja\/embed\/#?secret=2SmCWsBIRZ#?secret=xCkq0yiFJh\" data-secret=\"xCkq0yiFJh\" width=\"500\" height=\"282\" frameborder=\"0\" marginwidth=\"0\" marginheight=\"0\" scrolling=\"no\"><\/iframe><\/p>\n","protected":false},"excerpt":{"rendered":"<p>&nbsp;<br \/>\nEls nens i nenes de la classe dels espiadimonis i les papallones van poder gaudir d&#8217;una excursi\u00f3 en plena natura a la granja de Can Rigol.<br \/>\nEls van poder donar menjar, con\u00e8ixer on i com viuen, fins i tot tocar-los o muntar a carro. Tot&hellip;  <a href=\"https:\/\/agora.xtec.cat\/escolapacocandel\/comunitat-de-petits\/sortida-granja-can-rigol\/\" title=\"Read Sortida a la granja &#8211; Can Rigol\">Llegeix m\u00e9s\u00bb<\/a><\/p>\n","protected":false},"author":1,"featured_media":7911,"comment_status":"closed","ping_status":"closed","sticky":false,"template":"","format":"standard","meta":{"_bbp_topic_count":0,"_bbp_reply_count":0,"_bbp_total_topic_count":0,"_bbp_total_reply_count":0,"_bbp_voice_count":0,"_bbp_anonymous_reply_count":0,"_bbp_topic_count_hidden":0,"_bbp_reply_count_hidden":0,"_bbp_forum_subforum_count":0,"footnotes":""},"categories":[128],"tags":[],"class_list":["post-7910","post","type-post","status-publish","format-standard","has-post-thumbnail","hentry","category-comunitat-de-petits"],"post_mailing_queue_ids":[],"_links":{"self":[{"href":"https:\/\/agora.xtec.cat\/escolapacocandel\/wp-json\/wp\/v2\/posts\/7910","targetHints":{"allow":["GET"]}}],"collection":[{"href":"https:\/\/agora.xtec.cat\/escolapacocandel\/wp-json\/wp\/v2\/posts"}],"about":[{"href":"https:\/\/agora.xtec.cat\/escolapacocandel\/wp-json\/wp\/v2\/types\/post"}],"author":[{"embeddable":true,"href":"https:\/\/agora.xtec.cat\/escolapacocandel\/wp-json\/wp\/v2\/users\/1"}],"replies":[{"embeddable":true,"href":"https:\/\/agora.xtec.cat\/escolapacocandel\/wp-json\/wp\/v2\/comments?post=7910"}],"version-history":[{"count":3,"href":"https:\/\/agora.xtec.cat\/escolapacocandel\/wp-json\/wp\/v2\/posts\/7910\/revisions"}],"predecessor-version":[{"id":7917,"href":"https:\/\/agora.xtec.cat\/escolapacocandel\/wp-json\/wp\/v2\/posts\/7910\/revisions\/7917"}],"wp:featuredmedia":[{"embeddable":true,"href":"https:\/\/agora.xtec.cat\/escolapacocandel\/wp-json\/wp\/v2\/media\/7911"}],"wp:attachment":[{"href":"https:\/\/agora.xtec.cat\/escolapacocandel\/wp-json\/wp\/v2\/media?parent=7910"}],"wp:term":[{"taxonomy":"category","embeddable":true,"href":"https:\/\/agora.xtec.cat\/escolapacocandel\/wp-json\/wp\/v2\/categories?post=7910"},{"taxonomy":"post_tag","embeddable":true,"href":"https:\/\/agora.xtec.cat\/escolapacocandel\/wp-json\/wp\/v2\/tags?post=7910"}],"curies":[{"name":"wp","href":"https:\/\/api.w.org\/{rel}","templated":true}]}}