{"id":7886,"date":"2023-05-10T18:45:54","date_gmt":"2023-05-10T16:45:54","guid":{"rendered":"https:\/\/agora.xtec.cat\/escolapacocandel\/?p=7886"},"modified":"2024-02-22T13:40:50","modified_gmt":"2024-02-22T12:40:50","slug":"lambient-dart","status":"publish","type":"post","link":"https:\/\/agora.xtec.cat\/escolapacocandel\/portada\/lambient-dart\/","title":{"rendered":"Ambient d&#8217;Art"},"content":{"rendered":"<p style=\"text-align: justify;\"><span style=\"font-weight: 400;\">Entenem l\u2019ambient d\u2019art com un espai de creaci\u00f3 que convida els infants a experimentar i descobrir les seves pr\u00f2pies capacitats mitjan\u00e7ant elaboracions pl\u00e0stiques. A expressar-se a trav\u00e9s del llenguatge pl\u00e0stic. Un espai art\u00edstic de coneixement del m\u00f3n, autoconeixement de l\u2019expressivitat i sensibilitat est\u00e8tica, i d\u2019apropament al m\u00f3n de l\u2019art.<\/span><\/p>\n<p><a href=\"https:\/\/agora.xtec.cat\/escolapacocandel\/wp-content\/uploads\/usu332\/2023\/05\/IMG_2651-1-scaled.jpg\"><img loading=\"lazy\" decoding=\"async\" class=\"wp-image-7894 alignleft\" src=\"https:\/\/agora.xtec.cat\/escolapacocandel\/wp-content\/uploads\/usu332\/2023\/05\/IMG_2651-1-1024x768.jpg\" alt=\"\" width=\"326\" height=\"245\" srcset=\"https:\/\/agora.xtec.cat\/escolapacocandel\/wp-content\/uploads\/usu332\/2023\/05\/IMG_2651-1-1024x768.jpg 1024w, https:\/\/agora.xtec.cat\/escolapacocandel\/wp-content\/uploads\/usu332\/2023\/05\/IMG_2651-1-300x225.jpg 300w, https:\/\/agora.xtec.cat\/escolapacocandel\/wp-content\/uploads\/usu332\/2023\/05\/IMG_2651-1-768x576.jpg 768w, https:\/\/agora.xtec.cat\/escolapacocandel\/wp-content\/uploads\/usu332\/2023\/05\/IMG_2651-1-1536x1152.jpg 1536w, https:\/\/agora.xtec.cat\/escolapacocandel\/wp-content\/uploads\/usu332\/2023\/05\/IMG_2651-1-2048x1536.jpg 2048w, https:\/\/agora.xtec.cat\/escolapacocandel\/wp-content\/uploads\/usu332\/2023\/05\/IMG_2651-1-200x150.jpg 200w\" sizes=\"auto, (max-width: 326px) 100vw, 326px\" \/><\/a><\/p>\n<p style=\"text-align: justify;\"><span style=\"font-weight: 400;\">Explorant les pr\u00f2pies capacitats expressives del seu gest gr\u00e0fic, expressant-se a trav\u00e9s del tra\u00e7, el color, el modelatge, la composici\u00f3\u2026 Iniciant-se en t\u00e8cniques diverses i obrint els sentits als diferents est\u00edmuls presents en l\u2019entorn. Una oportunitat d\u2019aproximaci\u00f3 al llenguatge pl\u00e0stic, de la m\u00e0 dels altres llenguatges.<\/span><\/p>\n<p style=\"text-align: justify;\"><span style=\"font-weight: 400;\">Considerem que l\u2019ambient d\u2019art ha de ser un espai que estimuli el desenvolupament de les habilitats creatives. Un ambient cuidat est\u00e8ticament i que esdevingui una experi\u00e8ncia enriquidora fugint d\u2019un exc\u00e9s d\u2019est\u00edmuls visuals. Els materials han d\u2019estar disposats de manera acurada i atractiva, donant seguretat i benestar als infants, a la vegada que els convidi a actuar i explorar oferint-li possibilitats d\u2019aprenentatge divers. \u00c9s aix\u00ed q<\/span>uan els infants s&#8217;endinsen a la sala d&#8217;art, on es troben amb diferents propostes, les quals poden escollir de manera lliure entre les seg\u00fcents:<\/p>\n<p style=\"text-align: justify;\">L&#8217;espai de modelatge amb fang permet, als infants, <b>ENFANGAR-SE<\/b> tot experimentant les sensacions que provoca aquest material humit, modelable i suau. A poc a poc comencen a manipular amb els dits i les mans, a donar-li forma i modelar amb el suport dels diferents estris.<\/p>\n<p style=\"text-align: justify;\">En la taula d&#8217;<strong>EXPRESSI\u00d3 ART\u00cdSTICA<\/strong>, s&#8217;hi poden trobar propostes a\u00a0partir de pintors com <em>Kandinski<\/em> o llibres art\u00edstics com els d\u2019<em>Herv\u00e9 Tullet,<\/em> on posen en marxa la motricitat fina a partir de retallar, esquin\u00e7ar, enganxar i compondre, manipular papers\u2026 amb diversitat de material com els cordills, retalls de roba, feltre, cintes adhesives, cintes de colors\u2026 Aix\u00f2 els permet seleccionar, interpretar, compondre i representar.<\/p>\n<p style=\"text-align: justify;\">I la paret mural on tenen al seu abast pintures i pinzells, aix\u00ed com una varietat d&#8217;estris per a <strong>PINTAR<\/strong> segons el que es vulgui experimentar. Pintar amb els dits, fer esquitxos i taques, fer \u00fas de pinzells, esponges, rodets\u2026 entre d&#8217;altres. A m\u00e9s, disposen de diversos cavallets per poder representar al natural plantes arom\u00e0tiques o plantes amb fruits.<\/p>\n<p><a href=\"https:\/\/agora.xtec.cat\/escolapacocandel\/wp-content\/uploads\/usu332\/2023\/05\/IMG_2934-min-scaled.jpg\"><img loading=\"lazy\" decoding=\"async\" class=\"wp-image-7901 alignleft\" src=\"https:\/\/agora.xtec.cat\/escolapacocandel\/wp-content\/uploads\/usu332\/2023\/05\/IMG_2934-min-1024x768.jpg\" alt=\"\" width=\"317\" height=\"238\" srcset=\"https:\/\/agora.xtec.cat\/escolapacocandel\/wp-content\/uploads\/usu332\/2023\/05\/IMG_2934-min-1024x768.jpg 1024w, https:\/\/agora.xtec.cat\/escolapacocandel\/wp-content\/uploads\/usu332\/2023\/05\/IMG_2934-min-300x225.jpg 300w, https:\/\/agora.xtec.cat\/escolapacocandel\/wp-content\/uploads\/usu332\/2023\/05\/IMG_2934-min-768x576.jpg 768w, https:\/\/agora.xtec.cat\/escolapacocandel\/wp-content\/uploads\/usu332\/2023\/05\/IMG_2934-min-1536x1152.jpg 1536w, https:\/\/agora.xtec.cat\/escolapacocandel\/wp-content\/uploads\/usu332\/2023\/05\/IMG_2934-min-2048x1536.jpg 2048w, https:\/\/agora.xtec.cat\/escolapacocandel\/wp-content\/uploads\/usu332\/2023\/05\/IMG_2934-min-200x150.jpg 200w\" sizes=\"auto, (max-width: 317px) 100vw, 317px\" \/><\/a><\/p>\n<p style=\"text-align: justify;\"><span style=\"font-weight: 400;\">A trav\u00e9s de l\u2019ambient d\u2019art els infants poden arribar a ser capa\u00e7os d\u2019explorar la seva pr\u00f2pia expressivitat pl\u00e0stica, aix\u00ed com a desenvolupar les seves habilitats creatives. \u00c9s una oportunitat per al desenvolupament integral dels infants, ofereix un espai per a l\u2019expressi\u00f3 i la representaci\u00f3 imprescindible per a la construcci\u00f3 de la pr\u00f2pia personalitat i l\u2019aven\u00e7 cap a la comunicaci\u00f3 i la creativitat. \u00c9s a dir, cap a la maduraci\u00f3 harm\u00f2nica d\u2019aquests.<\/span><\/p>\n<p>&nbsp;<\/p>\n<p><i>\u201cTodo ni\u00f1o es un artista, el problema es seguir siendo un artista cuando creces\u201d. <\/i><i>Pablo Picasso<\/i><\/p>\n<blockquote class=\"wp-embedded-content\" data-secret=\"AewZprxv2B\"><p><a href=\"https:\/\/agora.xtec.cat\/escolapacocandel\/fotos-privat\/fotos-ambient-dart\/\">Protegit: FOTOS AMBIENT D&#8217;ART<\/a><\/p><\/blockquote>\n<p><iframe loading=\"lazy\" class=\"wp-embedded-content\" sandbox=\"allow-scripts\" security=\"restricted\" style=\"position: absolute; clip: rect(1px, 1px, 1px, 1px);\" title=\"&#8220;Protegit: FOTOS AMBIENT D&#8217;ART&#8221; &#8212; Escola Paco Candel\" src=\"https:\/\/agora.xtec.cat\/escolapacocandel\/fotos-privat\/fotos-ambient-dart\/embed\/#?secret=K1xVm4ON4N#?secret=AewZprxv2B\" data-secret=\"AewZprxv2B\" width=\"500\" height=\"282\" frameborder=\"0\" marginwidth=\"0\" marginheight=\"0\" scrolling=\"no\"><\/iframe><\/p>\n","protected":false},"excerpt":{"rendered":"<p>Entenem l\u2019ambient d\u2019art com un espai de creaci\u00f3 que convida els infants a experimentar i descobrir les seves pr\u00f2pies capacitats mitjan\u00e7ant elaboracions pl\u00e0stiques. A expressar-se a trav\u00e9s del llenguatge pl\u00e0stic. Un espai art\u00edstic de coneixement del m\u00f3n, autoconeixement de l\u2019expressivitat i sensibilitat est\u00e8tica, i d\u2019apropament&hellip;  <a href=\"https:\/\/agora.xtec.cat\/escolapacocandel\/portada\/lambient-dart\/\" title=\"Read Ambient d&#8217;Art\">Llegeix m\u00e9s\u00bb<\/a><\/p>\n","protected":false},"author":1,"featured_media":7900,"comment_status":"open","ping_status":"closed","sticky":false,"template":"","format":"standard","meta":{"_bbp_topic_count":0,"_bbp_reply_count":0,"_bbp_total_topic_count":0,"_bbp_total_reply_count":0,"_bbp_voice_count":0,"_bbp_anonymous_reply_count":0,"_bbp_topic_count_hidden":0,"_bbp_reply_count_hidden":0,"_bbp_forum_subforum_count":0,"footnotes":""},"categories":[128,4],"tags":[],"class_list":["post-7886","post","type-post","status-publish","format-standard","has-post-thumbnail","hentry","category-comunitat-de-petits","category-portada"],"post_mailing_queue_ids":[],"_links":{"self":[{"href":"https:\/\/agora.xtec.cat\/escolapacocandel\/wp-json\/wp\/v2\/posts\/7886","targetHints":{"allow":["GET"]}}],"collection":[{"href":"https:\/\/agora.xtec.cat\/escolapacocandel\/wp-json\/wp\/v2\/posts"}],"about":[{"href":"https:\/\/agora.xtec.cat\/escolapacocandel\/wp-json\/wp\/v2\/types\/post"}],"author":[{"embeddable":true,"href":"https:\/\/agora.xtec.cat\/escolapacocandel\/wp-json\/wp\/v2\/users\/1"}],"replies":[{"embeddable":true,"href":"https:\/\/agora.xtec.cat\/escolapacocandel\/wp-json\/wp\/v2\/comments?post=7886"}],"version-history":[{"count":4,"href":"https:\/\/agora.xtec.cat\/escolapacocandel\/wp-json\/wp\/v2\/posts\/7886\/revisions"}],"predecessor-version":[{"id":8826,"href":"https:\/\/agora.xtec.cat\/escolapacocandel\/wp-json\/wp\/v2\/posts\/7886\/revisions\/8826"}],"wp:featuredmedia":[{"embeddable":true,"href":"https:\/\/agora.xtec.cat\/escolapacocandel\/wp-json\/wp\/v2\/media\/7900"}],"wp:attachment":[{"href":"https:\/\/agora.xtec.cat\/escolapacocandel\/wp-json\/wp\/v2\/media?parent=7886"}],"wp:term":[{"taxonomy":"category","embeddable":true,"href":"https:\/\/agora.xtec.cat\/escolapacocandel\/wp-json\/wp\/v2\/categories?post=7886"},{"taxonomy":"post_tag","embeddable":true,"href":"https:\/\/agora.xtec.cat\/escolapacocandel\/wp-json\/wp\/v2\/tags?post=7886"}],"curies":[{"name":"wp","href":"https:\/\/api.w.org\/{rel}","templated":true}]}}