{"id":7852,"date":"2023-05-03T12:32:57","date_gmt":"2023-05-03T10:32:57","guid":{"rendered":"https:\/\/agora.xtec.cat\/escolapacocandel\/?p=7852"},"modified":"2023-11-09T13:48:00","modified_gmt":"2023-11-09T12:48:00","slug":"ambient-storymaker","status":"publish","type":"post","link":"https:\/\/agora.xtec.cat\/escolapacocandel\/comunitat-de-grans\/ambient-storymaker\/","title":{"rendered":"Ambient Storymaker"},"content":{"rendered":"<p>Les capses d&#8217;aprenentatge s\u00f3n propostes de treball guiat i globalitzat que configuren una de les franges de treball cooperatiu entre infants de 4t, 5\u00e8 i 6\u00e8 (la comunitat de grans).<\/p>\n<p>Un dels ambients que es realitzen, \u00e9s\u00a0<strong><span class=\"hiddenSpellError\">Storymaker<\/span><\/strong>, destinat al treball de l&#8217;\u00e0mbit ling\u00fc\u00edstic, tot i que alhora permet desenvolupar altres aprenentatges relacionats amb altres \u00e0rees, fet que afavoreix a un aprenentatge interdisciplinari. A trav\u00e9s de les diferents propostes d&#8217;aprenentatge es treballen les diferents tipologies textuals, l&#8217;expressi\u00f3 oral i escrita i la compet\u00e8ncia digital. Tamb\u00e9 disposem d&#8217;ordinadors i tauletes per desenvolupar el seu aprenentatge competencial.<\/p>\n<p>Les propostes que trobem en aquest ambient i els objectius a aconseguir s\u00f3n:<\/p>\n<ul style=\"list-style-type: square;\">\n<li><span style=\"text-decoration: underline;\">Contes contats:<\/span> amb els &#8220;contes regirats&#8221;, reconeixem l&#8217;estructura d&#8217;un conte i les seves parts, per crear un conte en suport digital a Canva.<\/li>\n<li><span style=\"text-decoration: underline;\">Fot\u00f2grafs detallistes:<\/span> coneixem el m\u00f3n de la fotografia, identificar les parts d&#8217;una c\u00e0mera i els seus<br \/>\nAnalitzar i identificar els diferents plans fotogr\u00e0fics per exposar el nostre reportatge fotogr\u00e0fic al grup.<\/li>\n<li><span style=\"text-decoration: underline;\">Fem de guionistes:<\/span> coneixem el m\u00f3n dels curts, per poder identificar les parts d&#8217;un gui\u00f3. Molt important assignar un rol dins del treball en equip i el treball amb documents compartits de Drive, per confeccionar un gui\u00f3 creatiu.<\/li>\n<li><span style=\"text-decoration: underline;\">I tu qui ets?:<\/span> fem recerca de diferents personatges de la hist\u00f2ria, per ubicar-los en el temps. Despr\u00e9s, escollirem un per fer la nostra presentaci\u00f3 en format\u00a0<span class=\"hiddenSpellError\">lapbook<\/span> o digital.<\/li>\n<li><span style=\"text-decoration: underline;\">Fem de publicistes:<\/span> reconeixem un cartell publicitari i les seves parts, per dissenyar el nostre cartell publicitari a trav\u00e9s de Canva.<\/li>\n<li><span style=\"text-decoration: underline;\">Fem un anunci:<\/span> escoltem i visualitzem diferents anuncis de r\u00e0dio i televisi\u00f3, per gravar el nostre anunci amb recursos digitals. Finalment, fem el\u00a0muntatge\u00a0amb\u00a0<span class=\"hiddenSpellError\">katwing<\/span>\u00a0o amb la gravadora de veu.<\/li>\n<\/ul>\n<p><a href=\"https:\/\/agora.xtec.cat\/escolapacocandel\/wp-content\/uploads\/usu332\/2023\/05\/w.jpg\"><img loading=\"lazy\" decoding=\"async\" class=\"alignnone  wp-image-7859\" src=\"https:\/\/agora.xtec.cat\/escolapacocandel\/wp-content\/uploads\/usu332\/2023\/05\/w-300x229.jpg\" alt=\"\" width=\"209\" height=\"160\" srcset=\"https:\/\/agora.xtec.cat\/escolapacocandel\/wp-content\/uploads\/usu332\/2023\/05\/w-300x229.jpg 300w, https:\/\/agora.xtec.cat\/escolapacocandel\/wp-content\/uploads\/usu332\/2023\/05\/w-1024x782.jpg 1024w, https:\/\/agora.xtec.cat\/escolapacocandel\/wp-content\/uploads\/usu332\/2023\/05\/w-768x586.jpg 768w, https:\/\/agora.xtec.cat\/escolapacocandel\/wp-content\/uploads\/usu332\/2023\/05\/w.jpg 1231w\" sizes=\"auto, (max-width: 209px) 100vw, 209px\" \/><\/a> <a href=\"https:\/\/agora.xtec.cat\/escolapacocandel\/wp-content\/uploads\/usu332\/2023\/05\/r.jpg\"><img loading=\"lazy\" decoding=\"async\" class=\"alignnone  wp-image-7858\" src=\"https:\/\/agora.xtec.cat\/escolapacocandel\/wp-content\/uploads\/usu332\/2023\/05\/r-300x203.jpg\" alt=\"\" width=\"234\" height=\"158\" srcset=\"https:\/\/agora.xtec.cat\/escolapacocandel\/wp-content\/uploads\/usu332\/2023\/05\/r-300x203.jpg 300w, https:\/\/agora.xtec.cat\/escolapacocandel\/wp-content\/uploads\/usu332\/2023\/05\/r-1024x693.jpg 1024w, https:\/\/agora.xtec.cat\/escolapacocandel\/wp-content\/uploads\/usu332\/2023\/05\/r-768x520.jpg 768w, https:\/\/agora.xtec.cat\/escolapacocandel\/wp-content\/uploads\/usu332\/2023\/05\/r.jpg 1251w\" sizes=\"auto, (max-width: 234px) 100vw, 234px\" \/><\/a> <a href=\"https:\/\/agora.xtec.cat\/escolapacocandel\/wp-content\/uploads\/usu332\/2023\/05\/q.jpg\"><img loading=\"lazy\" decoding=\"async\" class=\"alignnone  wp-image-7857\" src=\"https:\/\/agora.xtec.cat\/escolapacocandel\/wp-content\/uploads\/usu332\/2023\/05\/q-300x221.jpg\" alt=\"\" width=\"213\" height=\"157\" srcset=\"https:\/\/agora.xtec.cat\/escolapacocandel\/wp-content\/uploads\/usu332\/2023\/05\/q-300x221.jpg 300w, https:\/\/agora.xtec.cat\/escolapacocandel\/wp-content\/uploads\/usu332\/2023\/05\/q-1024x756.jpg 1024w, https:\/\/agora.xtec.cat\/escolapacocandel\/wp-content\/uploads\/usu332\/2023\/05\/q-768x567.jpg 768w, https:\/\/agora.xtec.cat\/escolapacocandel\/wp-content\/uploads\/usu332\/2023\/05\/q.jpg 1253w\" sizes=\"auto, (max-width: 213px) 100vw, 213px\" \/><\/a><\/p>\n<p><a href=\"https:\/\/agora.xtec.cat\/escolapacocandel\/wp-content\/uploads\/usu332\/2023\/05\/f.jpg\"><img loading=\"lazy\" decoding=\"async\" class=\"alignnone  wp-image-7860\" src=\"https:\/\/agora.xtec.cat\/escolapacocandel\/wp-content\/uploads\/usu332\/2023\/05\/f-300x202.jpg\" alt=\"\" width=\"236\" height=\"159\" srcset=\"https:\/\/agora.xtec.cat\/escolapacocandel\/wp-content\/uploads\/usu332\/2023\/05\/f-300x202.jpg 300w, https:\/\/agora.xtec.cat\/escolapacocandel\/wp-content\/uploads\/usu332\/2023\/05\/f-1024x690.jpg 1024w, https:\/\/agora.xtec.cat\/escolapacocandel\/wp-content\/uploads\/usu332\/2023\/05\/f-768x517.jpg 768w, https:\/\/agora.xtec.cat\/escolapacocandel\/wp-content\/uploads\/usu332\/2023\/05\/f.jpg 1253w\" sizes=\"auto, (max-width: 236px) 100vw, 236px\" \/><\/a> <a href=\"https:\/\/agora.xtec.cat\/escolapacocandel\/wp-content\/uploads\/usu332\/2023\/05\/p.jpg\"><img loading=\"lazy\" decoding=\"async\" class=\"alignnone  wp-image-7862\" src=\"https:\/\/agora.xtec.cat\/escolapacocandel\/wp-content\/uploads\/usu332\/2023\/05\/p-300x224.jpg\" alt=\"\" width=\"215\" height=\"160\" srcset=\"https:\/\/agora.xtec.cat\/escolapacocandel\/wp-content\/uploads\/usu332\/2023\/05\/p-300x224.jpg 300w, https:\/\/agora.xtec.cat\/escolapacocandel\/wp-content\/uploads\/usu332\/2023\/05\/p-1024x766.jpg 1024w, https:\/\/agora.xtec.cat\/escolapacocandel\/wp-content\/uploads\/usu332\/2023\/05\/p-768x574.jpg 768w, https:\/\/agora.xtec.cat\/escolapacocandel\/wp-content\/uploads\/usu332\/2023\/05\/p-200x150.jpg 200w, https:\/\/agora.xtec.cat\/escolapacocandel\/wp-content\/uploads\/usu332\/2023\/05\/p.jpg 1249w\" sizes=\"auto, (max-width: 215px) 100vw, 215px\" \/><\/a> <a href=\"https:\/\/agora.xtec.cat\/escolapacocandel\/wp-content\/uploads\/usu332\/2023\/05\/fg.jpg\"><img loading=\"lazy\" decoding=\"async\" class=\"alignnone  wp-image-7861\" src=\"https:\/\/agora.xtec.cat\/escolapacocandel\/wp-content\/uploads\/usu332\/2023\/05\/fg-300x213.jpg\" alt=\"\" width=\"226\" height=\"160\" srcset=\"https:\/\/agora.xtec.cat\/escolapacocandel\/wp-content\/uploads\/usu332\/2023\/05\/fg-300x213.jpg 300w, https:\/\/agora.xtec.cat\/escolapacocandel\/wp-content\/uploads\/usu332\/2023\/05\/fg-1024x727.jpg 1024w, https:\/\/agora.xtec.cat\/escolapacocandel\/wp-content\/uploads\/usu332\/2023\/05\/fg-768x545.jpg 768w, https:\/\/agora.xtec.cat\/escolapacocandel\/wp-content\/uploads\/usu332\/2023\/05\/fg.jpg 1250w\" sizes=\"auto, (max-width: 226px) 100vw, 226px\" \/><\/a><\/p>\n","protected":false},"excerpt":{"rendered":"<p>Les capses d&#8217;aprenentatge s\u00f3n propostes de treball guiat i globalitzat que configuren una de les franges de treball cooperatiu entre infants de 4t, 5\u00e8 i 6\u00e8 (la comunitat de grans).<br \/>\nUn dels ambients que es realitzen, \u00e9s\u00a0Storymaker, destinat al treball de l&#8217;\u00e0mbit ling\u00fc\u00edstic, tot i que&hellip;  <a href=\"https:\/\/agora.xtec.cat\/escolapacocandel\/comunitat-de-grans\/ambient-storymaker\/\" title=\"Read Ambient Storymaker\">Llegeix m\u00e9s\u00bb<\/a><\/p>\n","protected":false},"author":20,"featured_media":7859,"comment_status":"open","ping_status":"closed","sticky":false,"template":"","format":"standard","meta":{"_bbp_topic_count":0,"_bbp_reply_count":0,"_bbp_total_topic_count":0,"_bbp_total_reply_count":0,"_bbp_voice_count":0,"_bbp_anonymous_reply_count":0,"_bbp_topic_count_hidden":0,"_bbp_reply_count_hidden":0,"_bbp_forum_subforum_count":0,"footnotes":""},"categories":[129],"tags":[],"class_list":["post-7852","post","type-post","status-publish","format-standard","has-post-thumbnail","hentry","category-comunitat-de-grans"],"post_mailing_queue_ids":[],"_links":{"self":[{"href":"https:\/\/agora.xtec.cat\/escolapacocandel\/wp-json\/wp\/v2\/posts\/7852","targetHints":{"allow":["GET"]}}],"collection":[{"href":"https:\/\/agora.xtec.cat\/escolapacocandel\/wp-json\/wp\/v2\/posts"}],"about":[{"href":"https:\/\/agora.xtec.cat\/escolapacocandel\/wp-json\/wp\/v2\/types\/post"}],"author":[{"embeddable":true,"href":"https:\/\/agora.xtec.cat\/escolapacocandel\/wp-json\/wp\/v2\/users\/20"}],"replies":[{"embeddable":true,"href":"https:\/\/agora.xtec.cat\/escolapacocandel\/wp-json\/wp\/v2\/comments?post=7852"}],"version-history":[{"count":1,"href":"https:\/\/agora.xtec.cat\/escolapacocandel\/wp-json\/wp\/v2\/posts\/7852\/revisions"}],"predecessor-version":[{"id":7863,"href":"https:\/\/agora.xtec.cat\/escolapacocandel\/wp-json\/wp\/v2\/posts\/7852\/revisions\/7863"}],"wp:featuredmedia":[{"embeddable":true,"href":"https:\/\/agora.xtec.cat\/escolapacocandel\/wp-json\/wp\/v2\/media\/7859"}],"wp:attachment":[{"href":"https:\/\/agora.xtec.cat\/escolapacocandel\/wp-json\/wp\/v2\/media?parent=7852"}],"wp:term":[{"taxonomy":"category","embeddable":true,"href":"https:\/\/agora.xtec.cat\/escolapacocandel\/wp-json\/wp\/v2\/categories?post=7852"},{"taxonomy":"post_tag","embeddable":true,"href":"https:\/\/agora.xtec.cat\/escolapacocandel\/wp-json\/wp\/v2\/tags?post=7852"}],"curies":[{"name":"wp","href":"https:\/\/api.w.org\/{rel}","templated":true}]}}