{"id":7836,"date":"2023-04-27T13:44:13","date_gmt":"2023-04-27T11:44:13","guid":{"rendered":"https:\/\/agora.xtec.cat\/escolapacocandel\/?p=7836"},"modified":"2023-05-03T11:34:00","modified_gmt":"2023-05-03T09:34:00","slug":"diada-de-sant-jordi","status":"publish","type":"post","link":"https:\/\/agora.xtec.cat\/escolapacocandel\/general\/diada-de-sant-jordi\/","title":{"rendered":"DIADA DE SANT JORDI"},"content":{"rendered":"<p>Aquest any la <strong>Diada de Sant Jordi<\/strong> ha estat, de nou, un motiu de celebraci\u00f3 dins l\u2019escola. Un moment especial que no nom\u00e9s han viscut els infants, sin\u00f3 que tamb\u00e9 ha estat compartit amb les fam\u00edlies i que ha comptat amb la participaci\u00f3 de l&#8217;AFA\u00a0 interpretant una obra de teatre per a tots els infants de l&#8217;escola.<\/p>\n<p>Tots els grups de nens i nenes han treballat amb il\u00b7lusi\u00f3 i moltes ganes diferents produccions relacionades amb el m\u00f3n del llibre. Aix\u00ed, els infants d\u2019I3 han creat un conte col\u00b7lectiu, a I4 s\u2019ha posat en marxa la imaginaci\u00f3 per fer contes en grups de nens i nenes i a I5 van crear hist\u00f2ries en tires de paper, donant forma a un conte enrotllat. Per la seva banda, les nenes i nens de primer han posat en marxa el seu enginy per fer un llibrejoc cooperatiu, a segon s\u2019ha creat un conte a les mans, a tercer un emojiconte, a quart un c\u00f2mic, a cinqu\u00e8 un acr\u00f2stic i a sis\u00e8 un conte que els nens i nenes havien de dissenyar amb eines digitals. El seu esfor\u00e7 i il\u00b7lusi\u00f3 van ser premiats en un acte a l\u2019escola en qu\u00e8 van rebre un diploma i un llibre per tot el grup.<\/p>\n<p>En el marc de la celebraci\u00f3 de la Diada la comunitat de petits va gaudir d\u2019un seguit de provocacions relacionades amb Sant Jordi: contes, estampaci\u00f3 i experimentaci\u00f3 s\u00f3n nom\u00e9s algunes de les propostes que els infants van trobar i gaudir. Per altra banda, la comunitat de mitjans i de grans van fer tallers per crear treballs manuals de Sant Jordi.<\/p>\n<p>Per culminar els actes de celebraci\u00f3, en els dies posteriors a la Diada de Sant Jordi les fam\u00edlies han pogut gaudir de jornades de portes obertes a l\u2019escola per \u00a0veure, juntament amb els infants, les creacions fetes.<\/p>\n<p>A continuaci\u00f3 us deixem els enlla\u00e7os on podreu trobar un recull fotogr\u00e0fic.<\/p>\n<p>PETITS<\/p>\n<blockquote class=\"wp-embedded-content\" data-secret=\"w8jbZNpDx0\"><p><a href=\"https:\/\/agora.xtec.cat\/escolapacocandel\/fotos-privat\/fotos-petits\/\">Protegit: FOTOS PETITS<\/a><\/p><\/blockquote>\n<p><iframe loading=\"lazy\" class=\"wp-embedded-content\" sandbox=\"allow-scripts\" security=\"restricted\" style=\"position: absolute; clip: rect(1px, 1px, 1px, 1px);\" title=\"&#8220;Protegit: FOTOS PETITS&#8221; &#8212; Escola Paco Candel\" src=\"https:\/\/agora.xtec.cat\/escolapacocandel\/fotos-privat\/fotos-petits\/embed\/#?secret=psKpOYu0UT#?secret=w8jbZNpDx0\" data-secret=\"w8jbZNpDx0\" width=\"500\" height=\"282\" frameborder=\"0\" marginwidth=\"0\" marginheight=\"0\" scrolling=\"no\"><\/iframe><\/p>\n<p>MITJANS<\/p>\n<blockquote class=\"wp-embedded-content\" data-secret=\"fBgMJtgFPu\"><p><a href=\"https:\/\/agora.xtec.cat\/escolapacocandel\/fotos-privat\/fotos-mitjans\/\">Protegit: FOTOS MITJANS<\/a><\/p><\/blockquote>\n<p><iframe loading=\"lazy\" class=\"wp-embedded-content\" sandbox=\"allow-scripts\" security=\"restricted\" style=\"position: absolute; clip: rect(1px, 1px, 1px, 1px);\" title=\"&#8220;Protegit: FOTOS MITJANS&#8221; &#8212; Escola Paco Candel\" src=\"https:\/\/agora.xtec.cat\/escolapacocandel\/fotos-privat\/fotos-mitjans\/embed\/#?secret=GdLunDxWew#?secret=fBgMJtgFPu\" data-secret=\"fBgMJtgFPu\" width=\"500\" height=\"282\" frameborder=\"0\" marginwidth=\"0\" marginheight=\"0\" scrolling=\"no\"><\/iframe><\/p>\n<p>GRANS<\/p>\n<blockquote class=\"wp-embedded-content\" data-secret=\"Fgv8Vftnk9\"><p><a href=\"https:\/\/agora.xtec.cat\/escolapacocandel\/fotos-privat\/fotos-grans\/\">Protegit: FOTOS GRANS<\/a><\/p><\/blockquote>\n<p><iframe loading=\"lazy\" class=\"wp-embedded-content\" sandbox=\"allow-scripts\" security=\"restricted\" style=\"position: absolute; clip: rect(1px, 1px, 1px, 1px);\" title=\"&#8220;Protegit: FOTOS GRANS&#8221; &#8212; Escola Paco Candel\" src=\"https:\/\/agora.xtec.cat\/escolapacocandel\/fotos-privat\/fotos-grans\/embed\/#?secret=fKfBSYzoDF#?secret=Fgv8Vftnk9\" data-secret=\"Fgv8Vftnk9\" width=\"500\" height=\"282\" frameborder=\"0\" marginwidth=\"0\" marginheight=\"0\" scrolling=\"no\"><\/iframe><\/p>\n<p>Esperem que ho gaudiu!<\/p>\n<p>Equip docent.<\/p>\n","protected":false},"excerpt":{"rendered":"<p>Aquest any la Diada de Sant Jordi ha estat, de nou, un motiu de celebraci\u00f3 dins l\u2019escola. Un moment especial que no nom\u00e9s han viscut els infants, sin\u00f3 que tamb\u00e9 ha estat compartit amb les fam\u00edlies i que ha comptat amb la participaci\u00f3 de l&#8217;AFA\u00a0&hellip;  <a href=\"https:\/\/agora.xtec.cat\/escolapacocandel\/general\/diada-de-sant-jordi\/\" title=\"Read DIADA DE SANT JORDI\">Llegeix m\u00e9s\u00bb<\/a><\/p>\n","protected":false},"author":1,"featured_media":7837,"comment_status":"open","ping_status":"closed","sticky":false,"template":"","format":"standard","meta":{"_bbp_topic_count":0,"_bbp_reply_count":0,"_bbp_total_topic_count":0,"_bbp_total_reply_count":0,"_bbp_voice_count":0,"_bbp_anonymous_reply_count":0,"_bbp_topic_count_hidden":0,"_bbp_reply_count_hidden":0,"_bbp_forum_subforum_count":0,"footnotes":""},"categories":[129,127,128,1,4],"tags":[],"class_list":["post-7836","post","type-post","status-publish","format-standard","has-post-thumbnail","hentry","category-comunitat-de-grans","category-comunitat-de-mitjans","category-comunitat-de-petits","category-general","category-portada"],"post_mailing_queue_ids":[],"_links":{"self":[{"href":"https:\/\/agora.xtec.cat\/escolapacocandel\/wp-json\/wp\/v2\/posts\/7836","targetHints":{"allow":["GET"]}}],"collection":[{"href":"https:\/\/agora.xtec.cat\/escolapacocandel\/wp-json\/wp\/v2\/posts"}],"about":[{"href":"https:\/\/agora.xtec.cat\/escolapacocandel\/wp-json\/wp\/v2\/types\/post"}],"author":[{"embeddable":true,"href":"https:\/\/agora.xtec.cat\/escolapacocandel\/wp-json\/wp\/v2\/users\/1"}],"replies":[{"embeddable":true,"href":"https:\/\/agora.xtec.cat\/escolapacocandel\/wp-json\/wp\/v2\/comments?post=7836"}],"version-history":[{"count":1,"href":"https:\/\/agora.xtec.cat\/escolapacocandel\/wp-json\/wp\/v2\/posts\/7836\/revisions"}],"predecessor-version":[{"id":7840,"href":"https:\/\/agora.xtec.cat\/escolapacocandel\/wp-json\/wp\/v2\/posts\/7836\/revisions\/7840"}],"wp:featuredmedia":[{"embeddable":true,"href":"https:\/\/agora.xtec.cat\/escolapacocandel\/wp-json\/wp\/v2\/media\/7837"}],"wp:attachment":[{"href":"https:\/\/agora.xtec.cat\/escolapacocandel\/wp-json\/wp\/v2\/media?parent=7836"}],"wp:term":[{"taxonomy":"category","embeddable":true,"href":"https:\/\/agora.xtec.cat\/escolapacocandel\/wp-json\/wp\/v2\/categories?post=7836"},{"taxonomy":"post_tag","embeddable":true,"href":"https:\/\/agora.xtec.cat\/escolapacocandel\/wp-json\/wp\/v2\/tags?post=7836"}],"curies":[{"name":"wp","href":"https:\/\/api.w.org\/{rel}","templated":true}]}}