{"id":7794,"date":"2023-04-27T13:48:50","date_gmt":"2023-04-27T11:48:50","guid":{"rendered":"https:\/\/agora.xtec.cat\/escolapacocandel\/?p=7794"},"modified":"2023-11-09T13:46:19","modified_gmt":"2023-11-09T12:46:19","slug":"arts-crafts-un-espai-per-la-creativitat-i-el-gaudi","status":"publish","type":"post","link":"https:\/\/agora.xtec.cat\/escolapacocandel\/comunitat-de-mitjans\/2n\/arts-crafts-un-espai-per-la-creativitat-i-el-gaudi\/","title":{"rendered":"Arts &#038; Crafts, un espai per la creativitat i el gaudi"},"content":{"rendered":"<p>La millora de l&#8217;atenci\u00f3, l&#8217;estimulaci\u00f3 de la percepci\u00f3 i la imaginaci\u00f3, aix\u00ed com el desplegament de la creativitat i de l&#8217;emotivitat s\u00f3n alguns dels beneficis inherents a l&#8217;educaci\u00f3 art\u00edstica. En l&#8217;\u00e0mbit espec\u00edfic d&#8217;Arts &amp; Crafts, enfoquem les sessions de manera que els infants puguin gaudir de propostes variades que incloguin l&#8217;aproximaci\u00f3 a habilitats, t\u00e8cniques i manifestacions art\u00edstiques de diferent tipus. Aix\u00ed, al llarg del curs es plantegen creacions diverses que permeten que els infants identifiquin i treballin elements clau dins del llenguatge pl\u00e0stic, com ara el punt, la l\u00ednia, el color, la textura i el pla i que experimentin amb diferents suports i materials d&#8217;expressi\u00f3 pl\u00e0stica.<\/p>\n<p>En aquest primer tram del curs els nens i nenes han fet creacions inspirades en el puntillisme de Georges-Pierre Seurat, han treballat la l\u00ednia a partir de l&#8217;observaci\u00f3 de composicions de Piet Mondrian i s&#8217;han sorpr\u00e8s amb l&#8217;\u00fas del color de Romero Britto. A m\u00e9s a m\u00e9s, han posat en pr\u00e0ctica la seva atenci\u00f3 i creativitat per fer collages i han gaudit amb la creaci\u00f3 de treballs manuals tridimensionals. Tot plegat ho han fet, a m\u00e9s, experimentant amb materials diferents com ara la pintura gouache, les ceres i l&#8217;aquarel\u00b7la.<\/p>\n<p>Aqu\u00ed us deixem un petit recull gr\u00e0fic de les sessions i treballs dels artistes de primer i segon!<\/p>\n<p><a href=\"https:\/\/agora.xtec.cat\/escolapacocandel\/wp-content\/uploads\/usu332\/2023\/04\/Sols-paper.jpeg\"><img loading=\"lazy\" decoding=\"async\" class=\"alignnone wp-image-7802 size-medium\" src=\"https:\/\/agora.xtec.cat\/escolapacocandel\/wp-content\/uploads\/usu332\/2023\/04\/Sols-paper-253x300.jpeg\" alt=\"\" width=\"253\" height=\"300\" srcset=\"https:\/\/agora.xtec.cat\/escolapacocandel\/wp-content\/uploads\/usu332\/2023\/04\/Sols-paper-253x300.jpeg 253w, https:\/\/agora.xtec.cat\/escolapacocandel\/wp-content\/uploads\/usu332\/2023\/04\/Sols-paper-768x910.jpeg 768w, https:\/\/agora.xtec.cat\/escolapacocandel\/wp-content\/uploads\/usu332\/2023\/04\/Sols-paper.jpeg 789w\" sizes=\"auto, (max-width: 253px) 100vw, 253px\" \/><\/a> <a href=\"https:\/\/agora.xtec.cat\/escolapacocandel\/wp-content\/uploads\/usu332\/2023\/04\/Plantes-segon.jpeg\"><img loading=\"lazy\" decoding=\"async\" class=\"alignnone wp-image-7800 size-medium\" src=\"https:\/\/agora.xtec.cat\/escolapacocandel\/wp-content\/uploads\/usu332\/2023\/04\/Plantes-segon-300x300.jpeg\" alt=\"\" width=\"300\" height=\"300\" srcset=\"https:\/\/agora.xtec.cat\/escolapacocandel\/wp-content\/uploads\/usu332\/2023\/04\/Plantes-segon-300x300.jpeg 300w, https:\/\/agora.xtec.cat\/escolapacocandel\/wp-content\/uploads\/usu332\/2023\/04\/Plantes-segon-1024x1024.jpeg 1024w, https:\/\/agora.xtec.cat\/escolapacocandel\/wp-content\/uploads\/usu332\/2023\/04\/Plantes-segon-150x150.jpeg 150w, https:\/\/agora.xtec.cat\/escolapacocandel\/wp-content\/uploads\/usu332\/2023\/04\/Plantes-segon-768x768.jpeg 768w, https:\/\/agora.xtec.cat\/escolapacocandel\/wp-content\/uploads\/usu332\/2023\/04\/Plantes-segon-1536x1536.jpeg 1536w, https:\/\/agora.xtec.cat\/escolapacocandel\/wp-content\/uploads\/usu332\/2023\/04\/Plantes-segon.jpeg 1736w\" sizes=\"auto, (max-width: 300px) 100vw, 300px\" \/><\/a> <a href=\"https:\/\/agora.xtec.cat\/escolapacocandel\/wp-content\/uploads\/usu332\/2023\/04\/Piet.jpeg\"><img loading=\"lazy\" decoding=\"async\" class=\"alignnone wp-image-7799 size-medium\" src=\"https:\/\/agora.xtec.cat\/escolapacocandel\/wp-content\/uploads\/usu332\/2023\/04\/Piet-237x300.jpeg\" alt=\"\" width=\"237\" height=\"300\" srcset=\"https:\/\/agora.xtec.cat\/escolapacocandel\/wp-content\/uploads\/usu332\/2023\/04\/Piet-237x300.jpeg 237w, https:\/\/agora.xtec.cat\/escolapacocandel\/wp-content\/uploads\/usu332\/2023\/04\/Piet-808x1024.jpeg 808w, https:\/\/agora.xtec.cat\/escolapacocandel\/wp-content\/uploads\/usu332\/2023\/04\/Piet-768x974.jpeg 768w, https:\/\/agora.xtec.cat\/escolapacocandel\/wp-content\/uploads\/usu332\/2023\/04\/Piet.jpeg 1016w\" sizes=\"auto, (max-width: 237px) 100vw, 237px\" \/><\/a> <a href=\"https:\/\/agora.xtec.cat\/escolapacocandel\/wp-content\/uploads\/usu332\/2023\/04\/Diversos-primer.jpeg\"><img loading=\"lazy\" decoding=\"async\" class=\"alignnone wp-image-7797 size-medium\" src=\"https:\/\/agora.xtec.cat\/escolapacocandel\/wp-content\/uploads\/usu332\/2023\/04\/Diversos-primer-300x300.jpeg\" alt=\"\" width=\"300\" height=\"300\" srcset=\"https:\/\/agora.xtec.cat\/escolapacocandel\/wp-content\/uploads\/usu332\/2023\/04\/Diversos-primer-300x300.jpeg 300w, https:\/\/agora.xtec.cat\/escolapacocandel\/wp-content\/uploads\/usu332\/2023\/04\/Diversos-primer-1024x1024.jpeg 1024w, https:\/\/agora.xtec.cat\/escolapacocandel\/wp-content\/uploads\/usu332\/2023\/04\/Diversos-primer-150x150.jpeg 150w, https:\/\/agora.xtec.cat\/escolapacocandel\/wp-content\/uploads\/usu332\/2023\/04\/Diversos-primer-768x768.jpeg 768w, https:\/\/agora.xtec.cat\/escolapacocandel\/wp-content\/uploads\/usu332\/2023\/04\/Diversos-primer-1536x1536.jpeg 1536w, https:\/\/agora.xtec.cat\/escolapacocandel\/wp-content\/uploads\/usu332\/2023\/04\/Diversos-primer.jpeg 1600w\" sizes=\"auto, (max-width: 300px) 100vw, 300px\" \/><\/a><a href=\"https:\/\/agora.xtec.cat\/escolapacocandel\/wp-content\/uploads\/usu332\/2023\/04\/Collage.jpeg\"><img loading=\"lazy\" decoding=\"async\" class=\"alignnone wp-image-7796 size-medium\" src=\"https:\/\/agora.xtec.cat\/escolapacocandel\/wp-content\/uploads\/usu332\/2023\/04\/Collage-300x300.jpeg\" alt=\"\" width=\"300\" height=\"300\" srcset=\"https:\/\/agora.xtec.cat\/escolapacocandel\/wp-content\/uploads\/usu332\/2023\/04\/Collage-300x300.jpeg 300w, https:\/\/agora.xtec.cat\/escolapacocandel\/wp-content\/uploads\/usu332\/2023\/04\/Collage-1024x1024.jpeg 1024w, https:\/\/agora.xtec.cat\/escolapacocandel\/wp-content\/uploads\/usu332\/2023\/04\/Collage-150x150.jpeg 150w, https:\/\/agora.xtec.cat\/escolapacocandel\/wp-content\/uploads\/usu332\/2023\/04\/Collage-768x768.jpeg 768w, https:\/\/agora.xtec.cat\/escolapacocandel\/wp-content\/uploads\/usu332\/2023\/04\/Collage-1536x1536.jpeg 1536w, https:\/\/agora.xtec.cat\/escolapacocandel\/wp-content\/uploads\/usu332\/2023\/04\/Collage.jpeg 1736w\" sizes=\"auto, (max-width: 300px) 100vw, 300px\" \/><\/a><a href=\"https:\/\/agora.xtec.cat\/escolapacocandel\/wp-content\/uploads\/usu332\/2023\/04\/Mascares.jpeg\"><img loading=\"lazy\" decoding=\"async\" class=\"alignnone wp-image-7798 size-medium\" src=\"https:\/\/agora.xtec.cat\/escolapacocandel\/wp-content\/uploads\/usu332\/2023\/04\/Mascares-224x300.jpeg\" alt=\"\" width=\"224\" height=\"300\" srcset=\"https:\/\/agora.xtec.cat\/escolapacocandel\/wp-content\/uploads\/usu332\/2023\/04\/Mascares-224x300.jpeg 224w, https:\/\/agora.xtec.cat\/escolapacocandel\/wp-content\/uploads\/usu332\/2023\/04\/Mascares-766x1024.jpeg 766w, https:\/\/agora.xtec.cat\/escolapacocandel\/wp-content\/uploads\/usu332\/2023\/04\/Mascares-768x1027.jpeg 768w, https:\/\/agora.xtec.cat\/escolapacocandel\/wp-content\/uploads\/usu332\/2023\/04\/Mascares-1149x1536.jpeg 1149w, https:\/\/agora.xtec.cat\/escolapacocandel\/wp-content\/uploads\/usu332\/2023\/04\/Mascares.jpeg 1532w\" sizes=\"auto, (max-width: 224px) 100vw, 224px\" \/><\/a><a href=\"https:\/\/agora.xtec.cat\/escolapacocandel\/wp-content\/uploads\/usu332\/2023\/04\/Romero-Britto-rotated.jpeg\"><img loading=\"lazy\" decoding=\"async\" class=\"alignnone wp-image-7801 size-medium\" src=\"https:\/\/agora.xtec.cat\/escolapacocandel\/wp-content\/uploads\/usu332\/2023\/04\/Romero-Britto-300x224.jpeg\" alt=\"\" width=\"300\" height=\"224\" srcset=\"https:\/\/agora.xtec.cat\/escolapacocandel\/wp-content\/uploads\/usu332\/2023\/04\/Romero-Britto-300x224.jpeg 300w, https:\/\/agora.xtec.cat\/escolapacocandel\/wp-content\/uploads\/usu332\/2023\/04\/Romero-Britto-1024x766.jpeg 1024w, https:\/\/agora.xtec.cat\/escolapacocandel\/wp-content\/uploads\/usu332\/2023\/04\/Romero-Britto-768x575.jpeg 768w, https:\/\/agora.xtec.cat\/escolapacocandel\/wp-content\/uploads\/usu332\/2023\/04\/Romero-Britto-1536x1149.jpeg 1536w, https:\/\/agora.xtec.cat\/escolapacocandel\/wp-content\/uploads\/usu332\/2023\/04\/Romero-Britto-200x150.jpeg 200w, https:\/\/agora.xtec.cat\/escolapacocandel\/wp-content\/uploads\/usu332\/2023\/04\/Romero-Britto-rotated.jpeg 2048w\" sizes=\"auto, (max-width: 300px) 100vw, 300px\" \/><\/a><\/p>\n","protected":false},"excerpt":{"rendered":"<p>La millora de l&#8217;atenci\u00f3, l&#8217;estimulaci\u00f3 de la percepci\u00f3 i la imaginaci\u00f3, aix\u00ed com el desplegament de la creativitat i de l&#8217;emotivitat s\u00f3n alguns dels beneficis inherents a l&#8217;educaci\u00f3 art\u00edstica. En l&#8217;\u00e0mbit espec\u00edfic d&#8217;Arts &amp; Crafts, enfoquem les sessions de manera que els infants puguin gaudir&hellip;  <a href=\"https:\/\/agora.xtec.cat\/escolapacocandel\/comunitat-de-mitjans\/2n\/arts-crafts-un-espai-per-la-creativitat-i-el-gaudi\/\" title=\"Read Arts &#038; Crafts, un espai per la creativitat i el gaudi\">Llegeix m\u00e9s\u00bb<\/a><\/p>\n","protected":false},"author":1,"featured_media":7797,"comment_status":"open","ping_status":"closed","sticky":false,"template":"","format":"standard","meta":{"_bbp_topic_count":0,"_bbp_reply_count":0,"_bbp_total_topic_count":0,"_bbp_total_reply_count":0,"_bbp_voice_count":0,"_bbp_anonymous_reply_count":0,"_bbp_topic_count_hidden":0,"_bbp_reply_count_hidden":0,"_bbp_forum_subforum_count":0,"footnotes":""},"categories":[140,137],"tags":[],"class_list":["post-7794","post","type-post","status-publish","format-standard","has-post-thumbnail","hentry","category-1r","category-2n"],"post_mailing_queue_ids":[],"_links":{"self":[{"href":"https:\/\/agora.xtec.cat\/escolapacocandel\/wp-json\/wp\/v2\/posts\/7794","targetHints":{"allow":["GET"]}}],"collection":[{"href":"https:\/\/agora.xtec.cat\/escolapacocandel\/wp-json\/wp\/v2\/posts"}],"about":[{"href":"https:\/\/agora.xtec.cat\/escolapacocandel\/wp-json\/wp\/v2\/types\/post"}],"author":[{"embeddable":true,"href":"https:\/\/agora.xtec.cat\/escolapacocandel\/wp-json\/wp\/v2\/users\/1"}],"replies":[{"embeddable":true,"href":"https:\/\/agora.xtec.cat\/escolapacocandel\/wp-json\/wp\/v2\/comments?post=7794"}],"version-history":[{"count":3,"href":"https:\/\/agora.xtec.cat\/escolapacocandel\/wp-json\/wp\/v2\/posts\/7794\/revisions"}],"predecessor-version":[{"id":7805,"href":"https:\/\/agora.xtec.cat\/escolapacocandel\/wp-json\/wp\/v2\/posts\/7794\/revisions\/7805"}],"wp:featuredmedia":[{"embeddable":true,"href":"https:\/\/agora.xtec.cat\/escolapacocandel\/wp-json\/wp\/v2\/media\/7797"}],"wp:attachment":[{"href":"https:\/\/agora.xtec.cat\/escolapacocandel\/wp-json\/wp\/v2\/media?parent=7794"}],"wp:term":[{"taxonomy":"category","embeddable":true,"href":"https:\/\/agora.xtec.cat\/escolapacocandel\/wp-json\/wp\/v2\/categories?post=7794"},{"taxonomy":"post_tag","embeddable":true,"href":"https:\/\/agora.xtec.cat\/escolapacocandel\/wp-json\/wp\/v2\/tags?post=7794"}],"curies":[{"name":"wp","href":"https:\/\/api.w.org\/{rel}","templated":true}]}}