{"id":7786,"date":"2023-04-27T13:49:26","date_gmt":"2023-04-27T11:49:26","guid":{"rendered":"https:\/\/agora.xtec.cat\/escolapacocandel\/?p=7786"},"modified":"2023-11-09T15:45:39","modified_gmt":"2023-11-09T14:45:39","slug":"treball-per-racons","status":"publish","type":"post","link":"https:\/\/agora.xtec.cat\/escolapacocandel\/general\/treball-per-racons\/","title":{"rendered":"Treball per racons"},"content":{"rendered":"<p><span style=\"font-weight: 400;\">A l\u2019escola Paco Candel es destina un temps pel <strong>treball per<\/strong> <strong>racons<\/strong>. Per\u00f2 qu\u00e8 s\u00f3n els racons exactament?<\/span><\/p>\n<p><span style=\"font-weight: 400;\">El treball per racons \u00e9s una metodologia pedag\u00f2gica que es basa en l\u2019organitzaci\u00f3 de l&#8217;aprenentatge en espais o \u00e0mbits espec\u00edfics dins d\u2019un entorn educatiu. Cada rac\u00f3 est\u00e0 dissenyat a trav\u00e9s d\u2019activitats multinivell per proporcionar als infants oportunitats d\u2019exploraci\u00f3, descoberta, aprenentatge aut\u00f2nom, fomentant la participaci\u00f3 activa i la presa de decisions.<\/span><\/p>\n<ul>\n<li><span style=\"font-weight: 400;\">Qu\u00e8 es vol aconseguir a trav\u00e9s del treball per racons?<\/span>\n<ul>\n<li>Fomentar l\u2019autonomia i la presa de decisions.<\/li>\n<li>Personalitzar l\u2019aprenentatge.<\/li>\n<li>Respectar els interessos i els diferents ritmes d\u2019aprenentatge dels infants.<\/li>\n<li>Fomentar la col\u00b7laboraci\u00f3 i la comunicaci\u00f3<\/li>\n<li>Desenvolupar habilitats socials i emocionals.<\/li>\n<\/ul>\n<\/li>\n<\/ul>\n<p><span style=\"font-weight: 400;\">A l\u2019escola, el treball per racons es treballa en dos \u00e0mbits; el matem\u00e0tic i el ling\u00fc\u00edstic. A trav\u00e9s de material manipulatiu, treballem els diferents blocs dels sabers que recull l&#8217;actual curr\u00edculum.\u00a0<\/span><\/p>\n<p>En l&#8217;<strong>\u00e0mbit ling\u00fc\u00edstic<\/strong> treballem en 4 grans blocs:<\/p>\n<p><em>1.Comprensi\u00f3 lectora\u00a0 \u00a0 \u00a0 \u00a0 \u00a0 \u00a0 \u00a0 \u00a0 \u00a0 \u00a0 \u00a0 \u00a0 \u00a0 \u00a0 \u00a02. Expressi\u00f3 escrita<\/em><\/p>\n<p><a href=\"https:\/\/agora.xtec.cat\/escolapacocandel\/wp-content\/uploads\/usu332\/2023\/04\/IMG-0551-scaled.jpg\">\u00a0 \u00a0 <img loading=\"lazy\" decoding=\"async\" class=\"alignnone wp-image-7824\" src=\"https:\/\/agora.xtec.cat\/escolapacocandel\/wp-content\/uploads\/usu332\/2023\/04\/IMG-0551-768x1024.jpg\" alt=\"\" width=\"181\" height=\"241\" srcset=\"https:\/\/agora.xtec.cat\/escolapacocandel\/wp-content\/uploads\/usu332\/2023\/04\/IMG-0551-768x1024.jpg 768w, https:\/\/agora.xtec.cat\/escolapacocandel\/wp-content\/uploads\/usu332\/2023\/04\/IMG-0551-225x300.jpg 225w, https:\/\/agora.xtec.cat\/escolapacocandel\/wp-content\/uploads\/usu332\/2023\/04\/IMG-0551-1152x1536.jpg 1152w, https:\/\/agora.xtec.cat\/escolapacocandel\/wp-content\/uploads\/usu332\/2023\/04\/IMG-0551-1536x2048.jpg 1536w, https:\/\/agora.xtec.cat\/escolapacocandel\/wp-content\/uploads\/usu332\/2023\/04\/IMG-0551-scaled.jpg 1920w\" sizes=\"auto, (max-width: 181px) 100vw, 181px\" \/><\/a>\u00a0 \u00a0 \u00a0 \u00a0 \u00a0 \u00a0 \u00a0 \u00a0 \u00a0 \u00a0 \u00a0 \u00a0<a href=\"https:\/\/agora.xtec.cat\/escolapacocandel\/wp-content\/uploads\/usu332\/2023\/04\/IMG-0539-scaled.jpg\"><img loading=\"lazy\" decoding=\"async\" class=\"alignnone wp-image-7829\" src=\"https:\/\/agora.xtec.cat\/escolapacocandel\/wp-content\/uploads\/usu332\/2023\/04\/IMG-0539-768x1024.jpg\" alt=\"\" width=\"183\" height=\"244\" srcset=\"https:\/\/agora.xtec.cat\/escolapacocandel\/wp-content\/uploads\/usu332\/2023\/04\/IMG-0539-768x1024.jpg 768w, https:\/\/agora.xtec.cat\/escolapacocandel\/wp-content\/uploads\/usu332\/2023\/04\/IMG-0539-225x300.jpg 225w, https:\/\/agora.xtec.cat\/escolapacocandel\/wp-content\/uploads\/usu332\/2023\/04\/IMG-0539-1152x1536.jpg 1152w, https:\/\/agora.xtec.cat\/escolapacocandel\/wp-content\/uploads\/usu332\/2023\/04\/IMG-0539-1536x2048.jpg 1536w, https:\/\/agora.xtec.cat\/escolapacocandel\/wp-content\/uploads\/usu332\/2023\/04\/IMG-0539-scaled.jpg 1920w\" sizes=\"auto, (max-width: 183px) 100vw, 183px\" \/><\/a><img loading=\"lazy\" decoding=\"async\" class=\"alignnone wp-image-7828\" src=\"https:\/\/agora.xtec.cat\/escolapacocandel\/wp-content\/uploads\/usu332\/2023\/04\/IMG-0542-768x1024.jpg\" alt=\"\" width=\"183\" height=\"244\" srcset=\"https:\/\/agora.xtec.cat\/escolapacocandel\/wp-content\/uploads\/usu332\/2023\/04\/IMG-0542-768x1024.jpg 768w, https:\/\/agora.xtec.cat\/escolapacocandel\/wp-content\/uploads\/usu332\/2023\/04\/IMG-0542-225x300.jpg 225w, https:\/\/agora.xtec.cat\/escolapacocandel\/wp-content\/uploads\/usu332\/2023\/04\/IMG-0542-1152x1536.jpg 1152w, https:\/\/agora.xtec.cat\/escolapacocandel\/wp-content\/uploads\/usu332\/2023\/04\/IMG-0542-1536x2048.jpg 1536w, https:\/\/agora.xtec.cat\/escolapacocandel\/wp-content\/uploads\/usu332\/2023\/04\/IMG-0542-scaled.jpg 1920w\" sizes=\"auto, (max-width: 183px) 100vw, 183px\" \/><\/p>\n<p><em>3. Comprensi\u00f3 oral\u00a0<\/em>\u00a0 \u00a0 \u00a0 \u00a0 \u00a0 \u00a0 \u00a0 \u00a0 \u00a0 \u00a0 \u00a0 \u00a0 \u00a0 \u00a0 \u00a0 \u00a0 \u00a0<em>4. \u00das de la llengua<\/em><\/p>\n<p><a href=\"https:\/\/agora.xtec.cat\/escolapacocandel\/wp-content\/uploads\/usu332\/2023\/04\/IMG-0546-scaled.jpg\">\u00a0 \u00a0 <img loading=\"lazy\" decoding=\"async\" class=\"alignnone wp-image-7826\" src=\"https:\/\/agora.xtec.cat\/escolapacocandel\/wp-content\/uploads\/usu332\/2023\/04\/IMG-0546-768x1024.jpg\" alt=\"\" width=\"183\" height=\"244\" srcset=\"https:\/\/agora.xtec.cat\/escolapacocandel\/wp-content\/uploads\/usu332\/2023\/04\/IMG-0546-768x1024.jpg 768w, https:\/\/agora.xtec.cat\/escolapacocandel\/wp-content\/uploads\/usu332\/2023\/04\/IMG-0546-225x300.jpg 225w, https:\/\/agora.xtec.cat\/escolapacocandel\/wp-content\/uploads\/usu332\/2023\/04\/IMG-0546-1152x1536.jpg 1152w, https:\/\/agora.xtec.cat\/escolapacocandel\/wp-content\/uploads\/usu332\/2023\/04\/IMG-0546-1536x2048.jpg 1536w, https:\/\/agora.xtec.cat\/escolapacocandel\/wp-content\/uploads\/usu332\/2023\/04\/IMG-0546-scaled.jpg 1920w\" sizes=\"auto, (max-width: 183px) 100vw, 183px\" \/><\/a>\u00a0 \u00a0 \u00a0 \u00a0 \u00a0 \u00a0 \u00a0 \u00a0 \u00a0 \u00a0 \u00a0 \u00a0 <img loading=\"lazy\" decoding=\"async\" class=\"alignnone wp-image-7825\" src=\"https:\/\/agora.xtec.cat\/escolapacocandel\/wp-content\/uploads\/usu332\/2023\/04\/IMG-0547-1-768x1024.jpg\" alt=\"\" width=\"184\" height=\"246\" srcset=\"https:\/\/agora.xtec.cat\/escolapacocandel\/wp-content\/uploads\/usu332\/2023\/04\/IMG-0547-1-768x1024.jpg 768w, https:\/\/agora.xtec.cat\/escolapacocandel\/wp-content\/uploads\/usu332\/2023\/04\/IMG-0547-1-225x300.jpg 225w, https:\/\/agora.xtec.cat\/escolapacocandel\/wp-content\/uploads\/usu332\/2023\/04\/IMG-0547-1-1152x1536.jpg 1152w, https:\/\/agora.xtec.cat\/escolapacocandel\/wp-content\/uploads\/usu332\/2023\/04\/IMG-0547-1-1536x2048.jpg 1536w, https:\/\/agora.xtec.cat\/escolapacocandel\/wp-content\/uploads\/usu332\/2023\/04\/IMG-0547-1-scaled.jpg 1920w\" sizes=\"auto, (max-width: 184px) 100vw, 184px\" \/><\/p>\n<p><span style=\"font-weight: 400;\">En l&#8217;<strong>\u00e0mbit matem\u00e0tic<\/strong>, es divideix en els seg\u00fcents blocs:\u00a0<\/span><\/p>\n<ol>\n<li><em><span style=\"font-weight: 400;\">Numeraci\u00f3 i c\u00e0lcul\u00a0 \u00a0 \u00a0 \u00a0 \u00a0 \u00a0 \u00a0 \u00a0 \u00a0 \u00a0 \u00a0 \u00a0 \u00a0 \u00a0 \u00a0 \u00a0 \u00a02. L\u00f2gica i raonament\u00a0 \u00a0 \u00a0<\/span><\/em><em><span style=\"font-weight: 400;\"> \u00a0 \u00a0 \u00a0 \u00a0 \u00a0 \u00a0 \u00a0 \u00a0 \u00a0 <\/span><\/em><em><span style=\"font-weight: 400;\">\u00a0<\/span><\/em><\/li>\n<\/ol>\n<p><a href=\"https:\/\/agora.xtec.cat\/escolapacocandel\/wp-content\/uploads\/usu332\/2023\/04\/mates2.jpg\"><img loading=\"lazy\" decoding=\"async\" class=\"alignnone wp-image-7842\" src=\"https:\/\/agora.xtec.cat\/escolapacocandel\/wp-content\/uploads\/usu332\/2023\/04\/mates2-985x1024.jpg\" alt=\"\" width=\"181\" height=\"188\" srcset=\"https:\/\/agora.xtec.cat\/escolapacocandel\/wp-content\/uploads\/usu332\/2023\/04\/mates2-985x1024.jpg 985w, https:\/\/agora.xtec.cat\/escolapacocandel\/wp-content\/uploads\/usu332\/2023\/04\/mates2-289x300.jpg 289w, https:\/\/agora.xtec.cat\/escolapacocandel\/wp-content\/uploads\/usu332\/2023\/04\/mates2-768x798.jpg 768w, https:\/\/agora.xtec.cat\/escolapacocandel\/wp-content\/uploads\/usu332\/2023\/04\/mates2-1477x1536.jpg 1477w, https:\/\/agora.xtec.cat\/escolapacocandel\/wp-content\/uploads\/usu332\/2023\/04\/mates2.jpg 1539w\" sizes=\"auto, (max-width: 181px) 100vw, 181px\" \/>\u00a0 \u00a0 \u00a0 \u00a0 \u00a0 \u00a0 \u00a0 \u00a0 \u00a0 \u00a0 \u00a0 \u00a0 \u00a0<\/a><img loading=\"lazy\" decoding=\"async\" class=\"alignnone wp-image-7838\" src=\"https:\/\/agora.xtec.cat\/escolapacocandel\/wp-content\/uploads\/usu332\/2023\/04\/mates.jpg\" alt=\"\" width=\"240\" height=\"178\" srcset=\"https:\/\/agora.xtec.cat\/escolapacocandel\/wp-content\/uploads\/usu332\/2023\/04\/mates.jpg 583w, https:\/\/agora.xtec.cat\/escolapacocandel\/wp-content\/uploads\/usu332\/2023\/04\/mates-300x222.jpg 300w\" sizes=\"auto, (max-width: 240px) 100vw, 240px\" \/><a href=\"https:\/\/agora.xtec.cat\/escolapacocandel\/wp-content\/uploads\/usu332\/2023\/04\/WhatsApp-Image-2023-04-26-at-13.42.43.jpeg\">\u00a0 \u00a0 \u00a0 \u00a0 \u00a0 \u00a0 \u00a0<\/a><\/p>\n<ul>\n<li style=\"list-style-type: none;\"><\/li>\n<\/ul>\n<p><em><span style=\"font-weight: 400;\"> 3. Espai, forma i mesura \u00a0 \u00a0 \u00a0 \u00a0 \u00a0 \u00a0 \u00a0 \u00a0 \u00a0 \u00a0 \u00a0 \u00a0<\/span><\/em><em><span style=\"font-weight: 400;\">\u00a0 \u00a0 \u00a04. <\/span><\/em><em><span style=\"font-weight: 400;\">Resoluci\u00f3 de problemes.<\/span><\/em><\/p>\n<p><a href=\"https:\/\/agora.xtec.cat\/escolapacocandel\/wp-content\/uploads\/usu332\/2023\/04\/WhatsApp-Image-2023-04-26-at-13.42.43.jpeg\"><em><span style=\"font-weight: 400;\">\u00a0 \u00a0<img loading=\"lazy\" decoding=\"async\" class=\"wp-image-7790 alignnone\" src=\"https:\/\/agora.xtec.cat\/escolapacocandel\/wp-content\/uploads\/usu332\/2023\/04\/WhatsApp-Image-2023-04-26-at-13.47.23.jpeg\" alt=\"\" width=\"217\" height=\"162\" data-wp-editing=\"1\" srcset=\"https:\/\/agora.xtec.cat\/escolapacocandel\/wp-content\/uploads\/usu332\/2023\/04\/WhatsApp-Image-2023-04-26-at-13.47.23.jpeg 1024w, https:\/\/agora.xtec.cat\/escolapacocandel\/wp-content\/uploads\/usu332\/2023\/04\/WhatsApp-Image-2023-04-26-at-13.47.23-300x224.jpeg 300w, https:\/\/agora.xtec.cat\/escolapacocandel\/wp-content\/uploads\/usu332\/2023\/04\/WhatsApp-Image-2023-04-26-at-13.47.23-768x575.jpeg 768w, https:\/\/agora.xtec.cat\/escolapacocandel\/wp-content\/uploads\/usu332\/2023\/04\/WhatsApp-Image-2023-04-26-at-13.47.23-200x150.jpeg 200w\" sizes=\"auto, (max-width: 217px) 100vw, 217px\" \/><\/span><\/em><\/a>\u00a0 \u00a0 \u00a0 \u00a0 \u00a0 \u00a0 \u00a0 \u00a0 \u00a0 \u00a0<a href=\"https:\/\/agora.xtec.cat\/escolapacocandel\/wp-content\/uploads\/usu332\/2023\/04\/mates-2-1.jpg\"><img loading=\"lazy\" decoding=\"async\" class=\"alignnone wp-image-7841\" src=\"https:\/\/agora.xtec.cat\/escolapacocandel\/wp-content\/uploads\/usu332\/2023\/04\/mates-2-1.jpg\" alt=\"\" width=\"232\" height=\"169\" srcset=\"https:\/\/agora.xtec.cat\/escolapacocandel\/wp-content\/uploads\/usu332\/2023\/04\/mates-2-1.jpg 871w, https:\/\/agora.xtec.cat\/escolapacocandel\/wp-content\/uploads\/usu332\/2023\/04\/mates-2-1-300x218.jpg 300w, https:\/\/agora.xtec.cat\/escolapacocandel\/wp-content\/uploads\/usu332\/2023\/04\/mates-2-1-768x559.jpg 768w\" sizes=\"auto, (max-width: 232px) 100vw, 232px\" \/><\/a><\/p>\n","protected":false},"excerpt":{"rendered":"<p>A l\u2019escola Paco Candel es destina un temps pel treball per racons. Per\u00f2 qu\u00e8 s\u00f3n els racons exactament?<br \/>\nEl treball per racons \u00e9s una metodologia pedag\u00f2gica que es basa en l\u2019organitzaci\u00f3 de l&#8217;aprenentatge en espais o \u00e0mbits espec\u00edfics dins d\u2019un entorn educatiu. Cada rac\u00f3 est\u00e0 dissenyat&hellip;  <a href=\"https:\/\/agora.xtec.cat\/escolapacocandel\/general\/treball-per-racons\/\" title=\"Read Treball per racons\">Llegeix m\u00e9s\u00bb<\/a><\/p>\n","protected":false},"author":1,"featured_media":7829,"comment_status":"open","ping_status":"closed","sticky":false,"template":"","format":"standard","meta":{"_bbp_topic_count":0,"_bbp_reply_count":0,"_bbp_total_topic_count":0,"_bbp_total_reply_count":0,"_bbp_voice_count":0,"_bbp_anonymous_reply_count":0,"_bbp_topic_count_hidden":0,"_bbp_reply_count_hidden":0,"_bbp_forum_subforum_count":0,"footnotes":""},"categories":[127,1,4],"tags":[],"class_list":["post-7786","post","type-post","status-publish","format-standard","has-post-thumbnail","hentry","category-comunitat-de-mitjans","category-general","category-portada"],"post_mailing_queue_ids":[],"_links":{"self":[{"href":"https:\/\/agora.xtec.cat\/escolapacocandel\/wp-json\/wp\/v2\/posts\/7786","targetHints":{"allow":["GET"]}}],"collection":[{"href":"https:\/\/agora.xtec.cat\/escolapacocandel\/wp-json\/wp\/v2\/posts"}],"about":[{"href":"https:\/\/agora.xtec.cat\/escolapacocandel\/wp-json\/wp\/v2\/types\/post"}],"author":[{"embeddable":true,"href":"https:\/\/agora.xtec.cat\/escolapacocandel\/wp-json\/wp\/v2\/users\/1"}],"replies":[{"embeddable":true,"href":"https:\/\/agora.xtec.cat\/escolapacocandel\/wp-json\/wp\/v2\/comments?post=7786"}],"version-history":[{"count":3,"href":"https:\/\/agora.xtec.cat\/escolapacocandel\/wp-json\/wp\/v2\/posts\/7786\/revisions"}],"predecessor-version":[{"id":7853,"href":"https:\/\/agora.xtec.cat\/escolapacocandel\/wp-json\/wp\/v2\/posts\/7786\/revisions\/7853"}],"wp:featuredmedia":[{"embeddable":true,"href":"https:\/\/agora.xtec.cat\/escolapacocandel\/wp-json\/wp\/v2\/media\/7829"}],"wp:attachment":[{"href":"https:\/\/agora.xtec.cat\/escolapacocandel\/wp-json\/wp\/v2\/media?parent=7786"}],"wp:term":[{"taxonomy":"category","embeddable":true,"href":"https:\/\/agora.xtec.cat\/escolapacocandel\/wp-json\/wp\/v2\/categories?post=7786"},{"taxonomy":"post_tag","embeddable":true,"href":"https:\/\/agora.xtec.cat\/escolapacocandel\/wp-json\/wp\/v2\/tags?post=7786"}],"curies":[{"name":"wp","href":"https:\/\/api.w.org\/{rel}","templated":true}]}}