{"id":774,"date":"2019-02-06T00:21:24","date_gmt":"2019-02-05T23:21:24","guid":{"rendered":"http:\/\/agora.xtec.cat\/escolapacocandel\/?p=774"},"modified":"2019-02-06T14:17:15","modified_gmt":"2019-02-06T13:17:15","slug":"engeguem-nous-projectes","status":"publish","type":"post","link":"https:\/\/agora.xtec.cat\/escolapacocandel\/general\/engeguem-nous-projectes\/","title":{"rendered":"ENGEGUEM NOUS PROJECTES!!!"},"content":{"rendered":"<p>Aquest curs ens fa molta il\u00b7lusi\u00f3 compartir amb vosaltres dos nous projectes que ja s&#8217;han posat en marxa a l&#8217;escola&#8230;<\/p>\n<p>SETMANA D&#8217;ART : LLETRES I ART &#8211; Des de diverses perspectives, ens adonem que l&#8217;art est\u00e0 ple de lletres i les lletres s\u00f3n una obra d&#8217;art. Estudiarem Mir\u00f3 i Plensa pels m\u00e9s petits i ens endinsarem en la poesia de Joan Brossa.<\/p>\n<p>&nbsp;<\/p>\n<p><a href=\"https:\/\/agora.xtec.cat\/escolapacocandel\/wp-content\/uploads\/usu332\/2019\/02\/lletres-i-art.png\"><img loading=\"lazy\" decoding=\"async\" class=\"alignnone size-medium wp-image-777\" src=\"https:\/\/agora.xtec.cat\/escolapacocandel\/wp-content\/uploads\/usu332\/2019\/02\/lletres-i-art-211x300.png\" alt=\"\" width=\"211\" height=\"300\" srcset=\"https:\/\/agora.xtec.cat\/escolapacocandel\/wp-content\/uploads\/usu332\/2019\/02\/lletres-i-art-211x300.png 211w, https:\/\/agora.xtec.cat\/escolapacocandel\/wp-content\/uploads\/usu332\/2019\/02\/lletres-i-art.png 498w\" sizes=\"auto, (max-width: 211px) 100vw, 211px\" \/><\/a><a href=\"https:\/\/agora.xtec.cat\/escolapacocandel\/wp-content\/uploads\/usu332\/2019\/02\/patiprojecte.png\"><img loading=\"lazy\" decoding=\"async\" class=\"alignnone size-medium wp-image-779\" src=\"https:\/\/agora.xtec.cat\/escolapacocandel\/wp-content\/uploads\/usu332\/2019\/02\/patiprojecte-218x300.png\" alt=\"\" width=\"218\" height=\"300\" srcset=\"https:\/\/agora.xtec.cat\/escolapacocandel\/wp-content\/uploads\/usu332\/2019\/02\/patiprojecte-218x300.png 218w, https:\/\/agora.xtec.cat\/escolapacocandel\/wp-content\/uploads\/usu332\/2019\/02\/patiprojecte.png 499w\" sizes=\"auto, (max-width: 218px) 100vw, 218px\" \/><\/a><\/p>\n<p>FEM UNA VOLTA AL PATI : Hem creat dos espais nous de pati, gestionat pels nostres alumnes: La Bibliopati i el passad\u00eds dels jocs.<\/p>\n<p>&nbsp;<\/p>\n","protected":false},"excerpt":{"rendered":"<p>Aquest curs ens fa molta il\u00b7lusi\u00f3 compartir amb vosaltres dos nous projectes que ja s&#8217;han posat en marxa a l&#8217;escola&#8230;<br \/>\nSETMANA D&#8217;ART : LLETRES I ART &#8211; Des de diverses perspectives, ens adonem que l&#8217;art est\u00e0 ple de lletres i les lletres s\u00f3n una obra d&#8217;art.&hellip;  <a href=\"https:\/\/agora.xtec.cat\/escolapacocandel\/general\/engeguem-nous-projectes\/\" title=\"Read ENGEGUEM NOUS PROJECTES!!!\">Llegeix m\u00e9s\u00bb<\/a><\/p>\n","protected":false},"author":1,"featured_media":777,"comment_status":"open","ping_status":"closed","sticky":false,"template":"","format":"standard","meta":{"_bbp_topic_count":0,"_bbp_reply_count":0,"_bbp_total_topic_count":0,"_bbp_total_reply_count":0,"_bbp_voice_count":0,"_bbp_anonymous_reply_count":0,"_bbp_topic_count_hidden":0,"_bbp_reply_count_hidden":0,"_bbp_forum_subforum_count":0,"footnotes":""},"categories":[1,4],"tags":[],"class_list":["post-774","post","type-post","status-publish","format-standard","has-post-thumbnail","hentry","category-general","category-portada"],"post_mailing_queue_ids":[],"_links":{"self":[{"href":"https:\/\/agora.xtec.cat\/escolapacocandel\/wp-json\/wp\/v2\/posts\/774","targetHints":{"allow":["GET"]}}],"collection":[{"href":"https:\/\/agora.xtec.cat\/escolapacocandel\/wp-json\/wp\/v2\/posts"}],"about":[{"href":"https:\/\/agora.xtec.cat\/escolapacocandel\/wp-json\/wp\/v2\/types\/post"}],"author":[{"embeddable":true,"href":"https:\/\/agora.xtec.cat\/escolapacocandel\/wp-json\/wp\/v2\/users\/1"}],"replies":[{"embeddable":true,"href":"https:\/\/agora.xtec.cat\/escolapacocandel\/wp-json\/wp\/v2\/comments?post=774"}],"version-history":[{"count":2,"href":"https:\/\/agora.xtec.cat\/escolapacocandel\/wp-json\/wp\/v2\/posts\/774\/revisions"}],"predecessor-version":[{"id":788,"href":"https:\/\/agora.xtec.cat\/escolapacocandel\/wp-json\/wp\/v2\/posts\/774\/revisions\/788"}],"wp:featuredmedia":[{"embeddable":true,"href":"https:\/\/agora.xtec.cat\/escolapacocandel\/wp-json\/wp\/v2\/media\/777"}],"wp:attachment":[{"href":"https:\/\/agora.xtec.cat\/escolapacocandel\/wp-json\/wp\/v2\/media?parent=774"}],"wp:term":[{"taxonomy":"category","embeddable":true,"href":"https:\/\/agora.xtec.cat\/escolapacocandel\/wp-json\/wp\/v2\/categories?post=774"},{"taxonomy":"post_tag","embeddable":true,"href":"https:\/\/agora.xtec.cat\/escolapacocandel\/wp-json\/wp\/v2\/tags?post=774"}],"curies":[{"name":"wp","href":"https:\/\/api.w.org\/{rel}","templated":true}]}}