{"id":7703,"date":"2023-03-30T14:12:22","date_gmt":"2023-03-30T12:12:22","guid":{"rendered":"https:\/\/agora.xtec.cat\/escolapacocandel\/?p=7703"},"modified":"2023-04-06T21:01:46","modified_gmt":"2023-04-06T19:01:46","slug":"ambient-moviment","status":"publish","type":"post","link":"https:\/\/agora.xtec.cat\/escolapacocandel\/general\/ambient-moviment\/","title":{"rendered":"Ambient Moviment"},"content":{"rendered":"<p>&nbsp;<\/p>\n<p>&nbsp;<\/p>\n<p><strong><a href=\"https:\/\/agora.xtec.cat\/escolapacocandel\/wp-content\/uploads\/usu332\/2023\/03\/moviment.jpg\"><img loading=\"lazy\" decoding=\"async\" class=\"wp-image-7725 aligncenter\" src=\"https:\/\/agora.xtec.cat\/escolapacocandel\/wp-content\/uploads\/usu332\/2023\/03\/moviment.jpg\" alt=\"\" width=\"514\" height=\"237\" srcset=\"https:\/\/agora.xtec.cat\/escolapacocandel\/wp-content\/uploads\/usu332\/2023\/03\/moviment.jpg 753w, https:\/\/agora.xtec.cat\/escolapacocandel\/wp-content\/uploads\/usu332\/2023\/03\/moviment-300x138.jpg 300w\" sizes=\"auto, (max-width: 514px) 100vw, 514px\" \/><\/a><\/strong><\/p>\n<p><strong>&#8220;El mestre no &#8220;ensenya&#8221; moviments als infants, perqu\u00e8 els infants es mouen i es desenvolupen regits per la seva pr\u00f2pia iniciativa. Els infants actuen i mentre ho fan tenen present la pres\u00e8ncia de l&#8217;adult i dels altres&#8221;.<\/strong><\/p>\n<p style=\"text-align: right;\"><strong>\u00a0 \u00a0 \u00a0 \u00a0 \u00a0 \u00a0 \u00a0 \u00a0 \u00a0 \u00a0 \u00a0 \u00a0 \u00a0 \u00a0 \u00a0 \u00a0 \u00a0 \u00a0 \u00a0 \u00a0 \u00a0 \u00a0 \u00a0 \u00a0 \u00a0 \u00a0 \u00a0 \u00a0 \u00a0 \u00a0 \u00a0 \u00a0 \u00a0 \u00a0 \u00a0 \u00a0 \u00a0 \u00a0 \u00a0 \u00a0 \u00a0 \u00a0 \u00a0 \u00a0 \u00a0 \u00a0 \u00a0 \u00a0 \u00a0 \u00a0 \u00a0 \u00a0 \u00a0 Curr\u00edculum d&#8217;Educaci\u00f3 Infantil<\/strong><\/p>\n<p><span style=\"font-weight: 400;\">Les sessions d&#8217;Ambients esdevenen una gran oportunitat de tenir un contacte i iniciar noves relacions amb altres companys i companyes. A difer\u00e8ncia de la sessi\u00f3 de Psicomotricitat, on aquests vincles es creen entre els infants del mateix grup, l&#8217;Ambient de Moviment permet anar-los establint tamb\u00e9 amb <\/span><span style=\"font-weight: 400;\">infants d&#8217;altres grups i nivells de la comunitat de Petits. Enriquiment personal i col<\/span><span style=\"font-weight: 400;\">\u00b7<\/span><span style=\"font-weight: 400;\">lectiu a trav\u00e9s de les experi\u00e8ncies com\u00a0<\/span><span style=\"font-weight: 400;\">partides.<\/span><\/p>\n<p><span style=\"font-weight: 400;\">S\u00f3n moments de diversi\u00f3 i rialles, de desc\u00e0rrega motriu, de deixar-se anar i alliberar tot all\u00f2 que tenen dins, fent tot un exercici d&#8217;autocontrol i regulaci\u00f3 per respectar les normes de conviv\u00e8ncia amb els altres i sent cada vegada m\u00e9s conscients de les seves possibilitats.<\/span><\/p>\n<p><span style=\"font-weight: 400;\">Els infants gaudeixen desenvolupant diferents tipus de jocs segons les seves necessitats i interessos. Aix\u00ed com <\/span><span style=\"font-weight: 400;\">\u00a0s&#8217;entenen amb paraules, mirades de complicitat i diversi\u00f3, fent jocs d&#8217;equilibris i desequilibris, experimentant el plaer de del seu cos en moviment i jugant junts.<\/span><\/p>\n<p><span style=\"font-weight: 400;\">La primera sessi\u00f3 es troben la sala ambientada amb una espelma d&#8217;olor (dins un fanalet) i m\u00fasica relaxant; seuen en rotllana i es fa presentaci\u00f3 de cada infant dels 6 grups i de la mestra\/es. Es recorda el nom de l&#8217;ambient i es fa una preparaci\u00f3 del cos, passant per les seves parts i mencionant-les a la vegada.\u00a0 Tamb\u00e9 es presenten <\/span><span style=\"font-weight: 400;\">els materials i espais de la sala.\u00a0 Aix\u00ed com les normes d&#8217;aquesta.<\/span><\/p>\n<p><span style=\"font-weight: 400;\">La segona sessi\u00f3 preparen el cos tot reproduint Assanes de ioga.\u00a0 Els infants tamb\u00e9 parlen sobre<\/span><span style=\"font-weight: 400;\"> les possibilitats\/ propostes que poden fer amb aquell material abans d&#8217;iniciar el temps d&#8217;expressivitat motriu.<\/span><\/p>\n<p>A la tercera sessi\u00f3 es fa l&#8217;acollida amb el mateix material utilitzat a les sessions anteriors i s&#8217;afegeixen teles. Per fer el tancament els infants conversen sobre el que m\u00e9s els ha agradat de l&#8217;ambient.<\/p>\n<p><span style=\"font-weight: 400;\">Durant el temps dedicat a l&#8217;expressivitat motriu la canalla troba espais per ficar-se i connectar amb si mateixos, on es poden sentir segurs i recollits, atrevint-se a desapar\u00e8ixer de la mirada de l&#8217;altre sense perdre&#8217;s. Experimenten el plaer d&#8217;entrar i de sortir, d&#8217;apar\u00e8ixer i desapar\u00e8ixer, d&#8217;amagar-se i sortir del seu amagatall, buscant de nou la mirada de l&#8217;altre.<\/span><\/p>\n<p><span style=\"font-weight: 400;\">En altres moments, els nens i nenes comparteixen hist\u00f2ries carregades d&#8217;emoci\u00f3, jocs on imiten viv\u00e8ncies del seu entorn m\u00e9s proper o del m\u00f3n imaginari, on cadasc\u00fa representa un personatge i hi juga un rol. Aix\u00ed, doncs, podem observar com van col<\/span><span style=\"font-weight: 400;\">\u00b7<\/span><span style=\"font-weight: 400;\">locant els ninos en un espai perqu\u00e8 dormin, cobrint-los amb robes, passejant-los a coll. El joc simb\u00f2lic esdev\u00e9 una gran oportunitat per a la socialitzaci\u00f3 dels infants, per establir o consolidar els vincles ja creats. Una gran oportunitat per representar la seva hist\u00f2ria.<\/span><\/p>\n<p><span style=\"font-weight: 400;\">En finalitzar el temps dedicat a l&#8217;expressivitat motriu es fa un tancament de cada sessi\u00f3 amb diferents propostes de representaci\u00f3, on els infants poden <\/span><span style=\"font-weight: 400;\">relatar les seves viv\u00e8ncies a trav\u00e9s de la parla o representar mitjan\u00e7ant el dibuix, a trav\u00e9s\u00a0<\/span><span style=\"font-weight: 400;\">del modelatge o construint amb peces de fusta.<\/span><\/p>\n<p><span style=\"font-weight: 400;\"><strong>Aquesta interioritzaci\u00f3 de l&#8217;experi\u00e8ncia corporal i motriu comporta afavorir el distanciament per donar significat al que s&#8217;ha viscut passant de l&#8217;acci\u00f3 al pensament&#8221;<\/strong> (Wallon, 1974) .<\/span><\/p>\n<p>&nbsp;<\/p>\n<p><a href=\"https:\/\/agora.xtec.cat\/escolapacocandel\/fotos-privat\/fotos-ambient-moviment\/\">FOTOS<\/a><\/p>\n<p>&nbsp;<\/p>\n<p style=\"text-align: right;\">\n","protected":false},"excerpt":{"rendered":"<p>&nbsp;<br \/>\n&nbsp;<br \/>\n<a href=\"https:\/\/agora.xtec.cat\/escolapacocandel\/wp-content\/uploads\/usu332\/2023\/03\/moviment.jpg\"><\/a><br \/>\n&#8220;El mestre no &#8220;ensenya&#8221; moviments als infants, perqu\u00e8 els infants es mouen i es desenvolupen regits per la seva pr\u00f2pia iniciativa. Els infants actuen i mentre ho fan tenen present la pres\u00e8ncia de l&#8217;adult i dels altres&#8221;.<br \/>\n\u00a0 \u00a0 \u00a0 \u00a0 \u00a0 \u00a0 \u00a0 \u00a0&hellip;  <a href=\"https:\/\/agora.xtec.cat\/escolapacocandel\/general\/ambient-moviment\/\" title=\"Read Ambient Moviment\">Llegeix m\u00e9s\u00bb<\/a><\/p>\n","protected":false},"author":1,"featured_media":7725,"comment_status":"open","ping_status":"closed","sticky":false,"template":"","format":"standard","meta":{"_bbp_topic_count":0,"_bbp_reply_count":0,"_bbp_total_topic_count":0,"_bbp_total_reply_count":0,"_bbp_voice_count":0,"_bbp_anonymous_reply_count":0,"_bbp_topic_count_hidden":0,"_bbp_reply_count_hidden":0,"_bbp_forum_subforum_count":0,"footnotes":""},"categories":[128,1,4],"tags":[],"class_list":["post-7703","post","type-post","status-publish","format-standard","has-post-thumbnail","hentry","category-comunitat-de-petits","category-general","category-portada"],"post_mailing_queue_ids":[],"_links":{"self":[{"href":"https:\/\/agora.xtec.cat\/escolapacocandel\/wp-json\/wp\/v2\/posts\/7703","targetHints":{"allow":["GET"]}}],"collection":[{"href":"https:\/\/agora.xtec.cat\/escolapacocandel\/wp-json\/wp\/v2\/posts"}],"about":[{"href":"https:\/\/agora.xtec.cat\/escolapacocandel\/wp-json\/wp\/v2\/types\/post"}],"author":[{"embeddable":true,"href":"https:\/\/agora.xtec.cat\/escolapacocandel\/wp-json\/wp\/v2\/users\/1"}],"replies":[{"embeddable":true,"href":"https:\/\/agora.xtec.cat\/escolapacocandel\/wp-json\/wp\/v2\/comments?post=7703"}],"version-history":[{"count":3,"href":"https:\/\/agora.xtec.cat\/escolapacocandel\/wp-json\/wp\/v2\/posts\/7703\/revisions"}],"predecessor-version":[{"id":7743,"href":"https:\/\/agora.xtec.cat\/escolapacocandel\/wp-json\/wp\/v2\/posts\/7703\/revisions\/7743"}],"wp:featuredmedia":[{"embeddable":true,"href":"https:\/\/agora.xtec.cat\/escolapacocandel\/wp-json\/wp\/v2\/media\/7725"}],"wp:attachment":[{"href":"https:\/\/agora.xtec.cat\/escolapacocandel\/wp-json\/wp\/v2\/media?parent=7703"}],"wp:term":[{"taxonomy":"category","embeddable":true,"href":"https:\/\/agora.xtec.cat\/escolapacocandel\/wp-json\/wp\/v2\/categories?post=7703"},{"taxonomy":"post_tag","embeddable":true,"href":"https:\/\/agora.xtec.cat\/escolapacocandel\/wp-json\/wp\/v2\/tags?post=7703"}],"curies":[{"name":"wp","href":"https:\/\/api.w.org\/{rel}","templated":true}]}}