{"id":7688,"date":"2023-03-30T15:27:02","date_gmt":"2023-03-30T13:27:02","guid":{"rendered":"https:\/\/agora.xtec.cat\/escolapacocandel\/?p=7688"},"modified":"2023-03-30T15:46:36","modified_gmt":"2023-03-30T13:46:36","slug":"projecte-1r-els-animals","status":"publish","type":"post","link":"https:\/\/agora.xtec.cat\/escolapacocandel\/general\/projecte-1r-els-animals\/","title":{"rendered":"Projecte 1r &#8211; Els animals"},"content":{"rendered":"<p>Benvolgudes fam\u00edlies dels Experiments i la Xocolata.<\/p>\n<p>Al llarg d&#8217;aquest trimestre ens hem endinsat en el projecte dels <strong>ANIMALS<\/strong>, per aprendre m\u00e9s coses sobre aquest m\u00f3n que tant ens fascina.<\/p>\n<p>Vam comen\u00e7ar per una petita conversa sobre qu\u00e8 sab\u00edem, i vam veure que entre totes i tots en sabem un niu de coses. Despr\u00e9s vam treballar diferents aspectes per aprendre&#8217;n una miqueta m\u00e9s.<\/p>\n<p><a style=\"color: #2795b6;\" href=\"https:\/\/agora.xtec.cat\/escolapacocandel\/wp-content\/uploads\/usu332\/2023\/03\/IMG-5593-2-scaled.jpg\"><img loading=\"lazy\" decoding=\"async\" class=\"wp-image-7689 alignleft\" src=\"https:\/\/agora.xtec.cat\/escolapacocandel\/wp-content\/uploads\/usu332\/2023\/03\/IMG-5593-2-1024x768.jpg\" alt=\"\" width=\"213\" height=\"160\" \/><\/a><\/p>\n<p><a href=\"https:\/\/agora.xtec.cat\/escolapacocandel\/wp-content\/uploads\/usu332\/2023\/03\/IMG-5851-scaled.jpg\"><img loading=\"lazy\" decoding=\"async\" class=\"wp-image-7694 alignright\" src=\"https:\/\/agora.xtec.cat\/escolapacocandel\/wp-content\/uploads\/usu332\/2023\/03\/IMG-5851-1024x768.jpg\" alt=\"\" width=\"210\" height=\"157\" srcset=\"https:\/\/agora.xtec.cat\/escolapacocandel\/wp-content\/uploads\/usu332\/2023\/03\/IMG-5851-1024x768.jpg 1024w, https:\/\/agora.xtec.cat\/escolapacocandel\/wp-content\/uploads\/usu332\/2023\/03\/IMG-5851-300x225.jpg 300w, https:\/\/agora.xtec.cat\/escolapacocandel\/wp-content\/uploads\/usu332\/2023\/03\/IMG-5851-768x576.jpg 768w, https:\/\/agora.xtec.cat\/escolapacocandel\/wp-content\/uploads\/usu332\/2023\/03\/IMG-5851-1536x1152.jpg 1536w, https:\/\/agora.xtec.cat\/escolapacocandel\/wp-content\/uploads\/usu332\/2023\/03\/IMG-5851-2048x1536.jpg 2048w, https:\/\/agora.xtec.cat\/escolapacocandel\/wp-content\/uploads\/usu332\/2023\/03\/IMG-5851-200x150.jpg 200w\" sizes=\"auto, (max-width: 210px) 100vw, 210px\" \/><\/a>Vam fer diferents classificacions, segons diferents criteris. Per exemple, els hem classificat segons on viuen, el que mengen, si tenen esquelet o no&#8230; Aprofitant aquestes classificacions ens vam introduir en el gr\u00e0fic de barres per recollir la informaci\u00f3 que ens interessa.<\/p>\n<p>&nbsp;<\/p>\n<p><a href=\"https:\/\/agora.xtec.cat\/escolapacocandel\/wp-content\/uploads\/usu332\/2023\/03\/unnamed-3-1-scaled-e1680183483826.jpg\"><img loading=\"lazy\" decoding=\"async\" class=\"wp-image-7699 alignright\" src=\"https:\/\/agora.xtec.cat\/escolapacocandel\/wp-content\/uploads\/usu332\/2023\/03\/unnamed-3-1-scaled-e1680183483826-1024x719.jpg\" alt=\"\" width=\"201\" height=\"141\" srcset=\"https:\/\/agora.xtec.cat\/escolapacocandel\/wp-content\/uploads\/usu332\/2023\/03\/unnamed-3-1-scaled-e1680183483826-1024x719.jpg 1024w, https:\/\/agora.xtec.cat\/escolapacocandel\/wp-content\/uploads\/usu332\/2023\/03\/unnamed-3-1-scaled-e1680183483826-300x211.jpg 300w, https:\/\/agora.xtec.cat\/escolapacocandel\/wp-content\/uploads\/usu332\/2023\/03\/unnamed-3-1-scaled-e1680183483826-768x539.jpg 768w, https:\/\/agora.xtec.cat\/escolapacocandel\/wp-content\/uploads\/usu332\/2023\/03\/unnamed-3-1-scaled-e1680183483826-1536x1078.jpg 1536w, https:\/\/agora.xtec.cat\/escolapacocandel\/wp-content\/uploads\/usu332\/2023\/03\/unnamed-3-1-scaled-e1680183483826.jpg 1920w\" sizes=\"auto, (max-width: 201px) 100vw, 201px\" \/><\/a><\/p>\n<p>Aprofitant els sol i l&#8217;aire lliure, vam agafar tot el necessari i ens vam posar a crear, ombres d&#8217;animals i tot el que va sorgir&#8230; Com es creen les ombres? Es mouen les ombres al llarg del dia? I el sol? Vam passar una bona estona intentant contestar aquestes preguntes i aprenent com el sol es va movent i els raigs de llum van canviant l&#8217;angle fent les ombres m\u00e9s o menys curtes.<a href=\"https:\/\/agora.xtec.cat\/escolapacocandel\/wp-content\/uploads\/usu332\/2023\/03\/IMG_7282.heic\"><img loading=\"lazy\" decoding=\"async\" class=\"alignnone size-large wp-image-7698\" src=\"https:\/\/agora.xtec.cat\/escolapacocandel\/wp-content\/uploads\/usu332\/2023\/03\/IMG_7282.heic\" alt=\"\" width=\"1\" height=\"1\" \/><\/a><\/p>\n<p><a style=\"color: #2795b6;\" href=\"https:\/\/agora.xtec.cat\/escolapacocandel\/wp-content\/uploads\/usu332\/2023\/03\/EF46ABF8-6C96-424E-9540-254918C6D001-scaled.jpeg\"><img loading=\"lazy\" decoding=\"async\" class=\"wp-image-7690 alignright\" src=\"https:\/\/agora.xtec.cat\/escolapacocandel\/wp-content\/uploads\/usu332\/2023\/03\/EF46ABF8-6C96-424E-9540-254918C6D001-1024x768.jpeg\" alt=\"\" width=\"199\" height=\"149\" srcset=\"https:\/\/agora.xtec.cat\/escolapacocandel\/wp-content\/uploads\/usu332\/2023\/03\/EF46ABF8-6C96-424E-9540-254918C6D001-1024x768.jpeg 1024w, https:\/\/agora.xtec.cat\/escolapacocandel\/wp-content\/uploads\/usu332\/2023\/03\/EF46ABF8-6C96-424E-9540-254918C6D001-300x225.jpeg 300w, https:\/\/agora.xtec.cat\/escolapacocandel\/wp-content\/uploads\/usu332\/2023\/03\/EF46ABF8-6C96-424E-9540-254918C6D001-768x576.jpeg 768w, https:\/\/agora.xtec.cat\/escolapacocandel\/wp-content\/uploads\/usu332\/2023\/03\/EF46ABF8-6C96-424E-9540-254918C6D001-1536x1152.jpeg 1536w, https:\/\/agora.xtec.cat\/escolapacocandel\/wp-content\/uploads\/usu332\/2023\/03\/EF46ABF8-6C96-424E-9540-254918C6D001-2048x1536.jpeg 2048w, https:\/\/agora.xtec.cat\/escolapacocandel\/wp-content\/uploads\/usu332\/2023\/03\/EF46ABF8-6C96-424E-9540-254918C6D001-200x150.jpeg 200w\" sizes=\"auto, (max-width: 199px) 100vw, 199px\" \/><\/a><\/p>\n<p><a href=\"https:\/\/agora.xtec.cat\/escolapacocandel\/wp-content\/uploads\/usu332\/2023\/03\/IMG-5696-scaled-e1680164151575.jpg\"><img loading=\"lazy\" decoding=\"async\" class=\"wp-image-7695 alignleft\" src=\"https:\/\/agora.xtec.cat\/escolapacocandel\/wp-content\/uploads\/usu332\/2023\/03\/IMG-5696-scaled-e1680164151575-1024x768.jpg\" alt=\"\" width=\"191\" height=\"144\" srcset=\"https:\/\/agora.xtec.cat\/escolapacocandel\/wp-content\/uploads\/usu332\/2023\/03\/IMG-5696-scaled-e1680164151575-1024x768.jpg 1024w, https:\/\/agora.xtec.cat\/escolapacocandel\/wp-content\/uploads\/usu332\/2023\/03\/IMG-5696-scaled-e1680164151575-300x225.jpg 300w, https:\/\/agora.xtec.cat\/escolapacocandel\/wp-content\/uploads\/usu332\/2023\/03\/IMG-5696-scaled-e1680164151575-768x576.jpg 768w, https:\/\/agora.xtec.cat\/escolapacocandel\/wp-content\/uploads\/usu332\/2023\/03\/IMG-5696-scaled-e1680164151575-1536x1152.jpg 1536w, https:\/\/agora.xtec.cat\/escolapacocandel\/wp-content\/uploads\/usu332\/2023\/03\/IMG-5696-scaled-e1680164151575-2048x1536.jpg 2048w, https:\/\/agora.xtec.cat\/escolapacocandel\/wp-content\/uploads\/usu332\/2023\/03\/IMG-5696-scaled-e1680164151575-200x150.jpg 200w\" sizes=\"auto, (max-width: 191px) 100vw, 191px\" \/><\/a><\/p>\n<p>Tamb\u00e9 ens hem fixat en les seves caracter\u00edstiques principals, quins tenen p\u00e8ls, plomes, <span style=\"font-family: inherit; font-size: 1em;\">pell, si s\u00f3n de sang freda o calenta, si respiren pels pulmons o les <\/span><span style=\"font-family: inherit; font-size: 1em;\">br\u00e0nquies&#8230; I amb una activitat molt divertida amb les taules de llum, an\u00e0vem descobrint quins animals s\u00f3n viv\u00edpars o ov\u00edpars.<\/span><\/p>\n<p>&nbsp;<\/p>\n<p><a style=\"color: #2795b6;\" href=\"https:\/\/agora.xtec.cat\/escolapacocandel\/wp-content\/uploads\/usu332\/2023\/03\/IMG-9062-scaled.jpg\"><img loading=\"lazy\" decoding=\"async\" class=\" wp-image-7692 alignleft\" src=\"https:\/\/agora.xtec.cat\/escolapacocandel\/wp-content\/uploads\/usu332\/2023\/03\/IMG-9062-1024x768.jpg\" alt=\"\" width=\"189\" height=\"142\" srcset=\"https:\/\/agora.xtec.cat\/escolapacocandel\/wp-content\/uploads\/usu332\/2023\/03\/IMG-9062-1024x768.jpg 1024w, https:\/\/agora.xtec.cat\/escolapacocandel\/wp-content\/uploads\/usu332\/2023\/03\/IMG-9062-300x225.jpg 300w, https:\/\/agora.xtec.cat\/escolapacocandel\/wp-content\/uploads\/usu332\/2023\/03\/IMG-9062-768x576.jpg 768w, https:\/\/agora.xtec.cat\/escolapacocandel\/wp-content\/uploads\/usu332\/2023\/03\/IMG-9062-1536x1152.jpg 1536w, https:\/\/agora.xtec.cat\/escolapacocandel\/wp-content\/uploads\/usu332\/2023\/03\/IMG-9062-2048x1536.jpg 2048w, https:\/\/agora.xtec.cat\/escolapacocandel\/wp-content\/uploads\/usu332\/2023\/03\/IMG-9062-200x150.jpg 200w\" sizes=\"auto, (max-width: 189px) 100vw, 189px\" \/><\/a>A m\u00e9s a m\u00e9s, ens han arribat les cartes de l&#8217;Anna, on ens enviava curiositats sobre alguns animals. Sab\u00edeu que els mosquits tenen molt mala vista?, o que quan ens piquen ens claven 6 agulles?, o que les gallines tenen bona mem\u00f2ria, us ho podeu imaginar?, i que les granotes poden mirar en diferents direccions a la vegada? Ara ja sabem qu\u00e8 \u00e9s la metamorfosi i el cicle de vida d&#8217;alguns animals.<\/p>\n<p><a style=\"color: #2795b6;\" href=\"https:\/\/agora.xtec.cat\/escolapacocandel\/wp-content\/uploads\/usu332\/2023\/03\/unnamed-4-scaled.jpg\"><img loading=\"lazy\" decoding=\"async\" class=\"wp-image-7700 alignright\" src=\"https:\/\/agora.xtec.cat\/escolapacocandel\/wp-content\/uploads\/usu332\/2023\/03\/unnamed-4-768x1024.jpg\" alt=\"\" width=\"166\" height=\"222\" srcset=\"https:\/\/agora.xtec.cat\/escolapacocandel\/wp-content\/uploads\/usu332\/2023\/03\/unnamed-4-768x1024.jpg 768w, https:\/\/agora.xtec.cat\/escolapacocandel\/wp-content\/uploads\/usu332\/2023\/03\/unnamed-4-225x300.jpg 225w, https:\/\/agora.xtec.cat\/escolapacocandel\/wp-content\/uploads\/usu332\/2023\/03\/unnamed-4-1152x1536.jpg 1152w, https:\/\/agora.xtec.cat\/escolapacocandel\/wp-content\/uploads\/usu332\/2023\/03\/unnamed-4-1536x2048.jpg 1536w, https:\/\/agora.xtec.cat\/escolapacocandel\/wp-content\/uploads\/usu332\/2023\/03\/unnamed-4-scaled.jpg 1920w\" sizes=\"auto, (max-width: 166px) 100vw, 166px\" \/><\/a><\/p>\n<p>&nbsp;<\/p>\n<p>Per acabar vam anar totes i tots de sortida a la granja on vam gaudir molt\u00edssim!!!<\/p>\n<p>Hem apr\u00e8s moltes coses i encara ens en queda moltes per aprendre. Hem de\u00a0continuar fent-nos bones preguntes!!<\/p>\n<p>Aqu\u00ed us deixem un recull d&#8217;imatges perqu\u00e8 pugueu donar una ullada a la nostra feina.<\/p>\n<p><a href=\"https:\/\/agora.xtec.cat\/escolapacocandel\/comunitat-de-mitjans\/xocolata\/projecte-animals-1r\/\">FOTOS<\/a><\/p>\n","protected":false},"excerpt":{"rendered":"<p>Benvolgudes fam\u00edlies dels Experiments i la Xocolata.<br \/>\nAl llarg d&#8217;aquest trimestre ens hem endinsat en el projecte dels ANIMALS, per aprendre m\u00e9s coses sobre aquest m\u00f3n que tant ens fascina.<br \/>\nVam comen\u00e7ar per una petita conversa sobre qu\u00e8 sab\u00edem, i vam veure que entre totes i tots&hellip;  <a href=\"https:\/\/agora.xtec.cat\/escolapacocandel\/general\/projecte-1r-els-animals\/\" title=\"Read Projecte 1r &#8211; Els animals\">Llegeix m\u00e9s\u00bb<\/a><\/p>\n","protected":false},"author":1,"featured_media":0,"comment_status":"open","ping_status":"closed","sticky":false,"template":"","format":"standard","meta":{"_bbp_topic_count":0,"_bbp_reply_count":0,"_bbp_total_topic_count":0,"_bbp_total_reply_count":0,"_bbp_voice_count":0,"_bbp_anonymous_reply_count":0,"_bbp_topic_count_hidden":0,"_bbp_reply_count_hidden":0,"_bbp_forum_subforum_count":0,"footnotes":""},"categories":[127,1,140],"tags":[],"class_list":["post-7688","post","type-post","status-publish","format-standard","hentry","category-comunitat-de-mitjans","category-general","category-1r"],"post_mailing_queue_ids":[],"_links":{"self":[{"href":"https:\/\/agora.xtec.cat\/escolapacocandel\/wp-json\/wp\/v2\/posts\/7688","targetHints":{"allow":["GET"]}}],"collection":[{"href":"https:\/\/agora.xtec.cat\/escolapacocandel\/wp-json\/wp\/v2\/posts"}],"about":[{"href":"https:\/\/agora.xtec.cat\/escolapacocandel\/wp-json\/wp\/v2\/types\/post"}],"author":[{"embeddable":true,"href":"https:\/\/agora.xtec.cat\/escolapacocandel\/wp-json\/wp\/v2\/users\/1"}],"replies":[{"embeddable":true,"href":"https:\/\/agora.xtec.cat\/escolapacocandel\/wp-json\/wp\/v2\/comments?post=7688"}],"version-history":[{"count":3,"href":"https:\/\/agora.xtec.cat\/escolapacocandel\/wp-json\/wp\/v2\/posts\/7688\/revisions"}],"predecessor-version":[{"id":7734,"href":"https:\/\/agora.xtec.cat\/escolapacocandel\/wp-json\/wp\/v2\/posts\/7688\/revisions\/7734"}],"wp:attachment":[{"href":"https:\/\/agora.xtec.cat\/escolapacocandel\/wp-json\/wp\/v2\/media?parent=7688"}],"wp:term":[{"taxonomy":"category","embeddable":true,"href":"https:\/\/agora.xtec.cat\/escolapacocandel\/wp-json\/wp\/v2\/categories?post=7688"},{"taxonomy":"post_tag","embeddable":true,"href":"https:\/\/agora.xtec.cat\/escolapacocandel\/wp-json\/wp\/v2\/tags?post=7688"}],"curies":[{"name":"wp","href":"https:\/\/api.w.org\/{rel}","templated":true}]}}