{"id":7677,"date":"2023-03-29T15:29:16","date_gmt":"2023-03-29T13:29:16","guid":{"rendered":"https:\/\/agora.xtec.cat\/escolapacocandel\/?p=7677"},"modified":"2023-11-09T13:50:39","modified_gmt":"2023-11-09T12:50:39","slug":"projecte-6e-consum-responsable","status":"publish","type":"post","link":"https:\/\/agora.xtec.cat\/escolapacocandel\/comunitat-de-grans\/projecte-6e-consum-responsable\/","title":{"rendered":"Projecte 6\u00e8 &#8211; Consum responsable"},"content":{"rendered":"<p><strong>Qu\u00e8 \u00e9s el consum responsable?<\/strong><\/p>\n<p>Entenem per consum responsable una actitud per part de les persones consumidores i usu\u00e0ries que implica fer un consum conscient i cr\u00edtic, que es demostra, tant a l&#8217;hora de comprar un producte o contractar un servei, com en la llar, emprant eficientment els recursos dels quals es disposa. Actualment, vivim en una societat que comen\u00e7a a preocupar-se pel canvi clim\u00e0tic, la sostenibilitat o la consci\u00e8ncia global i els infants de 6\u00e8 mostren i comparteixen aquestes angoixes. Segons Dewey, quan treballem per projectes <em>\u201cno es tracta d\u2019aprendre una gran quantitat de coneixements, sin\u00f3 d\u2019entendre all\u00f2 que s\u2019apr\u00e8n i aplicar-ho de forma adequada per resoldre les activitats humanes que se\u2019ns plantegen a la vida real\u201d.<\/em><\/p>\n<p>Aquest va ser el punt de partida del projecte al llarg del segon trimestre, on els dos grups van iniciar una pluja d\u2019idees per con\u00e8ixer els seus interessos, posar en com\u00fa que coneixen i que volien aprendre. Per treballar per projectes, \u00e9s necessari:<a href=\"https:\/\/agora.xtec.cat\/escolapacocandel\/wp-content\/uploads\/usu332\/2023\/03\/2.png\"><img loading=\"lazy\" decoding=\"async\" class=\"wp-image-7679 alignright\" src=\"https:\/\/agora.xtec.cat\/escolapacocandel\/wp-content\/uploads\/usu332\/2023\/03\/2-300x220.png\" alt=\"\" width=\"249\" height=\"182\" srcset=\"https:\/\/agora.xtec.cat\/escolapacocandel\/wp-content\/uploads\/usu332\/2023\/03\/2-300x220.png 300w, https:\/\/agora.xtec.cat\/escolapacocandel\/wp-content\/uploads\/usu332\/2023\/03\/2-768x563.png 768w, https:\/\/agora.xtec.cat\/escolapacocandel\/wp-content\/uploads\/usu332\/2023\/03\/2.png 1000w\" sizes=\"auto, (max-width: 249px) 100vw, 249px\" \/><\/a><\/p>\n<ul>\n<li>Interaccionar amb la realitat que ens envolta, les not\u00edcies del dia a dia, el nostre barri&#8230;<\/li>\n<li>Motivar i despertar inter\u00e8s en els infants perqu\u00e8 vulguin continuar aprofundint-hi i investigant-hi.<\/li>\n<li>Propiciar la reflexi\u00f3 dels infants sobre les seves actuacions i valors<\/li>\n<\/ul>\n<p>A m\u00e9s a m\u00e9s, aquest projecte ha estat basat en la recerca i l\u2019opini\u00f3 personal que tenen els grups de treball envers el consum responsable.<\/p>\n<p>Les primeres sessions del trimestre van estar dedicades a extreure els resultats de la pluja d\u2019idees i fer acords amb els objectius d\u2019aprenentatge i els criteris d\u2019avaluaci\u00f3 amb el grup. Van sortir dues hip\u00f2tesis a investigar: com podem fer un consum responsable i com podem fer la nostra ciutat m\u00e9s sostenible. Tamb\u00e9 van veure un documental i un v\u00eddeo amb el posterior debat del grup. Aqu\u00ed teniu els enlla\u00e7os:<\/p>\n<p>V\u00eddeo: <a href=\"https:\/\/www.youtube.com\/watch?v=c5SEHz3Y6q8\">https:\/\/www.youtube.com\/watch?v=c5SEHz3Y6q8<\/a><\/p>\n<p>Documental: <a href=\"https:\/\/www.ccma.cat\/tv3\/alacarta\/no-pot-ser\/menjar-impossible\/video\/5831590\/\">https:\/\/www.ccma.cat\/tv3\/alacarta\/no-pot-ser\/menjar-impossible\/video\/5831590\/<\/a><a href=\"https:\/\/agora.xtec.cat\/escolapacocandel\/wp-content\/uploads\/usu332\/2023\/03\/3.png\"><img loading=\"lazy\" decoding=\"async\" class=\"alignright wp-image-7680\" src=\"https:\/\/agora.xtec.cat\/escolapacocandel\/wp-content\/uploads\/usu332\/2023\/03\/3-222x300.png\" alt=\"\" width=\"168\" height=\"227\" srcset=\"https:\/\/agora.xtec.cat\/escolapacocandel\/wp-content\/uploads\/usu332\/2023\/03\/3-222x300.png 222w, https:\/\/agora.xtec.cat\/escolapacocandel\/wp-content\/uploads\/usu332\/2023\/03\/3.png 564w\" sizes=\"auto, (max-width: 168px) 100vw, 168px\" \/><\/a><\/p>\n<p>La resta de sessions del projecte han estat dedicades a la recerca d\u2019informaci\u00f3 de p\u00e0gines web escollides i adients a la seva edat, a l\u2019elaboraci\u00f3 d\u2019un gr\u00e0fic on els infants avaluaven el seu nivell de responsabilitat envers la societat de consum, a extreure conclusions i arribar a respostes com a grup i finalment, a l\u2019exposici\u00f3 de tota la feina recollida al llarg dels dos mesos, incl\u00f2s la sortida al camp d\u2019aprenentatge de \u201cCan Santoi\u201d on vam con\u00e8ixer i practicat amb diferents energies renovables.<\/p>\n<p>&nbsp;<\/p>\n<p><a href=\"https:\/\/agora.xtec.cat\/escolapacocandel\/wp-content\/uploads\/usu332\/2023\/03\/4.png\"><img loading=\"lazy\" decoding=\"async\" class=\"wp-image-7681 alignleft\" src=\"https:\/\/agora.xtec.cat\/escolapacocandel\/wp-content\/uploads\/usu332\/2023\/03\/4-222x300.png\" alt=\"\" width=\"185\" height=\"250\" srcset=\"https:\/\/agora.xtec.cat\/escolapacocandel\/wp-content\/uploads\/usu332\/2023\/03\/4-222x300.png 222w, https:\/\/agora.xtec.cat\/escolapacocandel\/wp-content\/uploads\/usu332\/2023\/03\/4.png 564w\" sizes=\"auto, (max-width: 185px) 100vw, 185px\" \/><\/a><\/p>\n<p><a href=\"https:\/\/agora.xtec.cat\/escolapacocandel\/wp-content\/uploads\/usu332\/2023\/03\/5.png\"><img loading=\"lazy\" decoding=\"async\" class=\"wp-image-7682 alignleft\" src=\"https:\/\/agora.xtec.cat\/escolapacocandel\/wp-content\/uploads\/usu332\/2023\/03\/5-300x190.png\" alt=\"\" width=\"275\" height=\"174\" srcset=\"https:\/\/agora.xtec.cat\/escolapacocandel\/wp-content\/uploads\/usu332\/2023\/03\/5-300x190.png 300w, https:\/\/agora.xtec.cat\/escolapacocandel\/wp-content\/uploads\/usu332\/2023\/03\/5-768x487.png 768w, https:\/\/agora.xtec.cat\/escolapacocandel\/wp-content\/uploads\/usu332\/2023\/03\/5.png 1010w\" sizes=\"auto, (max-width: 275px) 100vw, 275px\" \/><\/a><img loading=\"lazy\" decoding=\"async\" class=\"alignnone wp-image-7678 \" src=\"https:\/\/agora.xtec.cat\/escolapacocandel\/wp-content\/uploads\/usu332\/2023\/03\/1-300x231.png\" alt=\"\" width=\"248\" height=\"191\" srcset=\"https:\/\/agora.xtec.cat\/escolapacocandel\/wp-content\/uploads\/usu332\/2023\/03\/1-300x231.png 300w, https:\/\/agora.xtec.cat\/escolapacocandel\/wp-content\/uploads\/usu332\/2023\/03\/1-768x591.png 768w, https:\/\/agora.xtec.cat\/escolapacocandel\/wp-content\/uploads\/usu332\/2023\/03\/1.png 982w\" sizes=\"auto, (max-width: 248px) 100vw, 248px\" \/><\/p>\n<p>El producte final del nostre projecte, ha consistit en la plantaci\u00f3 d\u2019unes llavors que hem portat als grups de segon de prim\u00e0ria, els quals han fet un projecte de plantes. Els infants de 6\u00e8, han fet d\u2019experts fent una recerca dels productes de km0 i de temporada m\u00e9s adients per poder plantar al petit hort que tenim a l\u2019escola.<\/p>\n<p>I fins aqu\u00ed el projecte de consum responsable d\u2019aquest trimestre, el qual ens ha aportat molts aprenentatges i coneixements, els quals destaquem:<\/p>\n<ul>\n<li>Comprendre, interpretar i produir diferents textos orals i escrits.<\/li>\n<li>Cercar, seleccionar i contrastar la informaci\u00f3 de diferents fonts (digitals i en paper).<\/li>\n<li>Comunicar i representar en grup resultats matem\u00e0tics utilitzant un llenguatge gr\u00e0fic.<\/li>\n<li>Plantejar-se preguntes sobre el m\u00f3n, aplicant les diferents formes de raonament i m\u00e8todes del pensament cient\u00edfic<\/li>\n<li>Resoldre problemes i reptes generant cooperativament, un producte creatiu i innovador a partir de projectes interdisciplinaris<\/li>\n<li>I sobretot, analitzar cr\u00edticament les causes i conseq\u00fc\u00e8ncies de la intervenci\u00f3 humana a l\u2019entorn integrant els vessants social, econ\u00f2mic, cultural, tecnol\u00f2gic i ambiental definits en els Objectius de Desenvolupament Sostenible (objectius 7, 11 i 12) i a l\u2019agenda 2030.<\/li>\n<\/ul>\n<p>Ha sigut un projecte molt enriquidor pels dos grups, on ha fet cr\u00edtica constructiva i reflexi\u00f3 de la societat consumista actual i de com poder millorar-la.<\/p>\n<p><a href=\"https:\/\/agora.xtec.cat\/escolapacocandel\/wp-content\/uploads\/usu332\/2023\/03\/6.png\"><img loading=\"lazy\" decoding=\"async\" class=\"alignnone wp-image-7683 \" src=\"https:\/\/agora.xtec.cat\/escolapacocandel\/wp-content\/uploads\/usu332\/2023\/03\/6-300x229.png\" alt=\"\" width=\"224\" height=\"171\" srcset=\"https:\/\/agora.xtec.cat\/escolapacocandel\/wp-content\/uploads\/usu332\/2023\/03\/6-300x229.png 300w, https:\/\/agora.xtec.cat\/escolapacocandel\/wp-content\/uploads\/usu332\/2023\/03\/6-768x587.png 768w, https:\/\/agora.xtec.cat\/escolapacocandel\/wp-content\/uploads\/usu332\/2023\/03\/6.png 806w\" sizes=\"auto, (max-width: 224px) 100vw, 224px\" \/><\/a> <a href=\"https:\/\/agora.xtec.cat\/escolapacocandel\/wp-content\/uploads\/usu332\/2023\/03\/7.png\"><img loading=\"lazy\" decoding=\"async\" class=\"alignnone wp-image-7684 \" src=\"https:\/\/agora.xtec.cat\/escolapacocandel\/wp-content\/uploads\/usu332\/2023\/03\/7-300x220.png\" alt=\"\" width=\"230\" height=\"169\" srcset=\"https:\/\/agora.xtec.cat\/escolapacocandel\/wp-content\/uploads\/usu332\/2023\/03\/7-300x220.png 300w, https:\/\/agora.xtec.cat\/escolapacocandel\/wp-content\/uploads\/usu332\/2023\/03\/7-768x564.png 768w, https:\/\/agora.xtec.cat\/escolapacocandel\/wp-content\/uploads\/usu332\/2023\/03\/7.png 999w\" sizes=\"auto, (max-width: 230px) 100vw, 230px\" \/><\/a> <a href=\"https:\/\/agora.xtec.cat\/escolapacocandel\/wp-content\/uploads\/usu332\/2023\/03\/8.png\"><img loading=\"lazy\" decoding=\"async\" class=\"alignnone wp-image-7685 \" src=\"https:\/\/agora.xtec.cat\/escolapacocandel\/wp-content\/uploads\/usu332\/2023\/03\/8-300x215.png\" alt=\"\" width=\"236\" height=\"169\" srcset=\"https:\/\/agora.xtec.cat\/escolapacocandel\/wp-content\/uploads\/usu332\/2023\/03\/8-300x215.png 300w, https:\/\/agora.xtec.cat\/escolapacocandel\/wp-content\/uploads\/usu332\/2023\/03\/8-768x551.png 768w, https:\/\/agora.xtec.cat\/escolapacocandel\/wp-content\/uploads\/usu332\/2023\/03\/8.png 1021w\" sizes=\"auto, (max-width: 236px) 100vw, 236px\" \/><\/a><\/p>\n","protected":false},"excerpt":{"rendered":"<p>Qu\u00e8 \u00e9s el consum responsable?<br \/>\nEntenem per consum responsable una actitud per part de les persones consumidores i usu\u00e0ries que implica fer un consum conscient i cr\u00edtic, que es demostra, tant a l&#8217;hora de comprar un producte o contractar un servei, com en la llar, emprant&hellip;  <a href=\"https:\/\/agora.xtec.cat\/escolapacocandel\/comunitat-de-grans\/projecte-6e-consum-responsable\/\" title=\"Read Projecte 6\u00e8 &#8211; Consum responsable\">Llegeix m\u00e9s\u00bb<\/a><\/p>\n","protected":false},"author":20,"featured_media":7685,"comment_status":"open","ping_status":"closed","sticky":false,"template":"","format":"standard","meta":{"_bbp_topic_count":0,"_bbp_reply_count":0,"_bbp_total_topic_count":0,"_bbp_total_reply_count":0,"_bbp_voice_count":0,"_bbp_anonymous_reply_count":0,"_bbp_topic_count_hidden":0,"_bbp_reply_count_hidden":0,"_bbp_forum_subforum_count":0,"footnotes":""},"categories":[129,146],"tags":[],"class_list":["post-7677","post","type-post","status-publish","format-standard","has-post-thumbnail","hentry","category-comunitat-de-grans","category-6e"],"post_mailing_queue_ids":[],"_links":{"self":[{"href":"https:\/\/agora.xtec.cat\/escolapacocandel\/wp-json\/wp\/v2\/posts\/7677","targetHints":{"allow":["GET"]}}],"collection":[{"href":"https:\/\/agora.xtec.cat\/escolapacocandel\/wp-json\/wp\/v2\/posts"}],"about":[{"href":"https:\/\/agora.xtec.cat\/escolapacocandel\/wp-json\/wp\/v2\/types\/post"}],"author":[{"embeddable":true,"href":"https:\/\/agora.xtec.cat\/escolapacocandel\/wp-json\/wp\/v2\/users\/20"}],"replies":[{"embeddable":true,"href":"https:\/\/agora.xtec.cat\/escolapacocandel\/wp-json\/wp\/v2\/comments?post=7677"}],"version-history":[{"count":2,"href":"https:\/\/agora.xtec.cat\/escolapacocandel\/wp-json\/wp\/v2\/posts\/7677\/revisions"}],"predecessor-version":[{"id":7687,"href":"https:\/\/agora.xtec.cat\/escolapacocandel\/wp-json\/wp\/v2\/posts\/7677\/revisions\/7687"}],"wp:featuredmedia":[{"embeddable":true,"href":"https:\/\/agora.xtec.cat\/escolapacocandel\/wp-json\/wp\/v2\/media\/7685"}],"wp:attachment":[{"href":"https:\/\/agora.xtec.cat\/escolapacocandel\/wp-json\/wp\/v2\/media?parent=7677"}],"wp:term":[{"taxonomy":"category","embeddable":true,"href":"https:\/\/agora.xtec.cat\/escolapacocandel\/wp-json\/wp\/v2\/categories?post=7677"},{"taxonomy":"post_tag","embeddable":true,"href":"https:\/\/agora.xtec.cat\/escolapacocandel\/wp-json\/wp\/v2\/tags?post=7677"}],"curies":[{"name":"wp","href":"https:\/\/api.w.org\/{rel}","templated":true}]}}