{"id":7655,"date":"2023-03-29T12:06:16","date_gmt":"2023-03-29T10:06:16","guid":{"rendered":"https:\/\/agora.xtec.cat\/escolapacocandel\/?p=7655"},"modified":"2023-11-09T13:47:04","modified_gmt":"2023-11-09T12:47:04","slug":"projecte-les-plantes","status":"publish","type":"post","link":"https:\/\/agora.xtec.cat\/escolapacocandel\/comunitat-de-mitjans\/2n\/projecte-les-plantes\/","title":{"rendered":"PROJECTE LES PLANTES"},"content":{"rendered":"<p>Benvolgudes fam\u00edlies de 2n,<\/p>\n<p>Aquest segon trimestre a les classes dels actors i les actrius i d&#8217;Egipte ens ha passat una cosa d&#8217;all\u00f2 m\u00e9s curiosa! Hem rebut la carta d&#8217;un extraterrestre, en\u00a0<span class=\"hiddenSpellError\">T\u00e8nix<\/span>\u00a0que ens demanava ajuda perqu\u00e8 al seu planeta s&#8217;est\u00e0 acabant l&#8217;oxigen i no tenen plantes.<\/p>\n<p><a href=\"https:\/\/agora.xtec.cat\/escolapacocandel\/wp-content\/uploads\/usu332\/2023\/03\/WhatsApp-Image-2023-03-29-at-12.01.48-2.jpeg\"><img loading=\"lazy\" decoding=\"async\" class=\"size-medium wp-image-7661 alignleft\" src=\"https:\/\/agora.xtec.cat\/escolapacocandel\/wp-content\/uploads\/usu332\/2023\/03\/WhatsApp-Image-2023-03-29-at-12.01.48-2-225x300.jpeg\" alt=\"\" width=\"225\" height=\"300\" srcset=\"https:\/\/agora.xtec.cat\/escolapacocandel\/wp-content\/uploads\/usu332\/2023\/03\/WhatsApp-Image-2023-03-29-at-12.01.48-2-225x300.jpeg 225w, https:\/\/agora.xtec.cat\/escolapacocandel\/wp-content\/uploads\/usu332\/2023\/03\/WhatsApp-Image-2023-03-29-at-12.01.48-2-768x1024.jpeg 768w, https:\/\/agora.xtec.cat\/escolapacocandel\/wp-content\/uploads\/usu332\/2023\/03\/WhatsApp-Image-2023-03-29-at-12.01.48-2-1152x1536.jpeg 1152w, https:\/\/agora.xtec.cat\/escolapacocandel\/wp-content\/uploads\/usu332\/2023\/03\/WhatsApp-Image-2023-03-29-at-12.01.48-2.jpeg 1200w\" sizes=\"auto, (max-width: 225px) 100vw, 225px\" \/><\/a><\/p>\n<p>Sense temps per perdre ens hem posat a investigar tot el que hem pogut sobre les plantes. Aix\u00f2 ens ha portat a observar molt el nostre entorn i&#8230;<br \/>\n&#8211; Hem descobert que hi ha arbres de fulla caduca i de fulla perenne al nostre pati.<br \/>\n&#8211; Hem conegut el cicle de vida de les plantes.<br \/>\n&#8211; Ja sabem que perqu\u00e8 una flor es converteixi en fruit abans ha de ser pol\u00b7linitzada.<br \/>\n&#8211; Tamb\u00e9 hem apr\u00e8s que hi ha molt\u00edssimes llavors i fulles diferents, d&#8217;on surten i qu\u00e8 sense llum no poden fabricar clorofil\u00b7la i s\u00f3n m\u00e9s p\u00e0l\u00b7lides.<br \/>\n&#8211; A m\u00e9s, tamb\u00e9 sabem que es fan el seu propi menjar: el proc\u00e9s s&#8217;anomena fotos\u00edntesi i en aquest deixen anar oxigen, aix\u00f2 que tant necessita el\u00a0<span class=\"hiddenSpellError\">T\u00e8nix<\/span>\u00a0i nosaltres!!!<\/p>\n<p>A m\u00e9s a m\u00e9s, com ja us vam comentar, a la sortida vam aprendre un munt de coses sobre les plantes arom\u00e0tiques i medicinals. I&#8230; durant el cam\u00ed alguns companys i companyes de la classe hem portat idees i v\u00eddeos compartint el que hav\u00edem plantat a casa i tamb\u00e9 hem decidit plantar-ho a la nostra classe, tot investigat en com s&#8217;havia de fer. Aix\u00ed doncs, hem plantat gira-sols, julivert, enciam i alvocats.<a href=\"https:\/\/agora.xtec.cat\/escolapacocandel\/wp-content\/uploads\/usu332\/2023\/03\/WhatsApp-Image-2023-03-29-at-12.01.48-1.jpeg\"><img loading=\"lazy\" decoding=\"async\" class=\"size-medium wp-image-7660 alignright\" src=\"https:\/\/agora.xtec.cat\/escolapacocandel\/wp-content\/uploads\/usu332\/2023\/03\/WhatsApp-Image-2023-03-29-at-12.01.48-1-225x300.jpeg\" alt=\"\" width=\"225\" height=\"300\" srcset=\"https:\/\/agora.xtec.cat\/escolapacocandel\/wp-content\/uploads\/usu332\/2023\/03\/WhatsApp-Image-2023-03-29-at-12.01.48-1-225x300.jpeg 225w, https:\/\/agora.xtec.cat\/escolapacocandel\/wp-content\/uploads\/usu332\/2023\/03\/WhatsApp-Image-2023-03-29-at-12.01.48-1-768x1024.jpeg 768w, https:\/\/agora.xtec.cat\/escolapacocandel\/wp-content\/uploads\/usu332\/2023\/03\/WhatsApp-Image-2023-03-29-at-12.01.48-1-1152x1536.jpeg 1152w, https:\/\/agora.xtec.cat\/escolapacocandel\/wp-content\/uploads\/usu332\/2023\/03\/WhatsApp-Image-2023-03-29-at-12.01.48-1.jpeg 1200w\" sizes=\"auto, (max-width: 225px) 100vw, 225px\" \/><\/a><\/p>\n<p>Hem decidit que vol\u00edem plantar a l&#8217;hort de l&#8217;escola i hem hagut de treballar de valent per veure que hi pod\u00edem plantar per l&#8217;\u00e8poca de l&#8217;any que \u00e9s, quant ens costaria i quin espai necessita cada planta. Finalment, hem decidit que aprofitarem els planters que ha preparat l&#8217;alumnat de 6\u00e8. El cuidarem a casa durant les vacances de Pasqua i en tornar ho trasplantarem a l&#8217;hort de la nostra escola, esperant que creixi tot per poder recollir els fruits al tercer trimestre.<\/p>\n<p><a href=\"https:\/\/agora.xtec.cat\/escolapacocandel\/wp-content\/uploads\/usu332\/2023\/03\/WhatsApp-Image-2023-03-29-at-12.01.48-3.jpeg\"><img loading=\"lazy\" decoding=\"async\" class=\"size-medium wp-image-7659 alignleft\" src=\"https:\/\/agora.xtec.cat\/escolapacocandel\/wp-content\/uploads\/usu332\/2023\/03\/WhatsApp-Image-2023-03-29-at-12.01.48-3-225x300.jpeg\" alt=\"\" width=\"225\" height=\"300\" srcset=\"https:\/\/agora.xtec.cat\/escolapacocandel\/wp-content\/uploads\/usu332\/2023\/03\/WhatsApp-Image-2023-03-29-at-12.01.48-3-225x300.jpeg 225w, https:\/\/agora.xtec.cat\/escolapacocandel\/wp-content\/uploads\/usu332\/2023\/03\/WhatsApp-Image-2023-03-29-at-12.01.48-3-768x1024.jpeg 768w, https:\/\/agora.xtec.cat\/escolapacocandel\/wp-content\/uploads\/usu332\/2023\/03\/WhatsApp-Image-2023-03-29-at-12.01.48-3-1152x1536.jpeg 1152w, https:\/\/agora.xtec.cat\/escolapacocandel\/wp-content\/uploads\/usu332\/2023\/03\/WhatsApp-Image-2023-03-29-at-12.01.48-3.jpeg 1200w\" sizes=\"auto, (max-width: 225px) 100vw, 225px\" \/><\/a><\/p>\n<p>Hem acabat el projecte amb un taller d&#8217;experimentaci\u00f3 amb tints naturals. Hem utilitzat la remolatxa, espinacs, caf\u00e8 i fruits vermells. Ens ha agradat molt\u00edssim i ens han quedat unes samarretes molt maques per la primavera.<\/p>\n<p>&nbsp;<\/p>\n<p><a href=\"https:\/\/agora.xtec.cat\/escolapacocandel\/wp-content\/uploads\/usu332\/2023\/03\/WhatsApp-Image-2023-03-29-at-12.01.37.jpeg\"><img loading=\"lazy\" decoding=\"async\" class=\"alignnone size-medium wp-image-7658\" src=\"https:\/\/agora.xtec.cat\/escolapacocandel\/wp-content\/uploads\/usu332\/2023\/03\/WhatsApp-Image-2023-03-29-at-12.01.37-225x300.jpeg\" alt=\"\" width=\"225\" height=\"300\" srcset=\"https:\/\/agora.xtec.cat\/escolapacocandel\/wp-content\/uploads\/usu332\/2023\/03\/WhatsApp-Image-2023-03-29-at-12.01.37-225x300.jpeg 225w, https:\/\/agora.xtec.cat\/escolapacocandel\/wp-content\/uploads\/usu332\/2023\/03\/WhatsApp-Image-2023-03-29-at-12.01.37-768x1024.jpeg 768w, https:\/\/agora.xtec.cat\/escolapacocandel\/wp-content\/uploads\/usu332\/2023\/03\/WhatsApp-Image-2023-03-29-at-12.01.37-1152x1536.jpeg 1152w, https:\/\/agora.xtec.cat\/escolapacocandel\/wp-content\/uploads\/usu332\/2023\/03\/WhatsApp-Image-2023-03-29-at-12.01.37.jpeg 1200w\" sizes=\"auto, (max-width: 225px) 100vw, 225px\" \/><\/a><\/p>\n<p>Aqu\u00ed us deixem un tastet d&#8217;algunes propostes que hem anat fent:<\/p>\n<p><a href=\"https:\/\/agora.xtec.cat\/escolapacocandel\/fotos-privat\/fotos-projecte-plantes\/\">FOTOS<\/a><\/p>\n","protected":false},"excerpt":{"rendered":"<p>Benvolgudes fam\u00edlies de 2n,<br \/>\nAquest segon trimestre a les classes dels actors i les actrius i d&#8217;Egipte ens ha passat una cosa d&#8217;all\u00f2 m\u00e9s curiosa! Hem rebut la carta d&#8217;un extraterrestre, en\u00a0T\u00e8nix\u00a0que ens demanava ajuda perqu\u00e8 al seu planeta s&#8217;est\u00e0 acabant l&#8217;oxigen i no tenen plantes.<br \/>\n<a&hellip;  <a href=\"https:\/\/agora.xtec.cat\/escolapacocandel\/comunitat-de-mitjans\/2n\/projecte-les-plantes\/\" title=\"Read PROJECTE LES PLANTES\">Llegeix m\u00e9s\u00bb<\/a><\/p>\n","protected":false},"author":1,"featured_media":7663,"comment_status":"open","ping_status":"closed","sticky":false,"template":"","format":"standard","meta":{"_bbp_topic_count":0,"_bbp_reply_count":0,"_bbp_total_topic_count":0,"_bbp_total_reply_count":0,"_bbp_voice_count":0,"_bbp_anonymous_reply_count":0,"_bbp_topic_count_hidden":0,"_bbp_reply_count_hidden":0,"_bbp_forum_subforum_count":0,"footnotes":""},"categories":[137],"tags":[],"class_list":["post-7655","post","type-post","status-publish","format-standard","has-post-thumbnail","hentry","category-2n"],"post_mailing_queue_ids":[],"_links":{"self":[{"href":"https:\/\/agora.xtec.cat\/escolapacocandel\/wp-json\/wp\/v2\/posts\/7655","targetHints":{"allow":["GET"]}}],"collection":[{"href":"https:\/\/agora.xtec.cat\/escolapacocandel\/wp-json\/wp\/v2\/posts"}],"about":[{"href":"https:\/\/agora.xtec.cat\/escolapacocandel\/wp-json\/wp\/v2\/types\/post"}],"author":[{"embeddable":true,"href":"https:\/\/agora.xtec.cat\/escolapacocandel\/wp-json\/wp\/v2\/users\/1"}],"replies":[{"embeddable":true,"href":"https:\/\/agora.xtec.cat\/escolapacocandel\/wp-json\/wp\/v2\/comments?post=7655"}],"version-history":[{"count":3,"href":"https:\/\/agora.xtec.cat\/escolapacocandel\/wp-json\/wp\/v2\/posts\/7655\/revisions"}],"predecessor-version":[{"id":7676,"href":"https:\/\/agora.xtec.cat\/escolapacocandel\/wp-json\/wp\/v2\/posts\/7655\/revisions\/7676"}],"wp:featuredmedia":[{"embeddable":true,"href":"https:\/\/agora.xtec.cat\/escolapacocandel\/wp-json\/wp\/v2\/media\/7663"}],"wp:attachment":[{"href":"https:\/\/agora.xtec.cat\/escolapacocandel\/wp-json\/wp\/v2\/media?parent=7655"}],"wp:term":[{"taxonomy":"category","embeddable":true,"href":"https:\/\/agora.xtec.cat\/escolapacocandel\/wp-json\/wp\/v2\/categories?post=7655"},{"taxonomy":"post_tag","embeddable":true,"href":"https:\/\/agora.xtec.cat\/escolapacocandel\/wp-json\/wp\/v2\/tags?post=7655"}],"curies":[{"name":"wp","href":"https:\/\/api.w.org\/{rel}","templated":true}]}}