{"id":7650,"date":"2023-03-31T12:11:10","date_gmt":"2023-03-31T10:11:10","guid":{"rendered":"https:\/\/agora.xtec.cat\/escolapacocandel\/?p=7650"},"modified":"2023-03-31T12:11:10","modified_gmt":"2023-03-31T10:11:10","slug":"projecte-el-cos-huma-3r-de-primaria","status":"publish","type":"post","link":"https:\/\/agora.xtec.cat\/escolapacocandel\/general\/projecte-el-cos-huma-3r-de-primaria\/","title":{"rendered":"Projecte El cos hum\u00e0 3r de Prim\u00e0ria"},"content":{"rendered":"<p>Benvolgudes fam\u00edlies de l&#8217;Univers i el Cinema.<\/p>\n<p>Aquest segon trimestre hem estat investigant i descobrint com funciona el nostre cos hum\u00e0 a trav\u00e9s d&#8217;alguns aparells que l&#8217;integren.<\/p>\n<p>Vam iniciar el projecte dibuixant la seva silueta i el que pensaven que hi havia dins, com estava connectat, com funcionava&#8230; Aquesta provocaci\u00f3 els va despertar molta curiositat per con\u00e8ixer-ne m\u00e9s.<\/p>\n<p>A trav\u00e9s de diferents propostes han anat coneixent com funcionen l&#8217;aparell circulatori, l&#8217;aparell digestiu, l&#8217;aparell locomotor, el sistema nervi\u00f3s i l&#8217;aparell respiratori.<\/p>\n<p>Ens vam iniciar amb l&#8217;aparell locomotor i vam descobrir que \u00e9s una &#8220;gran armadura&#8221; que protegeix els nostres \u00f2rgans m\u00e9s importants. Tamb\u00e9 hem vist radiografies de diferents parts del cos. Molts dels nostres infants n&#8217;havien vist de quan van al dentista a fer-se les revisions.<\/p>\n<p>Va seguir l&#8217;aparell digestiu i hem vist el recorregut TAN LLARG que fan els aliments des de que entren per la boca fins que surten per l&#8217;anus. Vam con\u00e8ixer tamb\u00e9 les diferents dents que tenim a la boca i que algunes les canviem i d&#8217;altres no. Vam fer tamb\u00e9 un dia d&#8217;esmorzar amb calma, mastegant i prenent consci\u00e8ncia de com masteguem, que fa la nostra llengua, queixals&#8230;<\/p>\n<p>Per iniciar l&#8217;aparell respiratori vam fer una maqueta amb botelles d&#8217;aigua, canyetes, un guant de l\u00e0tex i globus. Tots aquests objectes simbolitzaven les parts principals d&#8217;aquest aparell.<\/p>\n<p>Amb l&#8217;aparell circulatori hem vist com funciona el nostre cor quan batega i com transporta la sang per tot el cos, una part oxigenada i l&#8217;altra desoxigenada.<\/p>\n<p>Finalment, hem conegut el sistema nervi\u00f3s i hem descobert la gran tasca que fa gr\u00e0cies als sentits que tenim que l&#8217;ajuden a interpretar la informaci\u00f3 que capten: vista, o\u00efda, olfacte, gust i tacte.<\/p>\n<p>El taller FUNBRAIN ens va ajudar a visualitzar com els nostres sentits ens ajuden a entendre el m\u00f3n que ens envolta.<\/p>\n<p>Aqu\u00ed us deixem un recull d&#8217;imatges per a que pugueu donar una ullada a la nostra feina.<\/p>\n<p>&nbsp;<\/p>\n<p><a href=\"https:\/\/agora.xtec.cat\/escolapacocandel\/general\/fotos-cos-huma-3r\/\">IMATGES<\/a><\/p>\n","protected":false},"excerpt":{"rendered":"<p>Benvolgudes fam\u00edlies de l&#8217;Univers i el Cinema.<br \/>\nAquest segon trimestre hem estat investigant i descobrint com funciona el nostre cos hum\u00e0 a trav\u00e9s d&#8217;alguns aparells que l&#8217;integren.<br \/>\nVam iniciar el projecte dibuixant la seva silueta i el que pensaven que hi havia dins, com estava connectat, com&hellip;  <a href=\"https:\/\/agora.xtec.cat\/escolapacocandel\/general\/projecte-el-cos-huma-3r-de-primaria\/\" title=\"Read Projecte El cos hum\u00e0 3r de Prim\u00e0ria\">Llegeix m\u00e9s\u00bb<\/a><\/p>\n","protected":false},"author":1,"featured_media":0,"comment_status":"open","ping_status":"closed","sticky":false,"template":"","format":"standard","meta":{"_bbp_topic_count":0,"_bbp_reply_count":0,"_bbp_total_topic_count":0,"_bbp_total_reply_count":0,"_bbp_voice_count":0,"_bbp_anonymous_reply_count":0,"_bbp_topic_count_hidden":0,"_bbp_reply_count_hidden":0,"_bbp_forum_subforum_count":0,"footnotes":""},"categories":[127,1,141],"tags":[],"class_list":["post-7650","post","type-post","status-publish","format-standard","hentry","category-comunitat-de-mitjans","category-general","category-3r"],"post_mailing_queue_ids":[],"_links":{"self":[{"href":"https:\/\/agora.xtec.cat\/escolapacocandel\/wp-json\/wp\/v2\/posts\/7650","targetHints":{"allow":["GET"]}}],"collection":[{"href":"https:\/\/agora.xtec.cat\/escolapacocandel\/wp-json\/wp\/v2\/posts"}],"about":[{"href":"https:\/\/agora.xtec.cat\/escolapacocandel\/wp-json\/wp\/v2\/types\/post"}],"author":[{"embeddable":true,"href":"https:\/\/agora.xtec.cat\/escolapacocandel\/wp-json\/wp\/v2\/users\/1"}],"replies":[{"embeddable":true,"href":"https:\/\/agora.xtec.cat\/escolapacocandel\/wp-json\/wp\/v2\/comments?post=7650"}],"version-history":[{"count":3,"href":"https:\/\/agora.xtec.cat\/escolapacocandel\/wp-json\/wp\/v2\/posts\/7650\/revisions"}],"predecessor-version":[{"id":7737,"href":"https:\/\/agora.xtec.cat\/escolapacocandel\/wp-json\/wp\/v2\/posts\/7650\/revisions\/7737"}],"wp:attachment":[{"href":"https:\/\/agora.xtec.cat\/escolapacocandel\/wp-json\/wp\/v2\/media?parent=7650"}],"wp:term":[{"taxonomy":"category","embeddable":true,"href":"https:\/\/agora.xtec.cat\/escolapacocandel\/wp-json\/wp\/v2\/categories?post=7650"},{"taxonomy":"post_tag","embeddable":true,"href":"https:\/\/agora.xtec.cat\/escolapacocandel\/wp-json\/wp\/v2\/tags?post=7650"}],"curies":[{"name":"wp","href":"https:\/\/api.w.org\/{rel}","templated":true}]}}