{"id":7622,"date":"2023-03-25T19:08:17","date_gmt":"2023-03-25T18:08:17","guid":{"rendered":"https:\/\/agora.xtec.cat\/escolapacocandel\/?p=7622"},"modified":"2023-11-09T13:47:34","modified_gmt":"2023-11-09T12:47:34","slug":"educacio-fisica-2n-2n-trim","status":"publish","type":"post","link":"https:\/\/agora.xtec.cat\/escolapacocandel\/general\/educacio-fisica-2n-2n-trim\/","title":{"rendered":"EF Segon 2n trim"},"content":{"rendered":"<p><a href=\"https:\/\/agora.xtec.cat\/escolapacocandel\/wp-content\/uploads\/usu332\/2023\/03\/Foto-de-Sheila-G-da-E-1.jpg\"><img loading=\"lazy\" decoding=\"async\" class=\"alignnone wp-image-7635\" src=\"https:\/\/agora.xtec.cat\/escolapacocandel\/wp-content\/uploads\/usu332\/2023\/03\/Foto-de-Sheila-G-da-E-1-1024x768.jpg\" alt=\"\" width=\"421\" height=\"316\" srcset=\"https:\/\/agora.xtec.cat\/escolapacocandel\/wp-content\/uploads\/usu332\/2023\/03\/Foto-de-Sheila-G-da-E-1-1024x768.jpg 1024w, https:\/\/agora.xtec.cat\/escolapacocandel\/wp-content\/uploads\/usu332\/2023\/03\/Foto-de-Sheila-G-da-E-1-300x225.jpg 300w, https:\/\/agora.xtec.cat\/escolapacocandel\/wp-content\/uploads\/usu332\/2023\/03\/Foto-de-Sheila-G-da-E-1-768x576.jpg 768w, https:\/\/agora.xtec.cat\/escolapacocandel\/wp-content\/uploads\/usu332\/2023\/03\/Foto-de-Sheila-G-da-E-1-1536x1152.jpg 1536w, https:\/\/agora.xtec.cat\/escolapacocandel\/wp-content\/uploads\/usu332\/2023\/03\/Foto-de-Sheila-G-da-E-1-200x150.jpg 200w, https:\/\/agora.xtec.cat\/escolapacocandel\/wp-content\/uploads\/usu332\/2023\/03\/Foto-de-Sheila-G-da-E-1.jpg 1600w\" sizes=\"auto, (max-width: 421px) 100vw, 421px\" \/><\/a><\/p>\n<p>Aquest trimestre l\u2019alumnat de 2n ha treballat l\u2019Expressi\u00f3 i la comunicaci\u00f3 corporal l\u2019han treballat amb diferents, jocs i activitats. Algunes activitats com la m\u00edmica, fer representacions de n\u00fameros en grup amb el cos, ioga o el ball de Carnestoltes afavoreixen i milloren aquesta expressi\u00f3 i comunicaci\u00f3.<\/p>\n<p>La setmana d\u2019art hem parlat de Picasso i la seva relaci\u00f3 amb el Circ, i en fet propostes relacionades amb el circ, una altra forma d\u2019Expressi\u00f3 i comunicaci\u00f3 corporal.<\/p>\n<p>Aqu\u00ed un petit recull d\u2019imatges del trimestre de les sessions d\u2019Educaci\u00f3 F\u00edsica:<\/p>\n<blockquote class=\"wp-embedded-content\" data-secret=\"QtZ8O0K85w\"><p><a href=\"https:\/\/agora.xtec.cat\/escolapacocandel\/fotos-privat\/fotos-ef-2n-2n-trim\/\">Protegit: Fotos EF 2n 2n trim<\/a><\/p><\/blockquote>\n<p><iframe loading=\"lazy\" class=\"wp-embedded-content\" sandbox=\"allow-scripts\" security=\"restricted\" style=\"position: absolute; clip: rect(1px, 1px, 1px, 1px);\" title=\"&#8220;Protegit: Fotos EF 2n 2n trim&#8221; &#8212; Escola Paco Candel\" src=\"https:\/\/agora.xtec.cat\/escolapacocandel\/fotos-privat\/fotos-ef-2n-2n-trim\/embed\/#?secret=5KGIUnuy72#?secret=QtZ8O0K85w\" data-secret=\"QtZ8O0K85w\" width=\"500\" height=\"282\" frameborder=\"0\" marginwidth=\"0\" marginheight=\"0\" scrolling=\"no\"><\/iframe><\/p>\n","protected":false},"excerpt":{"rendered":"<p><a href=\"https:\/\/agora.xtec.cat\/escolapacocandel\/wp-content\/uploads\/usu332\/2023\/03\/Foto-de-Sheila-G-da-E-1.jpg\"><\/a><br \/>\nAquest trimestre l\u2019alumnat de 2n ha treballat l\u2019Expressi\u00f3 i la comunicaci\u00f3 corporal l\u2019han treballat amb diferents, jocs i activitats. Algunes activitats com la m\u00edmica, fer representacions de n\u00fameros en grup amb el cos, ioga o el ball de Carnestoltes afavoreixen i milloren aquesta expressi\u00f3&hellip;  <a href=\"https:\/\/agora.xtec.cat\/escolapacocandel\/general\/educacio-fisica-2n-2n-trim\/\" title=\"Read EF Segon 2n trim\">Llegeix m\u00e9s\u00bb<\/a><\/p>\n","protected":false},"author":25,"featured_media":7635,"comment_status":"open","ping_status":"closed","sticky":false,"template":"","format":"standard","meta":{"_bbp_topic_count":0,"_bbp_reply_count":0,"_bbp_total_topic_count":0,"_bbp_total_reply_count":0,"_bbp_voice_count":0,"_bbp_anonymous_reply_count":0,"_bbp_topic_count_hidden":0,"_bbp_reply_count_hidden":0,"_bbp_forum_subforum_count":0,"footnotes":""},"categories":[127,1,137],"tags":[],"class_list":["post-7622","post","type-post","status-publish","format-standard","has-post-thumbnail","hentry","category-comunitat-de-mitjans","category-general","category-2n"],"post_mailing_queue_ids":[],"_links":{"self":[{"href":"https:\/\/agora.xtec.cat\/escolapacocandel\/wp-json\/wp\/v2\/posts\/7622","targetHints":{"allow":["GET"]}}],"collection":[{"href":"https:\/\/agora.xtec.cat\/escolapacocandel\/wp-json\/wp\/v2\/posts"}],"about":[{"href":"https:\/\/agora.xtec.cat\/escolapacocandel\/wp-json\/wp\/v2\/types\/post"}],"author":[{"embeddable":true,"href":"https:\/\/agora.xtec.cat\/escolapacocandel\/wp-json\/wp\/v2\/users\/25"}],"replies":[{"embeddable":true,"href":"https:\/\/agora.xtec.cat\/escolapacocandel\/wp-json\/wp\/v2\/comments?post=7622"}],"version-history":[{"count":3,"href":"https:\/\/agora.xtec.cat\/escolapacocandel\/wp-json\/wp\/v2\/posts\/7622\/revisions"}],"predecessor-version":[{"id":7643,"href":"https:\/\/agora.xtec.cat\/escolapacocandel\/wp-json\/wp\/v2\/posts\/7622\/revisions\/7643"}],"wp:featuredmedia":[{"embeddable":true,"href":"https:\/\/agora.xtec.cat\/escolapacocandel\/wp-json\/wp\/v2\/media\/7635"}],"wp:attachment":[{"href":"https:\/\/agora.xtec.cat\/escolapacocandel\/wp-json\/wp\/v2\/media?parent=7622"}],"wp:term":[{"taxonomy":"category","embeddable":true,"href":"https:\/\/agora.xtec.cat\/escolapacocandel\/wp-json\/wp\/v2\/categories?post=7622"},{"taxonomy":"post_tag","embeddable":true,"href":"https:\/\/agora.xtec.cat\/escolapacocandel\/wp-json\/wp\/v2\/tags?post=7622"}],"curies":[{"name":"wp","href":"https:\/\/api.w.org\/{rel}","templated":true}]}}