{"id":7593,"date":"2023-03-25T15:43:43","date_gmt":"2023-03-25T14:43:43","guid":{"rendered":"https:\/\/agora.xtec.cat\/escolapacocandel\/?p=7593"},"modified":"2023-03-25T19:51:12","modified_gmt":"2023-03-25T18:51:12","slug":"danses-1r","status":"publish","type":"post","link":"https:\/\/agora.xtec.cat\/escolapacocandel\/general\/danses-1r\/","title":{"rendered":"Danses 1r"},"content":{"rendered":"<p><a href=\"https:\/\/agora.xtec.cat\/escolapacocandel\/wp-content\/uploads\/usu332\/2023\/03\/IMG-20230324-WA0075-1.jpg\"><img loading=\"lazy\" decoding=\"async\" class=\"alignnone wp-image-7611\" src=\"https:\/\/agora.xtec.cat\/escolapacocandel\/wp-content\/uploads\/usu332\/2023\/03\/IMG-20230324-WA0075-1.jpg\" alt=\"\" width=\"285\" height=\"214\" srcset=\"https:\/\/agora.xtec.cat\/escolapacocandel\/wp-content\/uploads\/usu332\/2023\/03\/IMG-20230324-WA0075-1.jpg 1024w, https:\/\/agora.xtec.cat\/escolapacocandel\/wp-content\/uploads\/usu332\/2023\/03\/IMG-20230324-WA0075-1-300x225.jpg 300w, https:\/\/agora.xtec.cat\/escolapacocandel\/wp-content\/uploads\/usu332\/2023\/03\/IMG-20230324-WA0075-1-768x576.jpg 768w, https:\/\/agora.xtec.cat\/escolapacocandel\/wp-content\/uploads\/usu332\/2023\/03\/IMG-20230324-WA0075-1-200x150.jpg 200w\" sizes=\"auto, (max-width: 285px) 100vw, 285px\" \/><\/a><\/p>\n<p>D\u2019en\u00e7\u00e0 ja fa uns anys, la nostra escola participa a la Canalla balla. Es tracta d\u2019una activitat dels seminaris de mestres de les especialitats de m\u00fasica i educaci\u00f3 f\u00edsica conjuntament, i amb la col\u00b7laboraci\u00f3 de l\u2019EMCA del municipi.<\/p>\n<p>Aquesta trobada dansaire s\u2019ha realitzat el divendres 24 de mar\u00e7 al Camp Municipal de F\u00fatbol de L\u2019Hospitalet. En ella han participat les nenes i els nens de 1r de prim\u00e0ria d\u2019un bon nombre d\u2019escoles, i nosaltres!!<\/p>\n<p>L\u2019alumnat ha preparat llarg del trimestre 4 danses; la primera que han fet ha estat Wonderer despr\u00e9s Babamanouche Beautiful Love de Alberto Bello, Love on the brain de Rihanna, Nostra senyora de Bellvitge i finalment el professorat ha fet la dansa de The jolly seven de l\u2019prquestra Ministrils. Entre danses, alumnes de l\u2019EMCA feien petites escenificacions teatrals.<\/p>\n<p>Ha estat una tarda meravellosa on les fam\u00edlies han pogut gaudir de m\u00fasica en directe i dels seus fills i filles ballant.<\/p>\n<p>Us deixem un petit recull d\u2019imatges de la tarda viscuda.<\/p>\n<blockquote class=\"wp-embedded-content\" data-secret=\"VtKqaxAgkZ\"><p><a href=\"https:\/\/agora.xtec.cat\/escolapacocandel\/general\/fotos-la-canalla-balla\/\">Protegit: FOTOS la Canalla Balla<\/a><\/p><\/blockquote>\n<p><iframe loading=\"lazy\" class=\"wp-embedded-content\" sandbox=\"allow-scripts\" security=\"restricted\" style=\"position: absolute; clip: rect(1px, 1px, 1px, 1px);\" title=\"&#8220;Protegit: FOTOS la Canalla Balla&#8221; &#8212; Escola Paco Candel\" src=\"https:\/\/agora.xtec.cat\/escolapacocandel\/general\/fotos-la-canalla-balla\/embed\/#?secret=ETROYPmGqy#?secret=VtKqaxAgkZ\" data-secret=\"VtKqaxAgkZ\" width=\"500\" height=\"282\" frameborder=\"0\" marginwidth=\"0\" marginheight=\"0\" scrolling=\"no\"><\/iframe><\/p>\n<p>I la noticia a la televisi\u00f3 de L&#8217;Hospitalet:<\/p>\n<p>https:\/\/lhdigital.cat\/web\/digital-h\/veure-multimedia?xarxaId=e4f22c0f-8286-f38b-572e-5a2af3409874&#038;vimeoId=undefined&#038;video=&#038;titol=Les%20escoles%20se%20sumen%20a%20la%20Quinzena%20metropolitana%20de%20dansa<\/p>\n<p>Fins la propera!!!<\/p>\n","protected":false},"excerpt":{"rendered":"<p><a href=\"https:\/\/agora.xtec.cat\/escolapacocandel\/wp-content\/uploads\/usu332\/2023\/03\/IMG-20230324-WA0075-1.jpg\"><\/a><br \/>\nD\u2019en\u00e7\u00e0 ja fa uns anys, la nostra escola participa a la Canalla balla. Es tracta d\u2019una activitat dels seminaris de mestres de les especialitats de m\u00fasica i educaci\u00f3 f\u00edsica conjuntament, i amb la col\u00b7laboraci\u00f3 de l\u2019EMCA del municipi.<br \/>\nAquesta trobada dansaire s\u2019ha realitzat el divendres&hellip;  <a href=\"https:\/\/agora.xtec.cat\/escolapacocandel\/general\/danses-1r\/\" title=\"Read Danses 1r\">Llegeix m\u00e9s\u00bb<\/a><\/p>\n","protected":false},"author":25,"featured_media":7606,"comment_status":"open","ping_status":"closed","sticky":false,"template":"","format":"standard","meta":{"_bbp_topic_count":0,"_bbp_reply_count":0,"_bbp_total_topic_count":0,"_bbp_total_reply_count":0,"_bbp_voice_count":0,"_bbp_anonymous_reply_count":0,"_bbp_topic_count_hidden":0,"_bbp_reply_count_hidden":0,"_bbp_forum_subforum_count":0,"footnotes":""},"categories":[127,1,141],"tags":[],"class_list":["post-7593","post","type-post","status-publish","format-standard","has-post-thumbnail","hentry","category-comunitat-de-mitjans","category-general","category-3r"],"post_mailing_queue_ids":[],"_links":{"self":[{"href":"https:\/\/agora.xtec.cat\/escolapacocandel\/wp-json\/wp\/v2\/posts\/7593","targetHints":{"allow":["GET"]}}],"collection":[{"href":"https:\/\/agora.xtec.cat\/escolapacocandel\/wp-json\/wp\/v2\/posts"}],"about":[{"href":"https:\/\/agora.xtec.cat\/escolapacocandel\/wp-json\/wp\/v2\/types\/post"}],"author":[{"embeddable":true,"href":"https:\/\/agora.xtec.cat\/escolapacocandel\/wp-json\/wp\/v2\/users\/25"}],"replies":[{"embeddable":true,"href":"https:\/\/agora.xtec.cat\/escolapacocandel\/wp-json\/wp\/v2\/comments?post=7593"}],"version-history":[{"count":3,"href":"https:\/\/agora.xtec.cat\/escolapacocandel\/wp-json\/wp\/v2\/posts\/7593\/revisions"}],"predecessor-version":[{"id":7612,"href":"https:\/\/agora.xtec.cat\/escolapacocandel\/wp-json\/wp\/v2\/posts\/7593\/revisions\/7612"}],"wp:featuredmedia":[{"embeddable":true,"href":"https:\/\/agora.xtec.cat\/escolapacocandel\/wp-json\/wp\/v2\/media\/7606"}],"wp:attachment":[{"href":"https:\/\/agora.xtec.cat\/escolapacocandel\/wp-json\/wp\/v2\/media?parent=7593"}],"wp:term":[{"taxonomy":"category","embeddable":true,"href":"https:\/\/agora.xtec.cat\/escolapacocandel\/wp-json\/wp\/v2\/categories?post=7593"},{"taxonomy":"post_tag","embeddable":true,"href":"https:\/\/agora.xtec.cat\/escolapacocandel\/wp-json\/wp\/v2\/tags?post=7593"}],"curies":[{"name":"wp","href":"https:\/\/api.w.org\/{rel}","templated":true}]}}